{"id":216699,"date":"2024-04-01T09:00:00","date_gmt":"2024-04-01T08:00:00","guid":{"rendered":"http:\/\/www.tucomarca.com\/wordpress\/segunda\/?p=216699"},"modified":"2024-04-26T15:57:20","modified_gmt":"2024-04-26T13:57:20","slug":"quaranta-joves-coneixen-cultura-i-territori-de-la-serrania-amb-la-diputacio-de-valencia-i-lassociacio-expedicio-juvenil-cavanilles","status":"publish","type":"post","link":"https:\/\/tucomarca.whitekongsoftware.com\/ca\/quaranta-joves-coneixen-cultura-i-territori-de-la-serrania-amb-la-diputacio-de-valencia-i-lassociacio-expedicio-juvenil-cavanilles\/","title":{"rendered":"Quaranta joves coneixen cultura i territori de la Serrania amb la Diputaci\u00f3 de Val\u00e8ncia i l&#8217;Associaci\u00f3 Expedici\u00f3 Juvenil Cavanilles\u00a0"},"content":{"rendered":"\n<h3 class=\"wp-block-heading\">L&#8217;1 d&#8217;abril part una nova edici\u00f3 de Cavanilles Explora, activitat gratu\u00efta de coneixement del territori rural valenci\u00e0 que recorrer\u00e0 part del sender GR57 entre la Yesa, Alpuente, Titaguas i Aras de los Olmos.<\/h3>\n\n\n\n<p class=\"wp-block-paragraph\">L&#8217;\u00e0rea de Desenvolupament Rural i Despoblaci\u00f3n de la Diputaci\u00f3 de Val\u00e8ncia, dirigida per Avelino Mascarell, s&#8217;ha unit a l&#8217;Associaci\u00f3 Expedici\u00f3 Juvenil Cavanilles per a impulsar la \u2018Expedici\u00f3 *Cavanilles\u2019, una iniciativa que t\u00e9 com a objectiu donar a con\u00e9ixer el territori rural valenci\u00e0, que celebra en 2024 la seua segona edici\u00f3.<\/p>\n\n\n\n<p class=\"wp-block-paragraph\">L&#8217;expedici\u00f3 partir\u00e0 el dilluns 1 d&#8217;abril per rec\u00f3rrer els municipis de la Yesa, Alpuente, Titaguas i Aras de los Olmos, tots pertanyents a la comarca de la Serrania, seguint el recorregut del sender europeu GR57, i pernoctant en espais habilitats gr\u00e0cies a la col\u00b7laboraci\u00f3 dels ajuntaments dels propis municipis.<\/p>\n\n\n\n<p class=\"wp-block-paragraph\">La Diputaci\u00f3, a m\u00e9s de donar suport a la iniciativa a trav\u00e9s de les ajudes a projectes de dinamitzaci\u00f3 socioecon\u00f2mica de territoris rurals, tindr\u00e0 pres\u00e8ncia destacada en la segona jornada de ruta, la qual discorrer\u00e0 en el terme de la Yesa.<\/p>\n\n\n\n<p class=\"wp-block-paragraph\">Aix\u00ed, personal t\u00e8cnic del Consorci Provincial de Bombers explicar\u00e0 als assistents els treballs de prevenci\u00f3 d&#8217;incendis i silvicutura que duen a terme les Brigades Forestals; mentres que des del departament de Desenvolupament Rural i Despoblaci\u00f3 es donaran a con\u00e9ixer les actuacions que la Diputaci\u00f3 impulsa en mat\u00e8ries com l&#8217;emprenedoria rural, la millora de la mobilitat rural o el finan\u00e7ament dels municipis en risc de despoblaci\u00f3.<\/p>\n\n\n\n<p class=\"wp-block-paragraph\">El diputat de Medi Ambient, Prevenci\u00f3 de Riscos Forestals i Desenvolupament Rural, Avelino Mascarell, afirma que \u201cels joves participants en l&#8217;expedici\u00f3 s\u00f3n els futurs guardians, ambaixadors, turistes i habitants de la nostra riquesa interior\u201d, i destaca que \u201cexperi\u00e8ncies com la d&#8217;Expedici\u00f3 Cavanilles contribu\u00efxen a dinamitzar les economies locals, permeten els joves con\u00e9ixer la realitat del m\u00f3n rural valenci\u00e0 explicada de primera m\u00e0 pels seus habitants, i ajuden a descobrir paisatges de gran valor que tenim en el nostre territori\u201d.<\/p>\n\n\n\n<p class=\"wp-block-paragraph\"><strong>Promoci\u00f3 del patrimoni de la prov\u00edncia<\/strong><\/p>\n\n\n\n<p class=\"wp-block-paragraph\">L&#8217;Expedici\u00f3 Cavanilles permet a joves de tota la Comunitat Valenciana con\u00e9ixer de prop el patrimoni natural, cultural i monumental de la comarca valenciana de la Serran\u00eda, a trav\u00e9s d&#8217;un complet programa que inclou, entre altres d&#8217;altres activitats, visites guiades a esgl\u00e9sies, castells, museus, monuments i jaciments de petjades de dinosaures, observatoris astron\u00f2mics, tallers i xarrades informatives o recepcions als ajuntaments.<\/p>\n\n\n\n<p class=\"wp-block-paragraph\">Un dels objectius de l&#8217;Associaci\u00f3 Expedici\u00f3 Juvenil Cavanilles\u00e9s \u201ctransmetre i ensenyar a la joventut valenciana el ric patrimoni cultural i social de la Comunitat Valenciana, sense oblidar el nostre afany per conscienciar i formar a les noves generacions en la diversitat de valors socials amb l&#8217;objectiu d&#8217;aconseguir una societat m\u00e9s ecol\u00f2gica, cooperativa, compromesa i inclusiva\u201d.&nbsp;<\/p>\n\n\n\n<p class=\"wp-block-paragraph\">La prov\u00edncia de Val\u00e8ncia compta amb 62 municipis en risc de despoblaci\u00f3, segons els criteris demogr\u00e0fics tinguts en compte per la Generalitat per a la inclusi\u00f3 al Fons de Cooperaci\u00f3 Municipal antidespoblaci\u00f3 que l&#8217;any passat va aportar, entre Diputaci\u00f3 i Generalitat, m\u00e9s de 3,6 milions d&#8217;euros als pressupostos dels municipis rurals valencians.<\/p>\n\n\n\n<p class=\"wp-block-paragraph\"><\/p>\n","protected":false},"excerpt":{"rendered":"<div class=\"mh-excerpt\">L&#8217;1 d&#8217;abril part una nova edici\u00f3 de Cavanilles Explora, activitat gratu\u00efta de coneixement del territori rural valenci\u00e0 que recorrer\u00e0 part del sender GR57 entre la Yesa, Alpuente, Titaguas i Aras de los Olmos. L&#8217;\u00e0rea de <a class=\"mh-excerpt-more\" href=\"https:\/\/tucomarca.whitekongsoftware.com\/ca\/quaranta-joves-coneixen-cultura-i-territori-de-la-serrania-amb-la-diputacio-de-valencia-i-lassociacio-expedicio-juvenil-cavanilles\/\" title=\"Quaranta joves coneixen cultura i territori de la Serrania amb la Diputaci\u00f3 de Val\u00e8ncia i l&#8217;Associaci\u00f3 Expedici\u00f3 Juvenil Cavanilles\u00a0\">[+] <\/a><\/div>\n","protected":false},"author":12,"featured_media":216698,"comment_status":"open","ping_status":"open","sticky":false,"template":"","format":"standard","meta":{"footnotes":""},"categories":[11044,11042,11046,10898,10948,10894,11023,11007,10947,10896,11027],"tags":[11246,11928,11080],"class_list":["post-216699","post","type-post","status-publish","format-standard","has-post-thumbnail","category-alpuente-ca","category-aras-de-olmos-ca","category-los-serranos-ca","category-ventana-ca","category-infraestructuras-ca","category-la-comarca-ca","category-la-yesa-ca","category-ocio-y-cultura-ca","category-politica","category-seccion-ca","category-titaguas-ca","tag-diputacio-de-valencia-ca","tag-la-serrania-ca","tag-los-serranos-ca"],"_links":{"self":[{"href":"https:\/\/tucomarca.whitekongsoftware.com\/ca\/wp-json\/wp\/v2\/posts\/216699","targetHints":{"allow":["GET"]}}],"collection":[{"href":"https:\/\/tucomarca.whitekongsoftware.com\/ca\/wp-json\/wp\/v2\/posts"}],"about":[{"href":"https:\/\/tucomarca.whitekongsoftware.com\/ca\/wp-json\/wp\/v2\/types\/post"}],"author":[{"embeddable":true,"href":"https:\/\/tucomarca.whitekongsoftware.com\/ca\/wp-json\/wp\/v2\/users\/12"}],"replies":[{"embeddable":true,"href":"https:\/\/tucomarca.whitekongsoftware.com\/ca\/wp-json\/wp\/v2\/comments?post=216699"}],"version-history":[{"count":0,"href":"https:\/\/tucomarca.whitekongsoftware.com\/ca\/wp-json\/wp\/v2\/posts\/216699\/revisions"}],"wp:featuredmedia":[{"embeddable":true,"href":"https:\/\/tucomarca.whitekongsoftware.com\/ca\/wp-json\/wp\/v2\/media\/216698"}],"wp:attachment":[{"href":"https:\/\/tucomarca.whitekongsoftware.com\/ca\/wp-json\/wp\/v2\/media?parent=216699"}],"wp:term":[{"taxonomy":"category","embeddable":true,"href":"https:\/\/tucomarca.whitekongsoftware.com\/ca\/wp-json\/wp\/v2\/categories?post=216699"},{"taxonomy":"post_tag","embeddable":true,"href":"https:\/\/tucomarca.whitekongsoftware.com\/ca\/wp-json\/wp\/v2\/tags?post=216699"}],"curies":[{"name":"wp","href":"https:\/\/api.w.org\/{rel}","templated":true}]}}