{"id":216491,"date":"2024-03-29T10:00:00","date_gmt":"2024-03-29T09:00:00","guid":{"rendered":"https:\/\/www.tucomarca.com\/wordpress\/segunda\/?p=216491"},"modified":"2024-03-29T11:20:12","modified_gmt":"2024-03-29T10:20:12","slug":"el-pp-de-caudete-de-las-fuentes-denuncia-que-no-hi-ha-sessions-plenaries-des-de-linici-de-la-legislatura","status":"publish","type":"post","link":"https:\/\/tucomarca.whitekongsoftware.com\/ca\/el-pp-de-caudete-de-las-fuentes-denuncia-que-no-hi-ha-sessions-plenaries-des-de-linici-de-la-legislatura\/","title":{"rendered":"El PP de Caudete de las Fuentes denuncia que no hi ha sessions plen\u00e0ries des de l&#8217;inici de la legislatura"},"content":{"rendered":"\n<h3 class=\"wp-block-heading\">&#8220;L&#8217;alcaldessa de Caudete de las Fuentes ni ha fet plens des que va delegar regidories ni ha presentat els pressupostos de 2024&#8221;, critican des del PP.<\/h3>\n\n\n\n<p class=\"wp-block-paragraph\">El Partit Popular de Caudete de las Fuentes considera &#8220;inadmissible que l&#8217;actual alcaldessa del municipi seguisca sense realitzar ni una sola sessi\u00f3 de ple des que va delegar les diferents regidories als seus respectius regidors despr\u00e9s de prendre possessi\u00f3 del seu c\u00e0rrec el 17 de juny de 2023&#8221;, aseguren els populars.<\/p>\n\n\n\n<p class=\"wp-block-paragraph\">&#8220;No sols no ha realitzat sessions plen\u00e0ries de la corporaci\u00f3 municipal, sin\u00f3 que a m\u00e9s encara no ha presentat els pressupostos per a l&#8217;exercici 2024, havent de prorrogar-se autom\u00e0ticament per aix\u00f2 els de 2023&#8221;, segons el PP.<\/p>\n\n\n\n<p class=\"wp-block-paragraph\">&#8220;L&#8217;article 15.3 de l&#8217;Ordre\u00a0 HAP\/215\/2012, d&#8217;1 d&#8217;octubre, per la qual es desenvolupen les obligacions de subministrament d&#8217;informaci\u00f3 previstes en la Llei org\u00e0nica 2\/2012, de 27 d&#8217;abril, d&#8217;Estabilitat Pressupost\u00e0ria i Sostenibilitat Financera, assenyala que les Corporacions Locals remetran abans del 31 de gener de cada any els pressupostos aprovats i els estats financers inicials de la pr\u00f2pia entitat i de totes els seus dependents&#8221;.<\/p>\n\n\n\n<p class=\"wp-block-paragraph\">Des del Partit Popular de Caudete de las Fuentes &#8220;demanem a l&#8217;alcaldessa, Vanesa L\u00f3pez Guijarro, que assumisca les seues obligacions i convoque les sessions plen\u00e0ries ordin\u00e0ries tal com marca la llei, i a m\u00e9s que en el primer dels plens que se celebren, incloga el punt de proposta d&#8217;aprovaci\u00f3 dels pressupostos de l&#8217;any 2024. Caudete ha d&#8217;aprovar els seus pressupostos de 2024 com m\u00e9s prompte millor, el retard de l&#8217;aprovaci\u00f3 dels pressupostos est\u00e0 afectant el municipi, ni les subvencions per a associacions ni les inversions poden realitzar-se sense uns pressupostos aprovats pel ple municipal&#8221;.<\/p>\n","protected":false},"excerpt":{"rendered":"<div class=\"mh-excerpt\">&#8220;L&#8217;alcaldessa de Caudete de las Fuentes ni ha fet plens des que va delegar regidories ni ha presentat els pressupostos de 2024&#8221;, critican des del PP. El Partit Popular de Caudete de las Fuentes considera <a class=\"mh-excerpt-more\" href=\"https:\/\/tucomarca.whitekongsoftware.com\/ca\/el-pp-de-caudete-de-las-fuentes-denuncia-que-no-hi-ha-sessions-plenaries-des-de-linici-de-la-legislatura\/\" title=\"El PP de Caudete de las Fuentes denuncia que no hi ha sessions plen\u00e0ries des de l&#8217;inici de la legislatura\">[+] <\/a><\/div>\n","protected":false},"author":1,"featured_media":114344,"comment_status":"open","ping_status":"open","sticky":false,"template":"","format":"standard","meta":{"footnotes":""},"categories":[11032,10948,10894,10947,10909,10896],"tags":[12700,11978,10910],"class_list":["post-216491","post","type-post","status-publish","format-standard","has-post-thumbnail","category-caudete-ca","category-infraestructuras-ca","category-la-comarca-ca","category-politica","category-requena-utiel-ca","category-seccion-ca","tag-caudete-de-las-fuentes-ca","tag-partido-popular-ca","tag-requena-utiel-ca"],"_links":{"self":[{"href":"https:\/\/tucomarca.whitekongsoftware.com\/ca\/wp-json\/wp\/v2\/posts\/216491","targetHints":{"allow":["GET"]}}],"collection":[{"href":"https:\/\/tucomarca.whitekongsoftware.com\/ca\/wp-json\/wp\/v2\/posts"}],"about":[{"href":"https:\/\/tucomarca.whitekongsoftware.com\/ca\/wp-json\/wp\/v2\/types\/post"}],"author":[{"embeddable":true,"href":"https:\/\/tucomarca.whitekongsoftware.com\/ca\/wp-json\/wp\/v2\/users\/1"}],"replies":[{"embeddable":true,"href":"https:\/\/tucomarca.whitekongsoftware.com\/ca\/wp-json\/wp\/v2\/comments?post=216491"}],"version-history":[{"count":0,"href":"https:\/\/tucomarca.whitekongsoftware.com\/ca\/wp-json\/wp\/v2\/posts\/216491\/revisions"}],"wp:featuredmedia":[{"embeddable":true,"href":"https:\/\/tucomarca.whitekongsoftware.com\/ca\/wp-json\/wp\/v2\/media\/114344"}],"wp:attachment":[{"href":"https:\/\/tucomarca.whitekongsoftware.com\/ca\/wp-json\/wp\/v2\/media?parent=216491"}],"wp:term":[{"taxonomy":"category","embeddable":true,"href":"https:\/\/tucomarca.whitekongsoftware.com\/ca\/wp-json\/wp\/v2\/categories?post=216491"},{"taxonomy":"post_tag","embeddable":true,"href":"https:\/\/tucomarca.whitekongsoftware.com\/ca\/wp-json\/wp\/v2\/tags?post=216491"}],"curies":[{"name":"wp","href":"https:\/\/api.w.org\/{rel}","templated":true}]}}