{"id":216480,"date":"2024-03-28T14:00:00","date_gmt":"2024-03-28T13:00:00","guid":{"rendered":"http:\/\/www.tucomarca.com\/wordpress\/segunda\/?p=216480"},"modified":"2024-03-28T19:42:30","modified_gmt":"2024-03-28T18:42:30","slug":"el-president-de-la-diputacio-de-valencia-vicent-mompo-visita-els-famosos-dossers-de-la-setmana-santa-dalzira","status":"publish","type":"post","link":"https:\/\/tucomarca.whitekongsoftware.com\/ca\/el-president-de-la-diputacio-de-valencia-vicent-mompo-visita-els-famosos-dossers-de-la-setmana-santa-dalzira\/","title":{"rendered":"El president de la Diputaci\u00f3 de Val\u00e8ncia, Vicent Momp\u00f3, visita els famosos dossers de la Setmana Santa d&#8217;Alzira"},"content":{"rendered":"\n<p class=\"wp-block-paragraph\">El president de la Diputaci\u00f3 de Val\u00e8ncia, Vicent Momp\u00f3, ha visitat la localitat d&#8217;Alzira per a con\u00e9ixer de primera m\u00e0 els c\u00e8lebres dossers caracter\u00edstics de la Setmana Santa alzirenya.<br>Acompanyat per l&#8217;alcalde del municipi, Alfons Dom\u00ednguez, i pel president de la Junta de Germanors i Confraries de la Setmana Santa d&#8217;Alzira, Vicent F\u00e1bregues, Momp\u00f3 ha pogut disfrutar de l&#8217;experi\u00e8ncia immersiva que suposa contemplar les imatges exposades per les confraries d&#8217;Alzira, en les quals es recreen escenes de la Passi\u00f3 en locals oberts al p\u00fablic. Destaquen per una ornamentaci\u00f3 especialment creativa que fascina a tot aquell que les visita.<br>\u201cPodem sentir-nos orgullosos de comptar entre els molts atractius de la nostra Setmana Santa, en els dossers d&#8217;Alzira, que tenen una bellesa \u00fanica i que s\u00f3n un clar exemple de l&#8217;arrelament d&#8217;esta festivitat a la nostra prov\u00edncia. La Pasqua suposa, m\u00e9s enll\u00e0 del vessant religi\u00f3s, un impuls al patrimoni art\u00edstic i tamb\u00e9 a l&#8217;activitat econ\u00f2mica i tur\u00edstica de Val\u00e8ncia, que b\u00e9 mereix ser posada en valor i preservar-la per part de les seues institucions\u201d, ha declarat Vicent Momp\u00f3.<\/p>\n","protected":false},"excerpt":{"rendered":"<div class=\"mh-excerpt\">El president de la Diputaci\u00f3 de Val\u00e8ncia, Vicent Momp\u00f3, ha visitat la localitat d&#8217;Alzira per a con\u00e9ixer de primera m\u00e0 els c\u00e8lebres dossers caracter\u00edstics de la Setmana Santa alzirenya.Acompanyat per l&#8217;alcalde del municipi, Alfons Dom\u00ednguez, <a class=\"mh-excerpt-more\" href=\"https:\/\/tucomarca.whitekongsoftware.com\/ca\/el-president-de-la-diputacio-de-valencia-vicent-mompo-visita-els-famosos-dossers-de-la-setmana-santa-dalzira\/\" title=\"El president de la Diputaci\u00f3 de Val\u00e8ncia, Vicent Momp\u00f3, visita els famosos dossers de la Setmana Santa d&#8217;Alzira\">[+] <\/a><\/div>\n","protected":false},"author":12,"featured_media":216479,"comment_status":"open","ping_status":"open","sticky":false,"template":"","format":"standard","meta":{"footnotes":""},"categories":[10889,10898,10993,10894,10902,11007,10947,10896],"tags":[11192,11246,11356],"class_list":["post-216480","post","type-post","status-publish","format-standard","has-post-thumbnail","category-alzira-cat","category-ventana-ca","category-gavarda-ca","category-la-comarca-ca","category-la-ribera-ca","category-ocio-y-cultura-ca","category-politica","category-seccion-ca","tag-alzira-ca","tag-diputacio-de-valencia-ca","tag-ribera-alta-ca"],"_links":{"self":[{"href":"https:\/\/tucomarca.whitekongsoftware.com\/ca\/wp-json\/wp\/v2\/posts\/216480","targetHints":{"allow":["GET"]}}],"collection":[{"href":"https:\/\/tucomarca.whitekongsoftware.com\/ca\/wp-json\/wp\/v2\/posts"}],"about":[{"href":"https:\/\/tucomarca.whitekongsoftware.com\/ca\/wp-json\/wp\/v2\/types\/post"}],"author":[{"embeddable":true,"href":"https:\/\/tucomarca.whitekongsoftware.com\/ca\/wp-json\/wp\/v2\/users\/12"}],"replies":[{"embeddable":true,"href":"https:\/\/tucomarca.whitekongsoftware.com\/ca\/wp-json\/wp\/v2\/comments?post=216480"}],"version-history":[{"count":0,"href":"https:\/\/tucomarca.whitekongsoftware.com\/ca\/wp-json\/wp\/v2\/posts\/216480\/revisions"}],"wp:featuredmedia":[{"embeddable":true,"href":"https:\/\/tucomarca.whitekongsoftware.com\/ca\/wp-json\/wp\/v2\/media\/216479"}],"wp:attachment":[{"href":"https:\/\/tucomarca.whitekongsoftware.com\/ca\/wp-json\/wp\/v2\/media?parent=216480"}],"wp:term":[{"taxonomy":"category","embeddable":true,"href":"https:\/\/tucomarca.whitekongsoftware.com\/ca\/wp-json\/wp\/v2\/categories?post=216480"},{"taxonomy":"post_tag","embeddable":true,"href":"https:\/\/tucomarca.whitekongsoftware.com\/ca\/wp-json\/wp\/v2\/tags?post=216480"}],"curies":[{"name":"wp","href":"https:\/\/api.w.org\/{rel}","templated":true}]}}