{"id":216404,"date":"2024-03-28T10:00:00","date_gmt":"2024-03-28T09:00:00","guid":{"rendered":"http:\/\/www.tucomarca.com\/wordpress\/segunda\/?p=216404"},"modified":"2024-03-28T18:41:18","modified_gmt":"2024-03-28T17:41:18","slug":"el-cvi-explica-a-8-municipis-de-camp-de-turia-els-nous-reptes-i-les-obligacions-en-materia-de-gestio-de-residus","status":"publish","type":"post","link":"https:\/\/tucomarca.whitekongsoftware.com\/ca\/el-cvi-explica-a-8-municipis-de-camp-de-turia-els-nous-reptes-i-les-obligacions-en-materia-de-gestio-de-residus\/","title":{"rendered":"El CVI explica a 8 municipis de Camp de T\u00faria els nous reptes i les obligacions en mat\u00e8ria de gesti\u00f3 de residus&nbsp;"},"content":{"rendered":"\n<h3 class=\"wp-block-heading\">El president i els t\u00e8cnics del Consorci Val\u00e8ncia Interior han abordat les q\u00fcestions relatives a la nova legislaci\u00f3 que afecta les entitats locals.<\/h3>\n\n\n\n<p class=\"wp-block-paragraph\">El Consorci Val\u00e8ncia Interior (CVI) ha visitat la comarca de Camp de T\u00faria dins de la ronda de reunions que s&#8217;est\u00e0 celebrant per a acostar-se a les comarques consorciades. La trobada ha tingut lloc en la seu de la mancomunitat situada a Ll\u00edria, on el president del CVI, Francisco G\u00f3mez, el gerent, \u00c1ngel Rodr\u00edguez aix\u00ed com el personal t\u00e8cnic de l&#8217;ens han explicat a les entitats locals els reptes i responsabilitats que se&#8217;ls plantegen en mat\u00e8ria de gesti\u00f3 de residus.<br>La reuni\u00f3 ha servit tamb\u00e9 per a posar damunt de la taula les obligacions per a les entitats locals. En concret han explicat que han d&#8217;aprovar un programa propi de gesti\u00f3 de residus, en el cas que encara no el tinguen perqu\u00e8 ja \u00e9s obligatori; una ordenan\u00e7a que garantisca el compliment de les noves obligacions, l&#8217;adaptaci\u00f3 dels contractes p\u00fablics de recollida i tractament de residus de compet\u00e8ncia local, l&#8217;establiment d&#8217;una nova taxa municipal espec\u00edfica, diferenciada i no deficit\u00e0ria, aix\u00ed com les noves obligacions relatives a la informaci\u00f3 relacionada amb els models de recollida i les quantitats recollides i taxades, entre altres aspectes.\u00a0<br>&#8220;La soluci\u00f3 per a complir els objectius que marca la llei \u00e9s canviar la manera de recollir els residus, at\u00e9s que, per primera vegada, aquesta llei fa obligat\u00f2ria la separaci\u00f3 domicili\u00e0ria&#8221; segons ha assenyalat el gerent del CVI. L&#8217;objectiu final de la llei \u00e9s previndre i reduir la generaci\u00f3 de residus i els impactes negatius de la seua gesti\u00f3 i, per a aix\u00f2 &#8220;els ajuntaments heu de liderar un canvi que fa\u00e7a possible reduir al m\u00ednim els materials rebutjats a abocador, fent efectiva una gesti\u00f3 circular dels recursos&#8221; ha concl\u00f2s.<br>A la trobada han assistit representants p\u00fablics i t\u00e8cnics de huit municipis de la comarca: N\u00e0quera, B\u00e9tera, la Pobla de Vallbona, Casinos, G\u00e0tova, Ll\u00edria, Serra i Benissan\u00f3. La resta de municipis de Camp de T\u00faria es reuniran amb el consorci el pr\u00f2xim 11 d&#8217;abril.<\/p>\n\n\n\n<figure class=\"wp-block-image size-full\"><img loading=\"lazy\" decoding=\"async\" width=\"886\" height=\"665\" src=\"http:\/\/www.tucomarca.com\/wordpress\/segunda\/wp-content\/uploads\/2024\/03\/CVILliria2.jpg\" alt=\"\" class=\"wp-image-216407\" srcset=\"https:\/\/tucomarca.whitekongsoftware.com\/wp-content\/uploads\/2024\/03\/CVILliria2.jpg 886w, https:\/\/tucomarca.whitekongsoftware.com\/wp-content\/uploads\/2024\/03\/CVILliria2-300x225.jpg 300w, https:\/\/tucomarca.whitekongsoftware.com\/wp-content\/uploads\/2024\/03\/CVILliria2-768x576.jpg 768w, https:\/\/tucomarca.whitekongsoftware.com\/wp-content\/uploads\/2024\/03\/CVILliria2-678x509.jpg 678w, https:\/\/tucomarca.whitekongsoftware.com\/wp-content\/uploads\/2024\/03\/CVILliria2-326x245.jpg 326w, https:\/\/tucomarca.whitekongsoftware.com\/wp-content\/uploads\/2024\/03\/CVILliria2-80x60.jpg 80w\" sizes=\"auto, (max-width: 886px) 100vw, 886px\" \/><\/figure>\n\n\n\n<p class=\"wp-block-paragraph\">En la reuni\u00f3 tamb\u00e9 ha participat un t\u00e8cnic de la Diputaci\u00f3 de Val\u00e8ncia, qui ha explicat les l\u00ednies principals d&#8217;ajudes en les quals estan treballant i les subvencions que ja han pagat per a q\u00fcestions relacionades amb la gesti\u00f3 dels residus. A m\u00e9s, va assenyalar que l&#8217;ens provincial est\u00e0 treballant en un cens d&#8217;instal\u00b7lacions i empla\u00e7aments amb amiant amb l&#8217;objectiu de planificar la seua retirada.<br>El president del consorci ha assenyalat que aquesta ronda de reunions &#8220;pret\u00e9n acostar el CVI a totes les comarques consorciades&#8221; i va posar l&#8217;accent &#8220;en el compliment de les noves obligacions de les entitats locals en mat\u00e8ria de gesti\u00f3 de residus&#8221;. Durant la trobada, les persones assistents han traslladat als representants del consorci q\u00fcestions relacionades amb la situaci\u00f3 que es viu particularment en cada municipi de la comarca quant a la gesti\u00f3 dels serveis ambientals i han plantejat els seus dubtes quant a la nova legislaci\u00f3.<\/p>\n\n\n\n<p class=\"wp-block-paragraph\"><strong>Qu\u00e8 \u00e9s el Consorci Val\u00e8ncia Interior<\/strong><\/p>\n\n\n\n<p class=\"wp-block-paragraph\">El Consorci Val\u00e8ncia Interior \u00e9s l&#8217;ens supramunicipal que duu a terme el tractament dels residus de 61 municipis de les cinc comarques de l&#8217;interior de la prov\u00edncia de Val\u00e8ncia: Camp de T\u00faria, la Regi\u00f3 muntanyenca, la Foia de Bunyol-Xiva, la Plana Utiel-Requena i el Rac\u00f3 d&#8217;Adem\u00fas. Per a aix\u00f2 compta amb dues plantes de tractament de residus, situades a Ll\u00edria i Caudete de las Fuentes, aix\u00ed com una planta de transfer\u00e8ncia a Xiva. \u00c9s a Caudete de las Fuentes on es troba tamb\u00e9 situat l&#8217;abocador, lloc on s&#8217;eliminen de manera segura les fraccions que no han pogut ser recuperades en les plantes de tractament.<\/p>\n","protected":false},"excerpt":{"rendered":"<div class=\"mh-excerpt\">El president i els t\u00e8cnics del Consorci Val\u00e8ncia Interior han abordat les q\u00fcestions relatives a la nova legislaci\u00f3 que afecta les entitats locals. El Consorci Val\u00e8ncia Interior (CVI) ha visitat la comarca de Camp de <a class=\"mh-excerpt-more\" href=\"https:\/\/tucomarca.whitekongsoftware.com\/ca\/el-cvi-explica-a-8-municipis-de-camp-de-turia-els-nous-reptes-i-les-obligacions-en-materia-de-gestio-de-residus\/\" title=\"El CVI explica a 8 municipis de Camp de T\u00faria els nous reptes i les obligacions en mat\u00e8ria de gesti\u00f3 de residus&nbsp;\">[+] <\/a><\/div>\n","protected":false},"author":12,"featured_media":216406,"comment_status":"open","ping_status":"open","sticky":false,"template":"","format":"standard","meta":{"footnotes":""},"categories":[10938,10937,10892,10930,10898,10894,10915,10928,10903,10936,10947,10896,10933],"tags":[10899,11117,11305],"class_list":["post-216404","post","type-post","status-publish","format-standard","has-post-thumbnail","category-benisano-ca","category-betera-ca","category-camp-de-turia-ca","category-casinos-ca","category-ventana-ca","category-la-comarca-ca","category-la-pobla-ca","category-lliria-ca","category-medio-ambiente-la-comarca-ca","category-naquera-ca","category-politica","category-seccion-ca","category-serra-ca","tag-camp-de-turia-ca","tag-consorcio-valencia-interior-ca","tag-cvi-ca"],"_links":{"self":[{"href":"https:\/\/tucomarca.whitekongsoftware.com\/ca\/wp-json\/wp\/v2\/posts\/216404","targetHints":{"allow":["GET"]}}],"collection":[{"href":"https:\/\/tucomarca.whitekongsoftware.com\/ca\/wp-json\/wp\/v2\/posts"}],"about":[{"href":"https:\/\/tucomarca.whitekongsoftware.com\/ca\/wp-json\/wp\/v2\/types\/post"}],"author":[{"embeddable":true,"href":"https:\/\/tucomarca.whitekongsoftware.com\/ca\/wp-json\/wp\/v2\/users\/12"}],"replies":[{"embeddable":true,"href":"https:\/\/tucomarca.whitekongsoftware.com\/ca\/wp-json\/wp\/v2\/comments?post=216404"}],"version-history":[{"count":0,"href":"https:\/\/tucomarca.whitekongsoftware.com\/ca\/wp-json\/wp\/v2\/posts\/216404\/revisions"}],"wp:featuredmedia":[{"embeddable":true,"href":"https:\/\/tucomarca.whitekongsoftware.com\/ca\/wp-json\/wp\/v2\/media\/216406"}],"wp:attachment":[{"href":"https:\/\/tucomarca.whitekongsoftware.com\/ca\/wp-json\/wp\/v2\/media?parent=216404"}],"wp:term":[{"taxonomy":"category","embeddable":true,"href":"https:\/\/tucomarca.whitekongsoftware.com\/ca\/wp-json\/wp\/v2\/categories?post=216404"},{"taxonomy":"post_tag","embeddable":true,"href":"https:\/\/tucomarca.whitekongsoftware.com\/ca\/wp-json\/wp\/v2\/tags?post=216404"}],"curies":[{"name":"wp","href":"https:\/\/api.w.org\/{rel}","templated":true}]}}