{"id":216371,"date":"2024-03-27T11:00:00","date_gmt":"2024-03-27T10:00:00","guid":{"rendered":"http:\/\/www.tucomarca.com\/wordpress\/segunda\/?p=216371"},"modified":"2024-03-27T20:38:36","modified_gmt":"2024-03-27T19:38:36","slug":"les-escasses-pluges-registrades-en-els-ultims-dies-no-van-ha-alleujar-el-problema-de-la-sequia-a-requena-utiel-i-la-vall-daiora","status":"publish","type":"post","link":"https:\/\/tucomarca.whitekongsoftware.com\/ca\/les-escasses-pluges-registrades-en-els-ultims-dies-no-van-ha-alleujar-el-problema-de-la-sequia-a-requena-utiel-i-la-vall-daiora\/","title":{"rendered":"Les escasses pluges registrades en els \u00faltims dies no van ha alleujar el problema de la sequia a Requena-Utiel i la Vall d&#8217;Aiora"},"content":{"rendered":"\n<p class=\"wp-block-paragraph\">Les pluges registrades en els \u00faltims dies no han aconseguit revertir la situaci\u00f3 de d\u00e8ficit pluviom\u00e8tric que es ve arrossegant des de fa molts mesos.<br>Excepte en la part nord-occidental de la comarca , on hi ha zones que en els \u00faltims tres dies registren quantitats de pluja entorn dels 30 litres per metre quadrat, en la resta, la mitjana a penes supera els 15 litres.<br>Segons l&#8217;Associaci\u00f3 Valenciana de Meteorologia (Avamet), en les \u00faltimes 72 hores destaca l&#8217;acumulat de Camporrobles amb 31,4 litres d&#8217;aigua de pluja per metre quadrat.<br>A la Vall d&#8217;Ara encara ha plogut menys; perqu\u00e8 la mitjana dels \u00faltims tres dies no arriba, ni tan sols, als 10 litres per metre quadrat.<br>Tant les vinyes, com les oliveres i els ametlers, necessiten amb urg\u00e8ncia pluges abundants, en tot l&#8217;interior de la prov\u00edncia de Val\u00e8ncia. Informa, <strong>Luis Ib\u00e1\u00f1ez.<\/strong><\/p>\n","protected":false},"excerpt":{"rendered":"<div class=\"mh-excerpt\">Les pluges registrades en els \u00faltims dies no han aconseguit revertir la situaci\u00f3 de d\u00e8ficit pluviom\u00e8tric que es ve arrossegant des de fa molts mesos.Excepte en la part nord-occidental de la comarca , on hi <a class=\"mh-excerpt-more\" href=\"https:\/\/tucomarca.whitekongsoftware.com\/ca\/les-escasses-pluges-registrades-en-els-ultims-dies-no-van-ha-alleujar-el-problema-de-la-sequia-a-requena-utiel-i-la-vall-daiora\/\" title=\"Les escasses pluges registrades en els \u00faltims dies no van ha alleujar el problema de la sequia a Requena-Utiel i la Vall d&#8217;Aiora\">[+] <\/a><\/div>\n","protected":false},"author":12,"featured_media":118018,"comment_status":"open","ping_status":"open","sticky":false,"template":"","format":"standard","meta":{"footnotes":""},"categories":[10905,10951,11031,10898,10948,10894,10903,10909,10896],"tags":[10910,11440],"class_list":["post-216371","post","type-post","status-publish","format-standard","has-post-thumbnail","category-agricultura-la-comarca-ca","category-ayora-cofrentes-ca","category-camporrobles-ca","category-ventana-ca","category-infraestructuras-ca","category-la-comarca-ca","category-medio-ambiente-la-comarca-ca","category-requena-utiel-ca","category-seccion-ca","tag-requena-utiel-ca","tag-valle-de-ayora-cofrentes-ca"],"_links":{"self":[{"href":"https:\/\/tucomarca.whitekongsoftware.com\/ca\/wp-json\/wp\/v2\/posts\/216371","targetHints":{"allow":["GET"]}}],"collection":[{"href":"https:\/\/tucomarca.whitekongsoftware.com\/ca\/wp-json\/wp\/v2\/posts"}],"about":[{"href":"https:\/\/tucomarca.whitekongsoftware.com\/ca\/wp-json\/wp\/v2\/types\/post"}],"author":[{"embeddable":true,"href":"https:\/\/tucomarca.whitekongsoftware.com\/ca\/wp-json\/wp\/v2\/users\/12"}],"replies":[{"embeddable":true,"href":"https:\/\/tucomarca.whitekongsoftware.com\/ca\/wp-json\/wp\/v2\/comments?post=216371"}],"version-history":[{"count":0,"href":"https:\/\/tucomarca.whitekongsoftware.com\/ca\/wp-json\/wp\/v2\/posts\/216371\/revisions"}],"wp:featuredmedia":[{"embeddable":true,"href":"https:\/\/tucomarca.whitekongsoftware.com\/ca\/wp-json\/wp\/v2\/media\/118018"}],"wp:attachment":[{"href":"https:\/\/tucomarca.whitekongsoftware.com\/ca\/wp-json\/wp\/v2\/media?parent=216371"}],"wp:term":[{"taxonomy":"category","embeddable":true,"href":"https:\/\/tucomarca.whitekongsoftware.com\/ca\/wp-json\/wp\/v2\/categories?post=216371"},{"taxonomy":"post_tag","embeddable":true,"href":"https:\/\/tucomarca.whitekongsoftware.com\/ca\/wp-json\/wp\/v2\/tags?post=216371"}],"curies":[{"name":"wp","href":"https:\/\/api.w.org\/{rel}","templated":true}]}}