{"id":216314,"date":"2024-03-27T12:12:00","date_gmt":"2024-03-27T11:12:00","guid":{"rendered":"https:\/\/www.tucomarca.com\/wordpress\/segunda\/?p=216314"},"modified":"2024-03-27T18:34:18","modified_gmt":"2024-03-27T17:34:18","slug":"el-ple-de-xiva-aprova-condecorar-als-oficials-de-la-policia-local-que-van-rescatar-a-una-menor-desapareguda-al-gener","status":"publish","type":"post","link":"https:\/\/tucomarca.whitekongsoftware.com\/ca\/el-ple-de-xiva-aprova-condecorar-als-oficials-de-la-policia-local-que-van-rescatar-a-una-menor-desapareguda-al-gener\/","title":{"rendered":"El ple de Xiva aprova condecorar als oficials de la Policia Local que van rescatar a una menor desapareguda al gener"},"content":{"rendered":"\n<p class=\"wp-block-paragraph\">El ple ordinari de l&#8217;ajuntament de Xiva ha aprovat la proposta de realitzar el pagament de les factures emeses per Tetma sobre la base dels serveis presentats en relaci\u00f3 a la recollida ordin\u00e0ria i extraordin\u00e0ria de neteja i residus del terme municipal contemplats sota contracte i referits a la passada legislatura.\u00a0<\/p>\n\n\n\n<p class=\"wp-block-paragraph\">En aquesta mateixa sessi\u00f3 plen\u00e0ria, el ple acorda concedir la medalla del m\u00e8rit policial a oficials de la Policia Local, implicats en la cerca i rescat d&#8217;una menor desaparegudes durant el mes de gener passat en el terme municipal.<\/p>\n\n\n\n<p class=\"wp-block-paragraph\">El ple aprova de la mateixa manera, procedir a la revisi\u00f3 de les factures extraordin\u00e0ries presentades per la mercantil que es troben sense l&#8217;empara de cap contracte, declarant la nul\u00b7litat de ple dret de les mateixes i donant trasllat a l&#8217;oficina t\u00e8cnica perqu\u00e8 quantifique l&#8217;import de la quantitat que li correspon pagar a l&#8217;ajuntament per eixos serveis prestats fora de contracte.<\/p>\n","protected":false},"excerpt":{"rendered":"<div class=\"mh-excerpt\">El ple ordinari de l&#8217;ajuntament de Xiva ha aprovat la proposta de realitzar el pagament de les factures emeses per Tetma sobre la base dels serveis presentats en relaci\u00f3 a la recollida ordin\u00e0ria i extraordin\u00e0ria <a class=\"mh-excerpt-more\" href=\"https:\/\/tucomarca.whitekongsoftware.com\/ca\/el-ple-de-xiva-aprova-condecorar-als-oficials-de-la-policia-local-que-van-rescatar-a-una-menor-desapareguda-al-gener\/\" title=\"El ple de Xiva aprova condecorar als oficials de la Policia Local que van rescatar a una menor desapareguda al gener\">[+] <\/a><\/div>\n","protected":false},"author":1,"featured_media":216310,"comment_status":"open","ping_status":"open","sticky":false,"template":"","format":"standard","meta":{"footnotes":""},"categories":[10948,10894,10904,10912,10947,10896,10975],"tags":[11195,10914],"class_list":["post-216314","post","type-post","status-publish","format-standard","has-post-thumbnail","category-infraestructuras-ca","category-la-comarca-ca","category-sin-categorizar-ca","category-la-hoya-ca","category-politica","category-seccion-ca","category-chiva-ca","tag-chiva-ca","tag-la-hoya-de-bunol-chiva-ca"],"_links":{"self":[{"href":"https:\/\/tucomarca.whitekongsoftware.com\/ca\/wp-json\/wp\/v2\/posts\/216314","targetHints":{"allow":["GET"]}}],"collection":[{"href":"https:\/\/tucomarca.whitekongsoftware.com\/ca\/wp-json\/wp\/v2\/posts"}],"about":[{"href":"https:\/\/tucomarca.whitekongsoftware.com\/ca\/wp-json\/wp\/v2\/types\/post"}],"author":[{"embeddable":true,"href":"https:\/\/tucomarca.whitekongsoftware.com\/ca\/wp-json\/wp\/v2\/users\/1"}],"replies":[{"embeddable":true,"href":"https:\/\/tucomarca.whitekongsoftware.com\/ca\/wp-json\/wp\/v2\/comments?post=216314"}],"version-history":[{"count":0,"href":"https:\/\/tucomarca.whitekongsoftware.com\/ca\/wp-json\/wp\/v2\/posts\/216314\/revisions"}],"wp:featuredmedia":[{"embeddable":true,"href":"https:\/\/tucomarca.whitekongsoftware.com\/ca\/wp-json\/wp\/v2\/media\/216310"}],"wp:attachment":[{"href":"https:\/\/tucomarca.whitekongsoftware.com\/ca\/wp-json\/wp\/v2\/media?parent=216314"}],"wp:term":[{"taxonomy":"category","embeddable":true,"href":"https:\/\/tucomarca.whitekongsoftware.com\/ca\/wp-json\/wp\/v2\/categories?post=216314"},{"taxonomy":"post_tag","embeddable":true,"href":"https:\/\/tucomarca.whitekongsoftware.com\/ca\/wp-json\/wp\/v2\/tags?post=216314"}],"curies":[{"name":"wp","href":"https:\/\/api.w.org\/{rel}","templated":true}]}}