{"id":216259,"date":"2024-03-27T13:00:00","date_gmt":"2024-03-27T12:00:00","guid":{"rendered":"http:\/\/www.tucomarca.com\/wordpress\/segunda\/?p=216259"},"modified":"2024-03-27T19:04:04","modified_gmt":"2024-03-27T18:04:04","slug":"el-grup-manjana-abarrota-el-palau-de-la-musica-de-bunyol-en-lestrena-del-seu-nou-espectacle-lais-de-marie-de-france","status":"publish","type":"post","link":"https:\/\/tucomarca.whitekongsoftware.com\/ca\/el-grup-manjana-abarrota-el-palau-de-la-musica-de-bunyol-en-lestrena-del-seu-nou-espectacle-lais-de-marie-de-france\/","title":{"rendered":"El Grup Manjana abarrota el Palau de la M\u00fasica de Bunyol en l&#8217;estrena del seu nou espectacle &#8216;Lais de Marie de France&#8217;"},"content":{"rendered":"\n<p class=\"wp-block-paragraph\">Un abarrotat Palacio de la M\u00fasica de Bunyol va acollir aquest passat dissabte, 23 de mar\u00e7, l&#8217;estrena absoluta de \u201cLais de Marie de France\u201d, un innovador espectacle narratiu-musical que combina fragments narrats, interludis instrumentals i can\u00e7ons, que va posar sobre les taules el Grup Manjana i que va mostrar davant el p\u00fablic cinc Lais o poemes narratius d&#8217;amor cort\u00e9s atribu\u00efts a \u201cMarie\u201d que va viure entre Fran\u00e7a i Anglaterra en el segle XII i va ser precursora de la literatura \u201cart\u00farica\u201d al costat de Chr\u00e9tien de Troyes.<\/p>\n\n\n\n<p class=\"wp-block-paragraph\">El Grup po\u00e8tic-musical Manjana, amb una traject\u00f2ria de 27 anys, i al qual encara li queda molt a mostrar ja que aflora creativitat i molt amor a la m\u00fasica, acosta al p\u00fablic la creaci\u00f3 musical, generant projectes on la m\u00fasica s&#8217;interrelacione amb altres camps art\u00edstics.&nbsp;<\/p>\n\n\n\n<p class=\"wp-block-paragraph\">Manjana est\u00e0 format per m\u00fasics d&#8217;ampli recorregut, tots ells professors i int\u00e8rprets de primer nivell amb profundes inquietuds art\u00edstiques i harm\u00f2niques que es materialitzen al llarg dels anys en una intensa i variada activitat.&nbsp;<\/p>\n\n\n\n<p class=\"wp-block-paragraph\">Clarinet: Francisco Sanz Estell\u00e9s.<\/p>\n\n\n\n<p class=\"wp-block-paragraph\">Violoncello: Vicen Carrascosa Oriola.<\/p>\n\n\n\n<p class=\"wp-block-paragraph\">Piano i Composici\u00f3: Manuel Carrascosa P\u00e9rez.<\/p>\n\n\n\n<p class=\"wp-block-paragraph\">Tuba i Direcci\u00f3: Miguel Vall\u00e9s Manzano.<\/p>\n\n\n\n<p class=\"wp-block-paragraph\">Percussi\u00f3: Joaqu\u00edn Lamb\u00edes Zan\u00f3n<\/p>\n\n\n\n<p class=\"wp-block-paragraph\">Canto i Narraci\u00f3: Mar\u00eda Tamarit Sales&nbsp;<\/p>\n\n\n\n<figure class=\"wp-block-gallery has-nested-images columns-1 is-cropped wp-block-gallery-1 is-layout-flex wp-block-gallery-is-layout-flex\">\n<figure class=\"wp-block-image size-large\"><img loading=\"lazy\" decoding=\"async\" width=\"945\" height=\"620\" data-id=\"216240\" src=\"http:\/\/www.tucomarca.com\/wordpress\/segunda\/wp-content\/uploads\/2024\/03\/Manjana01.jpg\" alt=\"\" class=\"wp-image-216240\" srcset=\"https:\/\/tucomarca.whitekongsoftware.com\/wp-content\/uploads\/2024\/03\/Manjana01.jpg 945w, https:\/\/tucomarca.whitekongsoftware.com\/wp-content\/uploads\/2024\/03\/Manjana01-300x197.jpg 300w, https:\/\/tucomarca.whitekongsoftware.com\/wp-content\/uploads\/2024\/03\/Manjana01-768x504.jpg 768w\" sizes=\"auto, (max-width: 945px) 100vw, 945px\" \/><\/figure>\n\n\n\n<figure class=\"wp-block-image size-large\"><img loading=\"lazy\" decoding=\"async\" width=\"945\" height=\"630\" data-id=\"216242\" src=\"http:\/\/www.tucomarca.com\/wordpress\/segunda\/wp-content\/uploads\/2024\/03\/Manjana02.jpg\" alt=\"\" class=\"wp-image-216242\" srcset=\"https:\/\/tucomarca.whitekongsoftware.com\/wp-content\/uploads\/2024\/03\/Manjana02.jpg 945w, https:\/\/tucomarca.whitekongsoftware.com\/wp-content\/uploads\/2024\/03\/Manjana02-300x200.jpg 300w, https:\/\/tucomarca.whitekongsoftware.com\/wp-content\/uploads\/2024\/03\/Manjana02-768x512.jpg 768w\" sizes=\"auto, (max-width: 945px) 100vw, 945px\" \/><\/figure>\n\n\n\n<figure class=\"wp-block-image size-large\"><img loading=\"lazy\" decoding=\"async\" width=\"945\" height=\"630\" data-id=\"216244\" src=\"http:\/\/www.tucomarca.com\/wordpress\/segunda\/wp-content\/uploads\/2024\/03\/Manjana03.jpg\" alt=\"\" class=\"wp-image-216244\" srcset=\"https:\/\/tucomarca.whitekongsoftware.com\/wp-content\/uploads\/2024\/03\/Manjana03.jpg 945w, https:\/\/tucomarca.whitekongsoftware.com\/wp-content\/uploads\/2024\/03\/Manjana03-300x200.jpg 300w, https:\/\/tucomarca.whitekongsoftware.com\/wp-content\/uploads\/2024\/03\/Manjana03-768x512.jpg 768w\" sizes=\"auto, (max-width: 945px) 100vw, 945px\" \/><\/figure>\n\n\n\n<figure class=\"wp-block-image size-large\"><img loading=\"lazy\" decoding=\"async\" width=\"945\" height=\"630\" data-id=\"216246\" src=\"http:\/\/www.tucomarca.com\/wordpress\/segunda\/wp-content\/uploads\/2024\/03\/Manjana04.jpg\" alt=\"\" class=\"wp-image-216246\" srcset=\"https:\/\/tucomarca.whitekongsoftware.com\/wp-content\/uploads\/2024\/03\/Manjana04.jpg 945w, https:\/\/tucomarca.whitekongsoftware.com\/wp-content\/uploads\/2024\/03\/Manjana04-300x200.jpg 300w, https:\/\/tucomarca.whitekongsoftware.com\/wp-content\/uploads\/2024\/03\/Manjana04-768x512.jpg 768w\" sizes=\"auto, (max-width: 945px) 100vw, 945px\" \/><\/figure>\n\n\n\n<figure class=\"wp-block-image size-large\"><img loading=\"lazy\" decoding=\"async\" width=\"945\" height=\"630\" data-id=\"216248\" src=\"http:\/\/www.tucomarca.com\/wordpress\/segunda\/wp-content\/uploads\/2024\/03\/Manjana05.jpg\" alt=\"\" class=\"wp-image-216248\" srcset=\"https:\/\/tucomarca.whitekongsoftware.com\/wp-content\/uploads\/2024\/03\/Manjana05.jpg 945w, https:\/\/tucomarca.whitekongsoftware.com\/wp-content\/uploads\/2024\/03\/Manjana05-300x200.jpg 300w, https:\/\/tucomarca.whitekongsoftware.com\/wp-content\/uploads\/2024\/03\/Manjana05-768x512.jpg 768w\" sizes=\"auto, (max-width: 945px) 100vw, 945px\" \/><\/figure>\n\n\n\n<figure class=\"wp-block-image size-large\"><img loading=\"lazy\" decoding=\"async\" width=\"945\" height=\"630\" data-id=\"216250\" src=\"http:\/\/www.tucomarca.com\/wordpress\/segunda\/wp-content\/uploads\/2024\/03\/Manjana06.jpg\" alt=\"\" class=\"wp-image-216250\" srcset=\"https:\/\/tucomarca.whitekongsoftware.com\/wp-content\/uploads\/2024\/03\/Manjana06.jpg 945w, https:\/\/tucomarca.whitekongsoftware.com\/wp-content\/uploads\/2024\/03\/Manjana06-300x200.jpg 300w, https:\/\/tucomarca.whitekongsoftware.com\/wp-content\/uploads\/2024\/03\/Manjana06-768x512.jpg 768w\" sizes=\"auto, (max-width: 945px) 100vw, 945px\" \/><\/figure>\n\n\n\n<figure class=\"wp-block-image size-large\"><img loading=\"lazy\" decoding=\"async\" width=\"945\" height=\"630\" data-id=\"216252\" src=\"http:\/\/www.tucomarca.com\/wordpress\/segunda\/wp-content\/uploads\/2024\/03\/Manjana07.jpg\" alt=\"\" class=\"wp-image-216252\" srcset=\"https:\/\/tucomarca.whitekongsoftware.com\/wp-content\/uploads\/2024\/03\/Manjana07.jpg 945w, https:\/\/tucomarca.whitekongsoftware.com\/wp-content\/uploads\/2024\/03\/Manjana07-300x200.jpg 300w, https:\/\/tucomarca.whitekongsoftware.com\/wp-content\/uploads\/2024\/03\/Manjana07-768x512.jpg 768w\" sizes=\"auto, (max-width: 945px) 100vw, 945px\" \/><\/figure>\n\n\n\n<figure class=\"wp-block-image size-large\"><img loading=\"lazy\" decoding=\"async\" width=\"945\" height=\"630\" data-id=\"216256\" src=\"http:\/\/www.tucomarca.com\/wordpress\/segunda\/wp-content\/uploads\/2024\/03\/Manjana09.jpg\" alt=\"\" class=\"wp-image-216256\" srcset=\"https:\/\/tucomarca.whitekongsoftware.com\/wp-content\/uploads\/2024\/03\/Manjana09.jpg 945w, https:\/\/tucomarca.whitekongsoftware.com\/wp-content\/uploads\/2024\/03\/Manjana09-300x200.jpg 300w, https:\/\/tucomarca.whitekongsoftware.com\/wp-content\/uploads\/2024\/03\/Manjana09-768x512.jpg 768w\" sizes=\"auto, (max-width: 945px) 100vw, 945px\" \/><\/figure>\n<\/figure>\n","protected":false},"excerpt":{"rendered":"<div class=\"mh-excerpt\">Un abarrotat Palacio de la M\u00fasica de Bunyol va acollir aquest passat dissabte, 23 de mar\u00e7, l&#8217;estrena absoluta de \u201cLais de Marie de France\u201d, un innovador espectacle narratiu-musical que combina fragments narrats, interludis instrumentals i <a class=\"mh-excerpt-more\" href=\"https:\/\/tucomarca.whitekongsoftware.com\/ca\/el-grup-manjana-abarrota-el-palau-de-la-musica-de-bunyol-en-lestrena-del-seu-nou-espectacle-lais-de-marie-de-france\/\" title=\"El Grup Manjana abarrota el Palau de la M\u00fasica de Bunyol en l&#8217;estrena del seu nou espectacle &#8216;Lais de Marie de France&#8217;\">[+] <\/a><\/div>\n","protected":false},"author":12,"featured_media":216255,"comment_status":"open","ping_status":"open","sticky":false,"template":"","format":"gallery","meta":{"footnotes":""},"categories":[10911,11005,10894,10912,11007,10896],"tags":[10913,20414,10914],"class_list":["post-216259","post","type-post","status-publish","format-gallery","has-post-thumbnail","category-bunol-ca","category-canal-musica","category-la-comarca-ca","category-la-hoya-ca","category-ocio-y-cultura-ca","category-seccion-ca","tag-bunol-ca","tag-grupo-manjana-ca","tag-la-hoya-de-bunol-chiva-ca","post_format-post-format-gallery"],"_links":{"self":[{"href":"https:\/\/tucomarca.whitekongsoftware.com\/ca\/wp-json\/wp\/v2\/posts\/216259","targetHints":{"allow":["GET"]}}],"collection":[{"href":"https:\/\/tucomarca.whitekongsoftware.com\/ca\/wp-json\/wp\/v2\/posts"}],"about":[{"href":"https:\/\/tucomarca.whitekongsoftware.com\/ca\/wp-json\/wp\/v2\/types\/post"}],"author":[{"embeddable":true,"href":"https:\/\/tucomarca.whitekongsoftware.com\/ca\/wp-json\/wp\/v2\/users\/12"}],"replies":[{"embeddable":true,"href":"https:\/\/tucomarca.whitekongsoftware.com\/ca\/wp-json\/wp\/v2\/comments?post=216259"}],"version-history":[{"count":0,"href":"https:\/\/tucomarca.whitekongsoftware.com\/ca\/wp-json\/wp\/v2\/posts\/216259\/revisions"}],"wp:featuredmedia":[{"embeddable":true,"href":"https:\/\/tucomarca.whitekongsoftware.com\/ca\/wp-json\/wp\/v2\/media\/216255"}],"wp:attachment":[{"href":"https:\/\/tucomarca.whitekongsoftware.com\/ca\/wp-json\/wp\/v2\/media?parent=216259"}],"wp:term":[{"taxonomy":"category","embeddable":true,"href":"https:\/\/tucomarca.whitekongsoftware.com\/ca\/wp-json\/wp\/v2\/categories?post=216259"},{"taxonomy":"post_tag","embeddable":true,"href":"https:\/\/tucomarca.whitekongsoftware.com\/ca\/wp-json\/wp\/v2\/tags?post=216259"}],"curies":[{"name":"wp","href":"https:\/\/api.w.org\/{rel}","templated":true}]}}