{"id":216218,"date":"2024-03-26T09:05:00","date_gmt":"2024-03-26T08:05:00","guid":{"rendered":"http:\/\/www.tucomarca.com\/wordpress\/segunda\/?p=216218"},"modified":"2024-03-26T22:08:37","modified_gmt":"2024-03-26T21:08:37","slug":"la-diputacio-de-valencia-aprova-ajudes-per-a-inclusio-social-i-projectes-de-desenvolupament-rural-en-les-comarques","status":"publish","type":"post","link":"https:\/\/tucomarca.whitekongsoftware.com\/ca\/la-diputacio-de-valencia-aprova-ajudes-per-a-inclusio-social-i-projectes-de-desenvolupament-rural-en-les-comarques\/","title":{"rendered":"La Diputaci\u00f3 de Val\u00e8ncia aprova ajudes per a inclusi\u00f3 social i projectes de desenvolupament rural en les comarques"},"content":{"rendered":"\n<h3 class=\"wp-block-heading\">El ple de mar\u00e7 dona llum verda a subvencions de car\u00e0cter social i mediambiental a diferents col\u00b7lectius de la prov\u00edncia per un import global de 600.000 euros, que complementen les incloses en el pressupost<\/h3>\n\n\n\n<h3 class=\"wp-block-heading\">Entre els projectes finan\u00e7ats destaquen serveis socials d&#8217;atenci\u00f3 prim\u00e0ria al Valle de Ayora, el projecte d&#8217;envelliment actiu d\u2019Asindown, i activitats de mentoria rural i prevenci\u00f3 d&#8217;incendis<\/h3>\n\n\n\n<p class=\"wp-block-paragraph\">El ple de mar\u00e7 de la Diputaci\u00f3 de Val\u00e8ncia ha aprovat noves subvencions, principalment en l&#8217;\u00e0mbit de la inclusi\u00f3 social i el desenvolupament rural, que complementen les incloses en el Pressupost de 2024. En total, una mica m\u00e9s de 600.000 euros que arribaran, entre altres, a entitats com el Centre Europeu d&#8217;Empreses Innovadores de Val\u00e8ncia (CEEI), l&#8217;Associaci\u00f3 de Municipis Forestals de la Comunitat (Amufor), les fundacions Asindown i Mira\u2019m, i les mancomunitats del Valle de Ayora-Cofrentes i Tierra del Vino.<\/p>\n\n\n\n<p class=\"wp-block-paragraph\">Entre els projectes mediambientals i d&#8217;impuls econ\u00f2mic a les zones d&#8217;interior, destaquen els projectes de mentoria rural i Empr\u00e9n Aventura en els quals treballa CEEI, especialment en comarques i municipis en risc de despoblaci\u00f3. Quant a prevenci\u00f3 d&#8217;incendis, Amufor rebr\u00e0 ajuda econ\u00f2mica de la Diputaci\u00f3 per a una iniciativa pilot de ramaderia extensiva i economia rural. En la mateixa l\u00ednia es desenvolupa el projecte Rural Life de la Mancomunitat Tierra del Vino, que tamb\u00e9 posar\u00e0 en marxa accions de formaci\u00f3 en la comercialitzaci\u00f3 de productes vitivin\u00edcoles.<\/p>\n\n\n\n<p class=\"wp-block-paragraph\">El diputat de Medi Ambient, Avelino Mascarell, ha valorat este nou paquet d&#8217;ajudes al sector rural, ja que \u201creforcen la base de la nostra gesti\u00f3 en l&#8217;\u00e0rea, que abasta des de la prevenci\u00f3 d&#8217;incendis forestals fins a l&#8217;impuls d&#8217;iniciatives que incentiven l&#8217;economia d&#8217;estes zones, sense oblidar als emprenedors i els projectes que optimitzen els recursos agr\u00edcoles i ramaders, que s\u00f3n una part fonamental del nostre teixit productiu\u201d.<\/p>\n\n\n\n<p class=\"wp-block-paragraph\">En l&#8217;\u00e0mbit social, la Mancomunitat del Valle de Ayora-Cofrentes disposar\u00e0 de cr\u00e8dit per al finan\u00e7ament de serveis socials d&#8217;atenci\u00f3 prim\u00e0ria en els set municipis de la comarca, cinc dels quals no arriben al miler d&#8217;habitants. L\u2019ajuda, emmarcada en l&#8217;atenci\u00f3 social a municipis valencians de menys de 15.000 habitants, oferix \u201cuna resposta directa a necessitats b\u00e0siques dels municipis i un paquet de recursos per a majors, inf\u00e0ncia, persones amb diversitat funcional o salut mental, sense perdre de vista la despoblaci\u00f3 i els criteris d&#8217;equitat territorial\u201d, explica la diputada de Benestar Social, Imma Gonz\u00e1lez.<\/p>\n\n\n\n<p class=\"wp-block-paragraph\"><strong>Projectes socials<\/strong><\/p>\n\n\n\n<p class=\"wp-block-paragraph\">Entre les subvencions a entitats socials aprovades en el ple provincial de mar\u00e7, la Diputaci\u00f3 de Val\u00e8ncia amplia la seua col\u00b7laboraci\u00f3 amb la Fundaci\u00f3 Mira\u2019m, dedicada al suport i acompanyament de persones amb autisme i les seues fam\u00edlies, que compta en una \u00e0rea educativa centrada en la formaci\u00f3 personal i acad\u00e8mica entre les etapes de la inf\u00e0ncia i la joventut.<\/p>\n\n\n\n<p class=\"wp-block-paragraph\">En concret, la Diputaci\u00f3 ajuda a impulsar el programa \u2018LanzaTEA\u2019, un projecte multidimensional que pret\u00e9n servir de llan\u00e7adora cap a la joventut i vida adulta de persones amb autisme a trav\u00e9s de la formaci\u00f3. La fundaci\u00f3 compta amb programes formatius de qualificaci\u00f3 b\u00e0sica a Gandia, enfocat a les arts gr\u00e0fiques, i a Val\u00e8ncia, orientat a la pastisseria. La fundaci\u00f3 compta tamb\u00e9 amb un col\u00b7legi espec\u00edfic a Val\u00e8ncia.<\/p>\n\n\n\n<p class=\"wp-block-paragraph\">Una altra de les aportacions destacades \u00e9s la que es fa a Asindown, que duu a terme un sistema de seguiment de les persones adultes majors amb s\u00edndrome de Down amb programes de prevenci\u00f3, manteniment i intervenci\u00f3 espec\u00edfic en el Centre de \u2018Vida Adulta i envelliment Actiu\u2019. Concretament, es realitzen avaluacions peri\u00f2diques en \u00e0rees afectades per l&#8217;envelliment per a identificar en quin moment es troba l&#8217;usuari, i \u00e9s que la s\u00edndrome de Down comporta un envelliment prematur i un alt risc de dem\u00e8ncies, com l&#8217;Alzheimer, a partir dels 35 anys.<\/p>\n\n\n\n<p class=\"wp-block-paragraph\"><strong>Pla Obert d\u2019Inversions<\/strong><\/p>\n\n\n\n<p class=\"wp-block-paragraph\">La sessi\u00f3 de mar\u00e7 ha incl\u00f2s tamb\u00e9 l&#8217;aprovaci\u00f3 definitiva de les bases del Pla Obert, el major programa inversor de la Diputaci\u00f3 amb 350 milions d&#8217;euros per als pr\u00f2xims quatre anys. La vicepresidenta primera, Nat\u00e0lia Enguix, ha agra\u00eft l&#8217;esfor\u00e7 i el treball de l&#8217;equip de Cooperaci\u00f3 \u201cper haver transformat en poc temps un pla tan ambici\u00f3s que busca l&#8217;efici\u00e8ncia, que les xifres es transformen en projectes i els municipis no hagen de retornar ni un sol euro a la Diputaci\u00f3\u201d.<\/p>\n\n\n\n<p class=\"wp-block-paragraph\">Enguix ha destacat \u201cl&#8217;\u00e8xit de les profitoses jornades que hem realitzat a les comarques al costat del president Momp\u00f3 i l&#8217;equip t\u00e8cnic que encap\u00e7ala Pedro Domingo, una ruta que ha ajudat a acostar la Diputaci\u00f3 al territori i millorar la posada en marxa del pla\u201d. La vicepresidenta ha insistit en les millores d&#8217;un programa que \u201cno sols incrementa la dotaci\u00f3 econ\u00f2mica, sin\u00f3 que s&#8217;ha aprovat sis mesos abans que l&#8217;anterior pla i ha flexibilitzat els terminis per a facilitar la seua execuci\u00f3\u201d.<\/p>\n\n\n\n<p class=\"wp-block-paragraph\">La responsable de Cooperaci\u00f3 Municipal ha finalitzat la seua intervenci\u00f3 apuntant a Europa, i en concret a \u201cles noves maneres d&#8217;afrontar les inversions i fer-les \u00fatils per a millorar les condicions de vida de les nostres ve\u00efnes i ve\u00efns\u201d. En eixa l\u00ednia treballa l&#8217;\u00e0rea que dirigix per a, a trav\u00e9s del nou Pla Obert, convertir els municipis de la prov\u00edncia en \u201cespais m\u00e9s humans, sostenibles i igualitaris, centrant els recursos en iniciatives que aporten valor afegit\u201d.<\/p>\n","protected":false},"excerpt":{"rendered":"<div class=\"mh-excerpt\">El ple de mar\u00e7 dona llum verda a subvencions de car\u00e0cter social i mediambiental a diferents col\u00b7lectius de la prov\u00edncia per un import global de 600.000 euros, que complementen les incloses en el pressupost Entre <a class=\"mh-excerpt-more\" href=\"https:\/\/tucomarca.whitekongsoftware.com\/ca\/la-diputacio-de-valencia-aprova-ajudes-per-a-inclusio-social-i-projectes-de-desenvolupament-rural-en-les-comarques\/\" title=\"La Diputaci\u00f3 de Val\u00e8ncia aprova ajudes per a inclusi\u00f3 social i projectes de desenvolupament rural en les comarques\">[+] <\/a><\/div>\n","protected":false},"author":12,"featured_media":216217,"comment_status":"open","ping_status":"open","sticky":false,"template":"","format":"standard","meta":{"footnotes":""},"categories":[10951,10898,10948,10894,10904,10903,10947,10909,10896],"tags":[13979,11246],"class_list":["post-216218","post","type-post","status-publish","format-standard","has-post-thumbnail","category-ayora-cofrentes-ca","category-ventana-ca","category-infraestructuras-ca","category-la-comarca-ca","category-sin-categorizar-ca","category-medio-ambiente-la-comarca-ca","category-politica","category-requena-utiel-ca","category-seccion-ca","tag-desarrollo-rural-ca","tag-diputacio-de-valencia-ca"],"_links":{"self":[{"href":"https:\/\/tucomarca.whitekongsoftware.com\/ca\/wp-json\/wp\/v2\/posts\/216218","targetHints":{"allow":["GET"]}}],"collection":[{"href":"https:\/\/tucomarca.whitekongsoftware.com\/ca\/wp-json\/wp\/v2\/posts"}],"about":[{"href":"https:\/\/tucomarca.whitekongsoftware.com\/ca\/wp-json\/wp\/v2\/types\/post"}],"author":[{"embeddable":true,"href":"https:\/\/tucomarca.whitekongsoftware.com\/ca\/wp-json\/wp\/v2\/users\/12"}],"replies":[{"embeddable":true,"href":"https:\/\/tucomarca.whitekongsoftware.com\/ca\/wp-json\/wp\/v2\/comments?post=216218"}],"version-history":[{"count":0,"href":"https:\/\/tucomarca.whitekongsoftware.com\/ca\/wp-json\/wp\/v2\/posts\/216218\/revisions"}],"wp:featuredmedia":[{"embeddable":true,"href":"https:\/\/tucomarca.whitekongsoftware.com\/ca\/wp-json\/wp\/v2\/media\/216217"}],"wp:attachment":[{"href":"https:\/\/tucomarca.whitekongsoftware.com\/ca\/wp-json\/wp\/v2\/media?parent=216218"}],"wp:term":[{"taxonomy":"category","embeddable":true,"href":"https:\/\/tucomarca.whitekongsoftware.com\/ca\/wp-json\/wp\/v2\/categories?post=216218"},{"taxonomy":"post_tag","embeddable":true,"href":"https:\/\/tucomarca.whitekongsoftware.com\/ca\/wp-json\/wp\/v2\/tags?post=216218"}],"curies":[{"name":"wp","href":"https:\/\/api.w.org\/{rel}","templated":true}]}}