{"id":216211,"date":"2024-03-26T09:00:00","date_gmt":"2024-03-26T08:00:00","guid":{"rendered":"http:\/\/www.tucomarca.com\/wordpress\/segunda\/?p=216211"},"modified":"2024-03-26T21:53:09","modified_gmt":"2024-03-26T20:53:09","slug":"el-pspv-psoe-assegura-que-lajuntament-de-bunyol-oculta-informacio-sobre-les-plantes-solars","status":"publish","type":"post","link":"https:\/\/tucomarca.whitekongsoftware.com\/ca\/el-pspv-psoe-assegura-que-lajuntament-de-bunyol-oculta-informacio-sobre-les-plantes-solars\/","title":{"rendered":"El PSPV-PSOE assegura que l&#8217;Ajuntament de Bunyol &#8220;oculta informaci\u00f3 sobre les plantes solars&#8221;"},"content":{"rendered":"\n<p class=\"wp-block-paragraph\">El PSPV-PSOE de Bunyol ha denunciat que l&#8217;equip de Govern municipal (Partit Popular i XBu\u00f1ol) &#8220;oculta a la poblaci\u00f3 les seues vertaderes intencions amb els projectes fotovoltaics&#8221;. El grup socialista mant\u00e9 &#8220;que fa quasi un mes l&#8217;Ajuntament va publicar un estudi d&#8217;integraci\u00f3 paisatg\u00edstica per a una altra Instal\u00b7laci\u00f3 Fotovoltaica a Bunyol 1 d&#8217;1 MW i no s&#8217;ha fet difusi\u00f3 d&#8217;aquest. D&#8217;acord amb el projecte aquesta planta tindr\u00e0 una superf\u00edcie de 22.434 m\u00b2, a m\u00e9s aquest estudi va acompanyat d&#8217;una enquesta perqu\u00e8 la poblaci\u00f3 mostre la seua opini\u00f3 i efectue al\u00b7legacions&#8221;, sempre segons els socialistes.&nbsp;<\/p>\n\n\n\n<p class=\"wp-block-paragraph\">El portaveu Socialista, Aurelio Palmer, ha assegurat que \u00e9s &#8220;incomprensible que el Govern tracte d&#8217;ocultar una consulta ciutadana per a la instal\u00b7laci\u00f3 d&#8217;una altra planta fotovoltaica&#8221;, i ha afegit &#8220;que no \u00e9s la primera vegada que l&#8217;Ajuntament publica informaci\u00f3 rellevant sobre projectes fotovoltaics i no realitza cap mena de difusi\u00f3, una vegada m\u00e9s constatem que les seues intencions no s\u00f3n frenar aquest tipus de projectes i que els canals de comunicaci\u00f3 municipals no s&#8217;usen per als assumptes rellevants del municipi, sin\u00f3 per a la promoci\u00f3 personal i l&#8217;autobombo&#8221;.&nbsp;<\/p>\n\n\n\n<p class=\"wp-block-paragraph\">Des de de el PSOE remarquen que \u00e9s &#8220;fonamental que la poblaci\u00f3 participe en la consulta i realitze al\u00b7legacions, ja que \u00e9s l&#8217;\u00fanica manera que es puguen realitzar modificacions i millores en el projecte original. Despr\u00e9s d&#8217;aquest pas nom\u00e9s quedar\u00e0 l&#8217;aprovaci\u00f3 per part de la Generalitat, que ja ha anunciat una modificaci\u00f3 de la legislaci\u00f3 per a \u201caccelerar la instal\u00b7laci\u00f3 d&#8217;aquests macro projectes&#8221;.<\/p>\n\n\n\n<p class=\"wp-block-paragraph\">&#8220;Aquest seriosa el tercer projecte que s&#8217;instal\u00b7lar\u00e0 a Bunyol, la Conselleria i l&#8217;Ajuntament ja han aprovat la Planta Solar Fotovoltaica One Victoria Bunyol 2,99 MWp, i Parc Solar Fotovoltaic Bunyol 2 Espai Solar de 3,3MWp&#8221;.<\/p>\n\n\n\n<p class=\"wp-block-paragraph\">El Partit Socialista de Bunyol ha reiterat el seu &#8220;rebuig a les macroplantes solars plantejades en el municipi i en els termes confrontants, per l&#8217;impacte negatiu que tindrien per a la localitat tant les instal\u00b7lacions en si com les l\u00ednies el\u00e8ctriques que des d&#8217;all\u00ed partirien amb una greu afecci\u00f3 paisatg\u00edstica i a escassa dist\u00e0ncia de molts habitatges disseminats&#8221;. A m\u00e9s, remarquen que la &#8220;proximitat entre eixos projectes (separats per uns centenars de metres o fins i tot en parcel\u00b7les confrontants) genera un efecte acumulatiu global, apreciant-se com una \u00fanica planta fotovoltaica, la qual cosa provocaria la transformaci\u00f3 i desaparici\u00f3 de part d&#8217;aquest paisatge&#8221;.<\/p>\n\n\n\n<p class=\"wp-block-paragraph\"><\/p>\n","protected":false},"excerpt":{"rendered":"<div class=\"mh-excerpt\">El PSPV-PSOE de Bunyol ha denunciat que l&#8217;equip de Govern municipal (Partit Popular i XBu\u00f1ol) &#8220;oculta a la poblaci\u00f3 les seues vertaderes intencions amb els projectes fotovoltaics&#8221;. El grup socialista mant\u00e9 &#8220;que fa quasi un <a class=\"mh-excerpt-more\" href=\"https:\/\/tucomarca.whitekongsoftware.com\/ca\/el-pspv-psoe-assegura-que-lajuntament-de-bunyol-oculta-informacio-sobre-les-plantes-solars\/\" title=\"El PSPV-PSOE assegura que l&#8217;Ajuntament de Bunyol &#8220;oculta informaci\u00f3 sobre les plantes solars&#8221;\">[+] <\/a><\/div>\n","protected":false},"author":12,"featured_media":216206,"comment_status":"open","ping_status":"open","sticky":false,"template":"","format":"standard","meta":{"footnotes":""},"categories":[10911,10948,10894,10912,10947,10896],"tags":[10913,10914,11381],"class_list":["post-216211","post","type-post","status-publish","format-standard","has-post-thumbnail","category-bunol-ca","category-infraestructuras-ca","category-la-comarca-ca","category-la-hoya-ca","category-politica","category-seccion-ca","tag-bunol-ca","tag-la-hoya-de-bunol-chiva-ca","tag-pspv-psoe-bunol-ca"],"_links":{"self":[{"href":"https:\/\/tucomarca.whitekongsoftware.com\/ca\/wp-json\/wp\/v2\/posts\/216211","targetHints":{"allow":["GET"]}}],"collection":[{"href":"https:\/\/tucomarca.whitekongsoftware.com\/ca\/wp-json\/wp\/v2\/posts"}],"about":[{"href":"https:\/\/tucomarca.whitekongsoftware.com\/ca\/wp-json\/wp\/v2\/types\/post"}],"author":[{"embeddable":true,"href":"https:\/\/tucomarca.whitekongsoftware.com\/ca\/wp-json\/wp\/v2\/users\/12"}],"replies":[{"embeddable":true,"href":"https:\/\/tucomarca.whitekongsoftware.com\/ca\/wp-json\/wp\/v2\/comments?post=216211"}],"version-history":[{"count":0,"href":"https:\/\/tucomarca.whitekongsoftware.com\/ca\/wp-json\/wp\/v2\/posts\/216211\/revisions"}],"wp:featuredmedia":[{"embeddable":true,"href":"https:\/\/tucomarca.whitekongsoftware.com\/ca\/wp-json\/wp\/v2\/media\/216206"}],"wp:attachment":[{"href":"https:\/\/tucomarca.whitekongsoftware.com\/ca\/wp-json\/wp\/v2\/media?parent=216211"}],"wp:term":[{"taxonomy":"category","embeddable":true,"href":"https:\/\/tucomarca.whitekongsoftware.com\/ca\/wp-json\/wp\/v2\/categories?post=216211"},{"taxonomy":"post_tag","embeddable":true,"href":"https:\/\/tucomarca.whitekongsoftware.com\/ca\/wp-json\/wp\/v2\/tags?post=216211"}],"curies":[{"name":"wp","href":"https:\/\/api.w.org\/{rel}","templated":true}]}}