{"id":216148,"date":"2024-03-26T13:00:00","date_gmt":"2024-03-26T12:00:00","guid":{"rendered":"https:\/\/www.tucomarca.com\/wordpress\/segunda\/?p=216148"},"modified":"2024-03-26T13:21:12","modified_gmt":"2024-03-26T12:21:12","slug":"detinguts-5-integrants-dun-grup-criminal-dedicat-a-robatoris-en-empreses-i-vehicles-en-poligons-despres-de-ser-sorpresos-en-riba-roja","status":"publish","type":"post","link":"https:\/\/tucomarca.whitekongsoftware.com\/ca\/detinguts-5-integrants-dun-grup-criminal-dedicat-a-robatoris-en-empreses-i-vehicles-en-poligons-despres-de-ser-sorpresos-en-riba-roja\/","title":{"rendered":"Detinguts 5 integrants d&#8217;un grup criminal dedicat a robatoris en empreses i vehicles en pol\u00edgons despr\u00e9s de ser sorpresos en Riba-roja\u00a0"},"content":{"rendered":"\n<h3 class=\"wp-block-heading\"><strong>L&#8217;operaci\u00f3 s&#8217;ha saldat amb 5 detinguts als qui se&#8217;ls imputen 35 delictes contra el patrimoni<\/strong>.<\/h3>\n\n\n\n<p class=\"wp-block-paragraph\">La Gu\u00e0rdia Civil de Val\u00e8ncia ha detingut als 5 integrants d&#8217;un grup criminal que es dedicava a cometre robatoris en empreses i vehicles en diferents localitats de la prov\u00edncia de Val\u00e8ncia.\u00a0<\/p>\n\n\n\n<p class=\"wp-block-paragraph\">L&#8217;inici de l&#8217;operaci\u00f3 va donar principi el 21 de desembre del passat any, quan 5 individus a bord d&#8217;una furgoneta van intentar cometre un robatori en una empresa del pol\u00edgon de Riba-roja de T\u00faria del Turia. Aquestes persones van ser sorpreses per diversos treballadors de la citada empresa, per la qual cosa comencen la fugida del lloc a gran velocitat.\u00a0<\/p>\n\n\n\n<p class=\"wp-block-paragraph\">Els investigadors van aconseguir donar amb el n\u00famero de matr\u00edcula del vehicle utilitzat per a la fugida. Una vegada analitzada aquesta informaci\u00f3, els agents van aconseguir identificar a la persona que aportava la log\u00edstica del citat grup criminal.&nbsp;<\/p>\n\n\n\n<p class=\"wp-block-paragraph\">Despr\u00e9s d&#8217;\u00e0rdues investigacions, els agents van aconseguir la identificaci\u00f3 dels ochos membres del grup criminal, 5 dels quals van ser detinguts en la localitat d&#8217;Aldaia (Val\u00e8ncia). Els detinguts tenen edats compreses entre 19 i 48 anys de nacionalitat espanyola. Se&#8217;ls atribueixen els seg\u00fcents delictes: pertinen\u00e7a a grup criminal, robatoris amb for\u00e7a, delictes de furt i delicte d&#8217;estafa, amb un total de 35 delictes contra el patrimoni.&nbsp;<\/p>\n\n\n\n<p class=\"wp-block-paragraph\">Les dilig\u00e8ncies han sigut entregades en el Jutjat de Primera Inst\u00e0ncia i Instrucci\u00f3 N\u00famero 5 de Ll\u00edria.<\/p>\n","protected":false},"excerpt":{"rendered":"<div class=\"mh-excerpt\">L&#8217;operaci\u00f3 s&#8217;ha saldat amb 5 detinguts als qui se&#8217;ls imputen 35 delictes contra el patrimoni. La Gu\u00e0rdia Civil de Val\u00e8ncia ha detingut als 5 integrants d&#8217;un grup criminal que es dedicava a cometre robatoris en <a class=\"mh-excerpt-more\" href=\"https:\/\/tucomarca.whitekongsoftware.com\/ca\/detinguts-5-integrants-dun-grup-criminal-dedicat-a-robatoris-en-empreses-i-vehicles-en-poligons-despres-de-ser-sorpresos-en-riba-roja\/\" title=\"Detinguts 5 integrants d&#8217;un grup criminal dedicat a robatoris en empreses i vehicles en pol\u00edgons despr\u00e9s de ser sorpresos en Riba-roja\u00a0\">[+] <\/a><\/div>\n","protected":false},"author":1,"featured_media":117129,"comment_status":"open","ping_status":"open","sticky":false,"template":"","format":"standard","meta":{"footnotes":""},"categories":[10892,10898,10948,10894,10904,10928,10906,10896,10897],"tags":[10899,12920,10907],"class_list":["post-216148","post","type-post","status-publish","format-standard","has-post-thumbnail","category-camp-de-turia-ca","category-ventana-ca","category-infraestructuras-ca","category-la-comarca-ca","category-sin-categorizar-ca","category-lliria-ca","category-riba-roja-ca","category-seccion-ca","category-sucesos-la-comarca-ca","tag-camp-de-turia-ca","tag-detenidos-ca","tag-riba-roja-del-turia-ca"],"_links":{"self":[{"href":"https:\/\/tucomarca.whitekongsoftware.com\/ca\/wp-json\/wp\/v2\/posts\/216148","targetHints":{"allow":["GET"]}}],"collection":[{"href":"https:\/\/tucomarca.whitekongsoftware.com\/ca\/wp-json\/wp\/v2\/posts"}],"about":[{"href":"https:\/\/tucomarca.whitekongsoftware.com\/ca\/wp-json\/wp\/v2\/types\/post"}],"author":[{"embeddable":true,"href":"https:\/\/tucomarca.whitekongsoftware.com\/ca\/wp-json\/wp\/v2\/users\/1"}],"replies":[{"embeddable":true,"href":"https:\/\/tucomarca.whitekongsoftware.com\/ca\/wp-json\/wp\/v2\/comments?post=216148"}],"version-history":[{"count":0,"href":"https:\/\/tucomarca.whitekongsoftware.com\/ca\/wp-json\/wp\/v2\/posts\/216148\/revisions"}],"wp:featuredmedia":[{"embeddable":true,"href":"https:\/\/tucomarca.whitekongsoftware.com\/ca\/wp-json\/wp\/v2\/media\/117129"}],"wp:attachment":[{"href":"https:\/\/tucomarca.whitekongsoftware.com\/ca\/wp-json\/wp\/v2\/media?parent=216148"}],"wp:term":[{"taxonomy":"category","embeddable":true,"href":"https:\/\/tucomarca.whitekongsoftware.com\/ca\/wp-json\/wp\/v2\/categories?post=216148"},{"taxonomy":"post_tag","embeddable":true,"href":"https:\/\/tucomarca.whitekongsoftware.com\/ca\/wp-json\/wp\/v2\/tags?post=216148"}],"curies":[{"name":"wp","href":"https:\/\/api.w.org\/{rel}","templated":true}]}}