{"id":216022,"date":"2024-03-25T18:30:00","date_gmt":"2024-03-25T17:30:00","guid":{"rendered":"https:\/\/www.tucomarca.com\/wordpress\/segunda\/?p=216022"},"modified":"2024-03-25T19:21:12","modified_gmt":"2024-03-25T18:21:12","slug":"excarceren-al-conductor-dun-camio-que-ha-caigut-per-un-terraple-despres-de-patir-un-accident-en-lacces-a-la-a-7-des-de-la-cv-36","status":"publish","type":"post","link":"https:\/\/tucomarca.whitekongsoftware.com\/ca\/excarceren-al-conductor-dun-camio-que-ha-caigut-per-un-terraple-despres-de-patir-un-accident-en-lacces-a-la-a-7-des-de-la-cv-36\/","title":{"rendered":"Excarceren al conductor d&#8217;un cami\u00f3 que ha caigut per un terrapl\u00e9 despr\u00e9s de patir un accident en l&#8217;acc\u00e9s a la A-7 des de la CV-36"},"content":{"rendered":"\n<p class=\"wp-block-paragraph\">Efectius del Consorci de Bombers de Val\u00e8ncia s&#8217;han mobilitzat aquest dilluns al mat\u00ed, concretament a les 10,34 hores, per a auxiliar un accident ocorregut en la corba d&#8217;acc\u00e9s a l&#8217;Autovia A-7 des de la carretera CV-36 que la connecta amb Xiva, on un cami\u00f3 ha patit una eixida de via, caient per un terrapl\u00e9 i deixant al conductor atrapat despr\u00e9s de bolcar. <\/p>\n\n\n\n<p class=\"wp-block-paragraph\">En les tasques d&#8217;auxili han participat bombers dels parcs de Torrent, Silla i de Xiva amb el sergent de Torrent, els qui han excarcerat al conductor. Uns treballs d&#8217;excarceraci\u00f3 que han sigut costosos i que han durat unes dues hores. <\/p>\n\n\n\n<p class=\"wp-block-paragraph\">Una vegada rescatat pels bombers, l&#8217;home ha sigut transferit als mitjans sanitaris. Els efectius del Consorci tamb\u00e9 han contingut una fugida de combustible del vehicle que s&#8217;ha produ\u00eft despr\u00e9s de l&#8217;accident.<\/p>\n\n\n\n<figure class=\"wp-block-gallery has-nested-images columns-1 is-cropped wp-block-gallery-1 is-layout-flex wp-block-gallery-is-layout-flex\">\n<figure class=\"wp-block-image size-large\"><img loading=\"lazy\" decoding=\"async\" width=\"1599\" height=\"899\" data-id=\"216006\" src=\"http:\/\/www.tucomarca.com\/wordpress\/segunda\/wp-content\/uploads\/2024\/03\/AccidenteChiva3.jpeg\" alt=\"\" class=\"wp-image-216006\" srcset=\"https:\/\/tucomarca.whitekongsoftware.com\/wp-content\/uploads\/2024\/03\/AccidenteChiva3.jpeg 1599w, https:\/\/tucomarca.whitekongsoftware.com\/wp-content\/uploads\/2024\/03\/AccidenteChiva3-300x169.jpeg 300w, https:\/\/tucomarca.whitekongsoftware.com\/wp-content\/uploads\/2024\/03\/AccidenteChiva3-1024x576.jpeg 1024w, https:\/\/tucomarca.whitekongsoftware.com\/wp-content\/uploads\/2024\/03\/AccidenteChiva3-768x432.jpeg 768w, https:\/\/tucomarca.whitekongsoftware.com\/wp-content\/uploads\/2024\/03\/AccidenteChiva3-1536x864.jpeg 1536w, https:\/\/tucomarca.whitekongsoftware.com\/wp-content\/uploads\/2024\/03\/AccidenteChiva3-678x381.jpeg 678w\" sizes=\"auto, (max-width: 1599px) 100vw, 1599px\" \/><\/figure>\n\n\n\n<figure class=\"wp-block-image size-large\"><img loading=\"lazy\" decoding=\"async\" width=\"1599\" height=\"899\" data-id=\"216002\" src=\"http:\/\/www.tucomarca.com\/wordpress\/segunda\/wp-content\/uploads\/2024\/03\/AccidenteChiva1.jpeg\" alt=\"\" class=\"wp-image-216002\" srcset=\"https:\/\/tucomarca.whitekongsoftware.com\/wp-content\/uploads\/2024\/03\/AccidenteChiva1.jpeg 1599w, https:\/\/tucomarca.whitekongsoftware.com\/wp-content\/uploads\/2024\/03\/AccidenteChiva1-300x169.jpeg 300w, https:\/\/tucomarca.whitekongsoftware.com\/wp-content\/uploads\/2024\/03\/AccidenteChiva1-1024x576.jpeg 1024w, https:\/\/tucomarca.whitekongsoftware.com\/wp-content\/uploads\/2024\/03\/AccidenteChiva1-768x432.jpeg 768w, https:\/\/tucomarca.whitekongsoftware.com\/wp-content\/uploads\/2024\/03\/AccidenteChiva1-1536x864.jpeg 1536w, https:\/\/tucomarca.whitekongsoftware.com\/wp-content\/uploads\/2024\/03\/AccidenteChiva1-678x381.jpeg 678w\" sizes=\"auto, (max-width: 1599px) 100vw, 1599px\" \/><\/figure>\n\n\n\n<figure class=\"wp-block-image size-large\"><img loading=\"lazy\" decoding=\"async\" width=\"1599\" height=\"899\" data-id=\"216010\" src=\"http:\/\/www.tucomarca.com\/wordpress\/segunda\/wp-content\/uploads\/2024\/03\/AccidenteChiva7.jpeg\" alt=\"\" class=\"wp-image-216010\" srcset=\"https:\/\/tucomarca.whitekongsoftware.com\/wp-content\/uploads\/2024\/03\/AccidenteChiva7.jpeg 1599w, https:\/\/tucomarca.whitekongsoftware.com\/wp-content\/uploads\/2024\/03\/AccidenteChiva7-300x169.jpeg 300w, https:\/\/tucomarca.whitekongsoftware.com\/wp-content\/uploads\/2024\/03\/AccidenteChiva7-1024x576.jpeg 1024w, https:\/\/tucomarca.whitekongsoftware.com\/wp-content\/uploads\/2024\/03\/AccidenteChiva7-768x432.jpeg 768w, https:\/\/tucomarca.whitekongsoftware.com\/wp-content\/uploads\/2024\/03\/AccidenteChiva7-1536x864.jpeg 1536w, https:\/\/tucomarca.whitekongsoftware.com\/wp-content\/uploads\/2024\/03\/AccidenteChiva7-678x381.jpeg 678w\" sizes=\"auto, (max-width: 1599px) 100vw, 1599px\" \/><\/figure>\n<\/figure>\n","protected":false},"excerpt":{"rendered":"<div class=\"mh-excerpt\">Efectius del Consorci de Bombers de Val\u00e8ncia s&#8217;han mobilitzat aquest dilluns al mat\u00ed, concretament a les 10,34 hores, per a auxiliar un accident ocorregut en la corba d&#8217;acc\u00e9s a l&#8217;Autovia A-7 des de la carretera <a class=\"mh-excerpt-more\" href=\"https:\/\/tucomarca.whitekongsoftware.com\/ca\/excarceren-al-conductor-dun-camio-que-ha-caigut-per-un-terraple-despres-de-patir-un-accident-en-lacces-a-la-a-7-des-de-la-cv-36\/\" title=\"Excarceren al conductor d&#8217;un cami\u00f3 que ha caigut per un terrapl\u00e9 despr\u00e9s de patir un accident en l&#8217;acc\u00e9s a la A-7 des de la CV-36\">[+] <\/a><\/div>\n","protected":false},"author":1,"featured_media":216009,"comment_status":"open","ping_status":"open","sticky":false,"template":"","format":"gallery","meta":{"footnotes":""},"categories":[10898,10948,10894,10904,10912,10896,10897,10975],"tags":[10914,11129],"class_list":["post-216022","post","type-post","status-publish","format-gallery","has-post-thumbnail","category-ventana-ca","category-infraestructuras-ca","category-la-comarca-ca","category-sin-categorizar-ca","category-la-hoya-ca","category-seccion-ca","category-sucesos-la-comarca-ca","category-chiva-ca","tag-la-hoya-de-bunol-chiva-ca","tag-xiva","post_format-post-format-gallery"],"_links":{"self":[{"href":"https:\/\/tucomarca.whitekongsoftware.com\/ca\/wp-json\/wp\/v2\/posts\/216022","targetHints":{"allow":["GET"]}}],"collection":[{"href":"https:\/\/tucomarca.whitekongsoftware.com\/ca\/wp-json\/wp\/v2\/posts"}],"about":[{"href":"https:\/\/tucomarca.whitekongsoftware.com\/ca\/wp-json\/wp\/v2\/types\/post"}],"author":[{"embeddable":true,"href":"https:\/\/tucomarca.whitekongsoftware.com\/ca\/wp-json\/wp\/v2\/users\/1"}],"replies":[{"embeddable":true,"href":"https:\/\/tucomarca.whitekongsoftware.com\/ca\/wp-json\/wp\/v2\/comments?post=216022"}],"version-history":[{"count":0,"href":"https:\/\/tucomarca.whitekongsoftware.com\/ca\/wp-json\/wp\/v2\/posts\/216022\/revisions"}],"wp:featuredmedia":[{"embeddable":true,"href":"https:\/\/tucomarca.whitekongsoftware.com\/ca\/wp-json\/wp\/v2\/media\/216009"}],"wp:attachment":[{"href":"https:\/\/tucomarca.whitekongsoftware.com\/ca\/wp-json\/wp\/v2\/media?parent=216022"}],"wp:term":[{"taxonomy":"category","embeddable":true,"href":"https:\/\/tucomarca.whitekongsoftware.com\/ca\/wp-json\/wp\/v2\/categories?post=216022"},{"taxonomy":"post_tag","embeddable":true,"href":"https:\/\/tucomarca.whitekongsoftware.com\/ca\/wp-json\/wp\/v2\/tags?post=216022"}],"curies":[{"name":"wp","href":"https:\/\/api.w.org\/{rel}","templated":true}]}}