{"id":216014,"date":"2024-03-25T12:30:00","date_gmt":"2024-03-25T11:30:00","guid":{"rendered":"http:\/\/www.tucomarca.com\/wordpress\/segunda\/?p=216014"},"modified":"2024-03-25T19:04:25","modified_gmt":"2024-03-25T18:04:25","slug":"fgv-interromp-per-obres-la-circulacio-entre-les-estacions-de-paterna-i-lliria-de-la-linia-2-de-metrovalencia-del-28-de-marc-al-8-dabril","status":"publish","type":"post","link":"https:\/\/tucomarca.whitekongsoftware.com\/ca\/fgv-interromp-per-obres-la-circulacio-entre-les-estacions-de-paterna-i-lliria-de-la-linia-2-de-metrovalencia-del-28-de-marc-al-8-dabril\/","title":{"rendered":"FGV interromp per obres la circulaci\u00f3 entre les estacions de Paterna i Ll\u00edria de la l\u00ednia 2 de Metrovalencia del 28 de mar\u00e7 al 8 d\u2019abril"},"content":{"rendered":"\n<h3 class=\"wp-block-heading\">Les obres de construcci\u00f3 del nou baixador i duplicaci\u00f3 de via en el pol\u00edgon industrial de Fuente del Jarro obliguen a prestar servici alternatiu d\u2019autob\u00fas entre estes parades.<\/h3>\n\n\n\n<h3 class=\"wp-block-heading\">Esta actuaci\u00f3 \u00e9s finan\u00e7ada per Fons Europeus i t\u00e9 un pressupost superior als 6,5 milions d\u2019euros.<\/h3>\n\n\n\n<p class=\"wp-block-paragraph\">Ferrocarrils de la Generalitat Valenciana (FGV) interrompr\u00e0 la circulaci\u00f3 ferrovi\u00e0ria des del dijous 28 de mar\u00e7 fins al 8 d\u2019abril entre les estacions de Paterna i Ll\u00edria de la l\u00ednia 2 de Metrovalencia amb motiu de les obres de construcci\u00f3 del nou baixador i duplicaci\u00f3 de via que es facen en el tram que discorre pel pol\u00edgon industrial Fuente del Jarro.<\/p>\n\n\n\n<p class=\"wp-block-paragraph\">Les dates de la realitzaci\u00f3 dels treballs s\u2019han elegit perqu\u00e8 es tracta del per\u00edode vacacional de Setmana Santa, en el qual hi ha m\u00e9s dies festius i no hi ha classes en col\u00b7legis, instituts i universitats, la qual cosa suposa un menor moviment d\u2019usuaris.<\/p>\n\n\n\n<p class=\"wp-block-paragraph\">Davant d\u2019esta modificaci\u00f3, FGV ha disposat un servici alternatiu d\u2019autob\u00fas entre Paterna i Ll\u00edria, amb les mateixes freq\u00fc\u00e8ncies que el metro. Els autobusos faran parada en les estacions afectades, excepte en els baixadors de La Vallesa, Entrepins, El Clot, Montesol i Fondo de Benaguasil.<\/p>\n\n\n\n<p class=\"wp-block-paragraph\">Per a facilitar l\u2019acc\u00e9s als autobusos, des d\u2019FGV s\u2019han establit dos rutes. La primera amb parada a Paterna, Santa Rita, Fuente del Jarro, la Canyada i l\u2019Eliana, mentres que la segona enlla\u00e7a Paterna amb l\u2019Eliana, Gallipont-Torre del Virrei, La Pobla de Vallbona, Benaguasil i Ll\u00edria.<\/p>\n\n\n\n<p class=\"wp-block-paragraph\">Durant este per\u00edode el servici nocturn de Metrovalencia, previst per als divendres, dissabte i vespres de festius, finalitza a Paterna.<\/p>\n\n\n\n<p class=\"wp-block-paragraph\">Est\u00e0 previst que el dimarts 9 d\u2019abril la circulaci\u00f3 de trens es fa\u00e7a amb total normalitat, una vegada finalitzats els treballs.<\/p>\n\n\n\n<p class=\"wp-block-paragraph\">Tots els usuaris que vulguen ampliar la informaci\u00f3 d\u2019horaris i freq\u00fc\u00e8ncies d\u2019este servici poden consultar en la p\u00e0gina web de&nbsp;<a href=\"http:\/\/www.metrovalencia.es\/\">Metrovalencia&nbsp;<\/a>i en el tel\u00e8fon gratu\u00eft d\u2019informaci\u00f3 i atenci\u00f3 al client 900 46 10 46, aix\u00ed com en @metrovalencia, en facebook\/metrovalencia.fgv i en l\u2019<em>app<\/em>&nbsp;oficial de Metrovalencia.<\/p>\n\n\n\n<p class=\"wp-block-paragraph\"><strong>Actuacions en Fuente del Jarro<\/strong><\/p>\n\n\n\n<p class=\"wp-block-paragraph\">L\u2019actuaci\u00f3 disposa d\u2019un pressupost d\u2019uns 6,5 milions d\u2019euros, IVA incl\u00f2s, i \u00e9s finan\u00e7ada per Fons Europeus, a trav\u00e9s dels fons REACT-EU del Programa operatiu FEDER Comunitat Valenciana 2014-2020, com a part de la resposta de la Uni\u00f3 Europea a la pand\u00e8mia de COVID-19.<\/p>\n\n\n\n<p class=\"wp-block-paragraph\">Els treballs que executa actualment FGV es concreten fonamentalment en la duplicaci\u00f3 del tram de via existent, des de l\u2019actual baixador de Fuente del Jarro fins als voltants de l\u2019autovia A-7, i la construcci\u00f3 d\u2019un nou baixador.<\/p>\n\n\n\n<p class=\"wp-block-paragraph\">La nova parada se situa a uns 800 metres de l\u2019actual en direcci\u00f3 a Ll\u00edria i inclou accessos, pas entre andanes, rampes, escales i tancaments, aix\u00ed com la instal\u00b7laci\u00f3 de tots els equipaments necessaris (m\u00e0quines expenedores de t\u00edtols de transport, sistema de videovigil\u00e0ncia, sistema de megafonia i teleindicadors) i instal\u00b7lacions no ferrovi\u00e0ries auxiliars.<\/p>\n\n\n\n<p class=\"wp-block-paragraph\"><strong>Pas inferior<\/strong><\/p>\n\n\n\n<p class=\"wp-block-paragraph\">Com a part d\u2019este projecte s\u2019ha incorporat tamb\u00e9 un pas inferior per als vianants adossat al nou baixador com a pas d\u2019encreuament entre andanes per als usuaris. Este pas inferior estar\u00e0 habilitat per a facilitar l\u2019acc\u00e9s, per als vianants i amb bicicleta, des dels dos costats del pol\u00edgon industrial.<\/p>\n\n\n\n<p class=\"wp-block-paragraph\">La instal\u00b7laci\u00f3 tindr\u00e0 unes dimensions de 12 metres de llarg i 3 d\u2019ample i estar\u00e0 senyalitzada per a garantir un acc\u00e9s segur i organitzat a les andanes. Es podr\u00e0 accedir al pas inferior des de les escales i rampes de les andanes (habilitades per a bicicletes i persones de mobilitat redu\u00efda) i en els dos sentits del carrer.<\/p>\n","protected":false},"excerpt":{"rendered":"<div class=\"mh-excerpt\">Les obres de construcci\u00f3 del nou baixador i duplicaci\u00f3 de via en el pol\u00edgon industrial de Fuente del Jarro obliguen a prestar servici alternatiu d\u2019autob\u00fas entre estes parades. Esta actuaci\u00f3 \u00e9s finan\u00e7ada per Fons Europeus <a class=\"mh-excerpt-more\" href=\"https:\/\/tucomarca.whitekongsoftware.com\/ca\/fgv-interromp-per-obres-la-circulacio-entre-les-estacions-de-paterna-i-lliria-de-la-linia-2-de-metrovalencia-del-28-de-marc-al-8-dabril\/\" title=\"FGV interromp per obres la circulaci\u00f3 entre les estacions de Paterna i Ll\u00edria de la l\u00ednia 2 de Metrovalencia del 28 de mar\u00e7 al 8 d\u2019abril\">[+] <\/a><\/div>\n","protected":false},"author":12,"featured_media":216013,"comment_status":"open","ping_status":"open","sticky":false,"template":"","format":"standard","meta":{"footnotes":""},"categories":[10952,10892,10898,10948,10894,10915,10928,10893,10947,10896],"tags":[10899,12222],"class_list":["post-216014","post","type-post","status-publish","format-standard","has-post-thumbnail","category-benaguasil-ca","category-camp-de-turia-ca","category-ventana-ca","category-infraestructuras-ca","category-la-comarca-ca","category-la-pobla-ca","category-lliria-ca","category-leliana-ca","category-politica","category-seccion-ca","tag-camp-de-turia-ca","tag-metrovalencia-ca"],"_links":{"self":[{"href":"https:\/\/tucomarca.whitekongsoftware.com\/ca\/wp-json\/wp\/v2\/posts\/216014","targetHints":{"allow":["GET"]}}],"collection":[{"href":"https:\/\/tucomarca.whitekongsoftware.com\/ca\/wp-json\/wp\/v2\/posts"}],"about":[{"href":"https:\/\/tucomarca.whitekongsoftware.com\/ca\/wp-json\/wp\/v2\/types\/post"}],"author":[{"embeddable":true,"href":"https:\/\/tucomarca.whitekongsoftware.com\/ca\/wp-json\/wp\/v2\/users\/12"}],"replies":[{"embeddable":true,"href":"https:\/\/tucomarca.whitekongsoftware.com\/ca\/wp-json\/wp\/v2\/comments?post=216014"}],"version-history":[{"count":0,"href":"https:\/\/tucomarca.whitekongsoftware.com\/ca\/wp-json\/wp\/v2\/posts\/216014\/revisions"}],"wp:featuredmedia":[{"embeddable":true,"href":"https:\/\/tucomarca.whitekongsoftware.com\/ca\/wp-json\/wp\/v2\/media\/216013"}],"wp:attachment":[{"href":"https:\/\/tucomarca.whitekongsoftware.com\/ca\/wp-json\/wp\/v2\/media?parent=216014"}],"wp:term":[{"taxonomy":"category","embeddable":true,"href":"https:\/\/tucomarca.whitekongsoftware.com\/ca\/wp-json\/wp\/v2\/categories?post=216014"},{"taxonomy":"post_tag","embeddable":true,"href":"https:\/\/tucomarca.whitekongsoftware.com\/ca\/wp-json\/wp\/v2\/tags?post=216014"}],"curies":[{"name":"wp","href":"https:\/\/api.w.org\/{rel}","templated":true}]}}