{"id":215857,"date":"2024-03-22T09:15:00","date_gmt":"2024-03-22T08:15:00","guid":{"rendered":"http:\/\/www.tucomarca.com\/wordpress\/segunda\/?p=215857"},"modified":"2024-03-22T18:33:22","modified_gmt":"2024-03-22T17:33:22","slug":"cultura-i-agricultura-acorden-la-rehabilitacio-conjunta-del-pont-de-castielfabib","status":"publish","type":"post","link":"https:\/\/tucomarca.whitekongsoftware.com\/ca\/cultura-i-agricultura-acorden-la-rehabilitacio-conjunta-del-pont-de-castielfabib\/","title":{"rendered":"Cultura i Agricultura acorden la rehabilitaci\u00f3 conjunta del pont de Castielfabib"},"content":{"rendered":"\n<h3 class=\"wp-block-heading\">Vicente Barrera i Jos\u00e9 Luis Aguirre firmen un conveni de col\u00b7laboraci\u00f3 per a recuperar este monument medieval com a paradigma de reactivaci\u00f3 de les comarques d\u2019interior.<\/h3>\n\n\n\n<h3 class=\"wp-block-heading\">A m\u00e9s de vertebrar la trama hist\u00f2rica de camins i vies pecu\u00e0ries, l\u2019actuaci\u00f3 contribuir\u00e0 a generar inter\u00e9s tur\u00edstic en la zona.<\/h3>\n\n\n\n<p class=\"wp-block-paragraph\">El vicepresident primer i conseller de Cultura i Esport, Vicente Barrera; i el conseller d\u2019Agricultura, Ramaderia i Pesca, Jos\u00e9 Luis Aguirre, han firmat un conveni de col\u00b7laboraci\u00f3 institucional entre les dos conselleries per a dur a terme la rehabilitaci\u00f3 conjunta del pont medieval del Barrioso, al municipi de Castielfabib.<\/p>\n\n\n\n<p class=\"wp-block-paragraph\">Vicente Barrera ha assenyalat que es tracta d\u2019un projecte \u201cque feia m\u00e9s de vint anys que estava parat\u201d i que ara s\u2019activa amb este acord i amb la qual cosa dona resposta a una \u201creivindicaci\u00f3 no solament de Castielfabib sin\u00f3 de tot el seu entorn\u201d.<\/p>\n\n\n\n<p class=\"wp-block-paragraph\">El vicepresident ha afirmat que amb este projecte el Consell \u201ccomplix amb la seua responsabilitat de donar suport a la recuperaci\u00f3 i reactivaci\u00f3 de les comarques de l\u2019interior de la Comunitat Valenciana\u201d a trav\u00e9s, en este cas, de la dinamitzaci\u00f3 \u201cdel turisme rural\u201d.<\/p>\n\n\n\n<p class=\"wp-block-paragraph\">En este sentit, ha destacat l\u2019aposta del Govern Valenci\u00e0 per \u201cla recuperaci\u00f3 del nostre patrimoni aix\u00ed com de les vies pecu\u00e0ries\u201d, com ocorre en el cas del pont del Barrioso, \u201cque donen origen a tanta hist\u00f2ria i a tanta riquesa que hem de conservar i recuperar\u201d.<\/p>\n\n\n\n<p class=\"wp-block-paragraph\">Per la seua part, Jos\u00e9 Luis Aguirre, ha afirmat que este Consell \u201cquan es compromet a una cosa la complix\u201d, i ha incidit en el fet que esta rehabilitaci\u00f3 \u00e9s un exemple de \u201ccol\u00b7laboraci\u00f3 institucional, que, a m\u00e9s de vertebrar la trama hist\u00f2rica de camins i vies pecu\u00e0ries, pot suposar un punt d\u2019atractiu tur\u00edstic que, juntament amb altres elements arquitect\u00f2nics i paisatg\u00edstics d\u2019esta Cultura i Agricultura acorden la rehabilitaci\u00f3 conjunta del pont de Castielfabib.<\/p>\n","protected":false},"excerpt":{"rendered":"<div class=\"mh-excerpt\">Vicente Barrera i Jos\u00e9 Luis Aguirre firmen un conveni de col\u00b7laboraci\u00f3 per a recuperar este monument medieval com a paradigma de reactivaci\u00f3 de les comarques d\u2019interior. A m\u00e9s de vertebrar la trama hist\u00f2rica de camins <a class=\"mh-excerpt-more\" href=\"https:\/\/tucomarca.whitekongsoftware.com\/ca\/cultura-i-agricultura-acorden-la-rehabilitacio-conjunta-del-pont-de-castielfabib\/\" title=\"Cultura i Agricultura acorden la rehabilitaci\u00f3 conjunta del pont de Castielfabib\">[+] <\/a><\/div>\n","protected":false},"author":12,"featured_media":215856,"comment_status":"open","ping_status":"open","sticky":false,"template":"","format":"standard","meta":{"footnotes":""},"categories":[10890,10925,10898,10948,10894,10947,10896],"tags":[11097,17521,12039],"class_list":["post-215857","post","type-post","status-publish","format-standard","has-post-thumbnail","category-ademus","category-castielfabib-ca","category-ventana-ca","category-infraestructuras-ca","category-la-comarca-ca","category-politica","category-seccion-ca","tag-ademuz-ca","tag-castielfabib-ca","tag-rincon-de-ademuz-ca"],"_links":{"self":[{"href":"https:\/\/tucomarca.whitekongsoftware.com\/ca\/wp-json\/wp\/v2\/posts\/215857","targetHints":{"allow":["GET"]}}],"collection":[{"href":"https:\/\/tucomarca.whitekongsoftware.com\/ca\/wp-json\/wp\/v2\/posts"}],"about":[{"href":"https:\/\/tucomarca.whitekongsoftware.com\/ca\/wp-json\/wp\/v2\/types\/post"}],"author":[{"embeddable":true,"href":"https:\/\/tucomarca.whitekongsoftware.com\/ca\/wp-json\/wp\/v2\/users\/12"}],"replies":[{"embeddable":true,"href":"https:\/\/tucomarca.whitekongsoftware.com\/ca\/wp-json\/wp\/v2\/comments?post=215857"}],"version-history":[{"count":0,"href":"https:\/\/tucomarca.whitekongsoftware.com\/ca\/wp-json\/wp\/v2\/posts\/215857\/revisions"}],"wp:featuredmedia":[{"embeddable":true,"href":"https:\/\/tucomarca.whitekongsoftware.com\/ca\/wp-json\/wp\/v2\/media\/215856"}],"wp:attachment":[{"href":"https:\/\/tucomarca.whitekongsoftware.com\/ca\/wp-json\/wp\/v2\/media?parent=215857"}],"wp:term":[{"taxonomy":"category","embeddable":true,"href":"https:\/\/tucomarca.whitekongsoftware.com\/ca\/wp-json\/wp\/v2\/categories?post=215857"},{"taxonomy":"post_tag","embeddable":true,"href":"https:\/\/tucomarca.whitekongsoftware.com\/ca\/wp-json\/wp\/v2\/tags?post=215857"}],"curies":[{"name":"wp","href":"https:\/\/api.w.org\/{rel}","templated":true}]}}