{"id":215740,"date":"2024-03-21T07:35:00","date_gmt":"2024-03-21T06:35:00","guid":{"rendered":"http:\/\/www.tucomarca.com\/wordpress\/segunda\/?p=215740"},"modified":"2024-03-21T21:57:01","modified_gmt":"2024-03-21T20:57:01","slug":"la-diputacio-de-valencia-digitaliza-su-archivo-para-acercar-la-historia-de-la-provincia-a-las-nuevas-generaciones","status":"publish","type":"post","link":"https:\/\/tucomarca.whitekongsoftware.com\/ca\/la-diputacio-de-valencia-digitaliza-su-archivo-para-acercar-la-historia-de-la-provincia-a-las-nuevas-generaciones\/","title":{"rendered":"<strong>La Diputaci\u00f3 de Val\u00e8ncia digitalitza el seu arxiu per a acostar la hist\u00f2ria de la prov\u00edncia a les noves generacions<\/strong>"},"content":{"rendered":"\n<h3 class=\"wp-block-heading\"><strong>El diputat d&#8217;Administraci\u00f3 General, Ricardo Gabald\u00f3n, pret\u00e9n avan\u00e7ar els projectes que t\u00e9 en marxa l&#8217;Arxiu General i Fotogr\u00e0fic de la Diputaci\u00f3, entre ells ampliar l&#8217;oferta de continguts digitals en l\u00ednia<\/strong><\/h3>\n\n\n\n<h3 class=\"wp-block-heading\"><strong>Els investigadors i la ciutadania tenen acc\u00e9s a un valu\u00f3s patrimoni documental que abasta des del segle XIII fins als nostres dies, amb fotos, mapes, plans, cartells, pergamins i col\u00b7leccions privades<\/strong><\/h3>\n\n\n\n<figure class=\"wp-block-gallery has-nested-images columns-default is-cropped wp-block-gallery-1 is-layout-flex wp-block-gallery-is-layout-flex\">\n<figure class=\"wp-block-image size-large\"><img loading=\"lazy\" decoding=\"async\" width=\"2560\" height=\"1536\" data-id=\"215733\" src=\"http:\/\/www.tucomarca.com\/wordpress\/segunda\/wp-content\/uploads\/2024\/03\/DipuArchivo3-scaled.jpg\" alt=\"\" class=\"wp-image-215733\" srcset=\"https:\/\/tucomarca.whitekongsoftware.com\/wp-content\/uploads\/2024\/03\/DipuArchivo3-scaled.jpg 2560w, https:\/\/tucomarca.whitekongsoftware.com\/wp-content\/uploads\/2024\/03\/DipuArchivo3-300x180.jpg 300w, https:\/\/tucomarca.whitekongsoftware.com\/wp-content\/uploads\/2024\/03\/DipuArchivo3-1024x615.jpg 1024w, https:\/\/tucomarca.whitekongsoftware.com\/wp-content\/uploads\/2024\/03\/DipuArchivo3-768x461.jpg 768w, https:\/\/tucomarca.whitekongsoftware.com\/wp-content\/uploads\/2024\/03\/DipuArchivo3-1536x922.jpg 1536w, https:\/\/tucomarca.whitekongsoftware.com\/wp-content\/uploads\/2024\/03\/DipuArchivo3-2048x1229.jpg 2048w\" sizes=\"auto, (max-width: 2560px) 100vw, 2560px\" \/><\/figure>\n\n\n\n<figure class=\"wp-block-image size-large\"><img loading=\"lazy\" decoding=\"async\" width=\"2560\" height=\"2011\" data-id=\"215737\" src=\"http:\/\/www.tucomarca.com\/wordpress\/segunda\/wp-content\/uploads\/2024\/03\/DipuArchivo1-scaled.jpg\" alt=\"\" class=\"wp-image-215737\" srcset=\"https:\/\/tucomarca.whitekongsoftware.com\/wp-content\/uploads\/2024\/03\/DipuArchivo1-scaled.jpg 2560w, https:\/\/tucomarca.whitekongsoftware.com\/wp-content\/uploads\/2024\/03\/DipuArchivo1-300x236.jpg 300w, https:\/\/tucomarca.whitekongsoftware.com\/wp-content\/uploads\/2024\/03\/DipuArchivo1-1024x804.jpg 1024w, https:\/\/tucomarca.whitekongsoftware.com\/wp-content\/uploads\/2024\/03\/DipuArchivo1-768x603.jpg 768w, https:\/\/tucomarca.whitekongsoftware.com\/wp-content\/uploads\/2024\/03\/DipuArchivo1-1536x1206.jpg 1536w, https:\/\/tucomarca.whitekongsoftware.com\/wp-content\/uploads\/2024\/03\/DipuArchivo1-2048x1609.jpg 2048w\" sizes=\"auto, (max-width: 2560px) 100vw, 2560px\" \/><\/figure>\n<\/figure>\n\n\n\n<p class=\"wp-block-paragraph\">La Diputaci\u00f3 de Val\u00e8ncia treballa en la consolidaci\u00f3 d&#8217;un potent arxiu electr\u00f2nic amb valuosos documents, gr\u00e0fics i escrits, que mostren l&#8217;evoluci\u00f3 de la prov\u00edncia des del segle XIII fins als nostres dies. Este \u00e9s un dels projectes que destaca el diputat d&#8217;Administraci\u00f3 General, Ricardo Gabald\u00f3n, despr\u00e9s de la seua visita a l&#8217;Arxiu General i Fotogr\u00e0fic de la Diputaci\u00f3, situat en el valenci\u00e0 carrer del Beato Nicol\u00e1s Factor, en el barri de Patraix.<\/p>\n\n\n\n<p class=\"wp-block-paragraph\">La mateixa hist\u00f2ria de l&#8217;Arxiu \u00e9s en s\u00ed un tema interessant, ja que es va construir en 1992 en un dels pavellons del desaparegut Manicomi de Jes\u00fas, rehabilitat per a albergar este centre de consulta dependent de la corporaci\u00f3 provincial. \u201cPot ser que no siga un dels servicis m\u00e9s coneguts de la Diputaci\u00f3, per\u00f2 en el seu interior es conserven m\u00e9s de nou quil\u00f2metres de documentaci\u00f3 amb la qual podem rec\u00f3rrer i entendre els \u00faltims segles d&#8217;hist\u00f2ria de Val\u00e8ncia i els seus pobles\u201d, assenyala Gabald\u00f3n.<\/p>\n\n\n\n<p class=\"wp-block-paragraph\">Precisament per aix\u00f2, el diputat vol agilitzar el projecte d&#8217;arxiu electr\u00f2nic, com a servici transversal que dona suport a tots els departaments de la instituci\u00f3. \u201cA la casa tenim clara la import\u00e0ncia de tindre a l&#8217;abast tota esta informaci\u00f3, per\u00f2 volem anar m\u00e9s enll\u00e0 i ampliar l&#8217;oferta de continguts digitals en l\u00ednia, que no sols facilitar\u00e0 la tasca de persones investigadores, sin\u00f3 que garantir\u00e0 que el patrimoni documental de la Diputaci\u00f3 es conserve per a generacions futures\u201d, ha expressat el responsable de l&#8217;Arxiu, diputat provincial i alcalde d&#8217;Utiel.<\/p>\n\n\n\n<p class=\"wp-block-paragraph\">Com a an\u00e8cdota, la directora de l&#8217;Arxiu, May Gil, va mostrar al diputat documents hist\u00f2rics que constaten l&#8217;evoluci\u00f3 d&#8217;Utiel en les \u00faltimes d\u00e8cades. \u201cQualsevol municipi de la prov\u00edncia t\u00e9 el seu xicotet raconet ac\u00ed, els seus mapes i plans antics, els seus personatges il\u00b7lustres, els seus paisatges rurals i urbans, les fotografies de les seues festes i escenes de la vida quotidiana\u201d, explica May, qui posa en valor les recents millores realitzades en les depend\u00e8ncies de l&#8217;Arxiu, especialment \u201cla nova climatitzaci\u00f3 de l&#8217;edifici, que a m\u00e9s de major efici\u00e8ncia energ\u00e8tica influ\u00efx molt positivament en la conservaci\u00f3 dels fons i col\u00b7leccions\u201d.<\/p>\n\n\n\n<p class=\"wp-block-paragraph\"><strong>Privilegis, butles i col\u00b7leccions privades<\/strong><\/p>\n\n\n\n<p class=\"wp-block-paragraph\">L&#8217;edifici que alberga l&#8217;Arxiu provincial est\u00e0 \u00edntimament lligat a la hist\u00f2ria del convent francisc\u00e0 de Santa Mar\u00eda de Jes\u00fas. No en va, el valu\u00f3s patrimoni documental que tanquen els seus murs est\u00e0 directament relacionat amb les institucions ben\u00e8fic-assistencials i hospital\u00e0ries valencianes, en el marc de l&#8217;origen de les diputacions en la Constituci\u00f3 de 1812, coneguda com la \u2018Pepa\u2019, i l&#8217;entrada en vigor de la Llei de Benefic\u00e8ncia una d\u00e8cada despr\u00e9s.<\/p>\n\n\n\n<p class=\"wp-block-paragraph\">L&#8217;equip de l&#8217;Arxiu General i Fotogr\u00e0fic, encap\u00e7alat per la seua directora, va acompanyar a Ricardo Gabald\u00f3n en el recorregut pels dep\u00f2sits documentals, que recullen des del Llibre d&#8217;Honor de la Diputaci\u00f3 fins a col\u00b7leccions fotogr\u00e0fiques de festes i obres monumentals, passant per cartells taurins, els retrats de fallera de Roc\u00edo Jurado i la seua filla, els privilegis i butles recollits en pergamins de l&#8217;Hospital General i l&#8217;evoluci\u00f3 de l&#8217;actual Palau de la Generalitat, recentment cedit per la Diputaci\u00f3, la seua hist\u00f2rica propiet\u00e0ria.<\/p>\n\n\n\n<p class=\"wp-block-paragraph\">Entre els fons privats, destaca l&#8217;arxiu de la Duquessa d&#8217;Almod\u00f3var, i col\u00b7leccions que han engrossit recentment l&#8217;Arxiu provincial, cas de l&#8217;Estudi Sanchis i Joaqu\u00edn Michavila, aix\u00ed com unes altres en proc\u00e9s de donaci\u00f3, com l&#8217;arxiu dels arquitectes Antonio G\u00f3mez. \u201cTot este material est\u00e0 a la disposici\u00f3 de les valencianes i valencians, i el que volem ara \u00e9s acostar-lo encara m\u00e9s a trav\u00e9s de nous formats que ens ajuden a con\u00e9ixer millor la nostra hist\u00f2ria des de qualsevol dispositiu electr\u00f2nic\u201d, conclou Gabald\u00f3n.<\/p>\n","protected":false},"excerpt":{"rendered":"<div class=\"mh-excerpt\">El diputat d&#8217;Administraci\u00f3 General, Ricardo Gabald\u00f3n, pret\u00e9n avan\u00e7ar els projectes que t\u00e9 en marxa l&#8217;Arxiu General i Fotogr\u00e0fic de la Diputaci\u00f3, entre ells ampliar l&#8217;oferta de continguts digitals en l\u00ednia Els investigadors i la ciutadania <a class=\"mh-excerpt-more\" href=\"https:\/\/tucomarca.whitekongsoftware.com\/ca\/la-diputacio-de-valencia-digitaliza-su-archivo-para-acercar-la-historia-de-la-provincia-a-las-nuevas-generaciones\/\" title=\"La Diputaci\u00f3 de Val\u00e8ncia digitalitza el seu arxiu per a acostar la hist\u00f2ria de la prov\u00edncia a les noves generacions\">[+] <\/a><\/div>\n","protected":false},"author":12,"featured_media":215736,"comment_status":"open","ping_status":"open","sticky":false,"template":"","format":"standard","meta":{"footnotes":""},"categories":[10898,10948,10894,10904,10947,10909,10896,11059],"tags":[20416,11246,10910],"class_list":["post-215740","post","type-post","status-publish","format-standard","has-post-thumbnail","category-ventana-ca","category-infraestructuras-ca","category-la-comarca-ca","category-sin-categorizar-ca","category-politica","category-requena-utiel-ca","category-seccion-ca","category-utiel-ca","tag-archivo-fotografico-ca","tag-diputacio-de-valencia-ca","tag-requena-utiel-ca"],"_links":{"self":[{"href":"https:\/\/tucomarca.whitekongsoftware.com\/ca\/wp-json\/wp\/v2\/posts\/215740","targetHints":{"allow":["GET"]}}],"collection":[{"href":"https:\/\/tucomarca.whitekongsoftware.com\/ca\/wp-json\/wp\/v2\/posts"}],"about":[{"href":"https:\/\/tucomarca.whitekongsoftware.com\/ca\/wp-json\/wp\/v2\/types\/post"}],"author":[{"embeddable":true,"href":"https:\/\/tucomarca.whitekongsoftware.com\/ca\/wp-json\/wp\/v2\/users\/12"}],"replies":[{"embeddable":true,"href":"https:\/\/tucomarca.whitekongsoftware.com\/ca\/wp-json\/wp\/v2\/comments?post=215740"}],"version-history":[{"count":0,"href":"https:\/\/tucomarca.whitekongsoftware.com\/ca\/wp-json\/wp\/v2\/posts\/215740\/revisions"}],"wp:featuredmedia":[{"embeddable":true,"href":"https:\/\/tucomarca.whitekongsoftware.com\/ca\/wp-json\/wp\/v2\/media\/215736"}],"wp:attachment":[{"href":"https:\/\/tucomarca.whitekongsoftware.com\/ca\/wp-json\/wp\/v2\/media?parent=215740"}],"wp:term":[{"taxonomy":"category","embeddable":true,"href":"https:\/\/tucomarca.whitekongsoftware.com\/ca\/wp-json\/wp\/v2\/categories?post=215740"},{"taxonomy":"post_tag","embeddable":true,"href":"https:\/\/tucomarca.whitekongsoftware.com\/ca\/wp-json\/wp\/v2\/tags?post=215740"}],"curies":[{"name":"wp","href":"https:\/\/api.w.org\/{rel}","templated":true}]}}