{"id":215717,"date":"2024-03-21T07:30:00","date_gmt":"2024-03-21T06:30:00","guid":{"rendered":"http:\/\/www.tucomarca.com\/wordpress\/segunda\/?p=215717"},"modified":"2024-03-21T19:17:07","modified_gmt":"2024-03-21T18:17:07","slug":"la-diputacio-de-valencia-liderara-un-projecte-europeu-de-gestio-de-biomassa","status":"publish","type":"post","link":"https:\/\/tucomarca.whitekongsoftware.com\/ca\/la-diputacio-de-valencia-liderara-un-projecte-europeu-de-gestio-de-biomassa\/","title":{"rendered":"La Diputaci\u00f3 de Val\u00e8ncia liderar\u00e0 un projecte europeu de gesti\u00f3 de biomassa"},"content":{"rendered":"\n<h3 class=\"wp-block-heading\">L&#8217;\u00e0rea de Medi Ambient que dirigix Avelino Mascarell posa el focus en la gesti\u00f3 forestal com a f\u00f3rmula per a previndre incendis mitjan\u00e7ant l&#8217;\u00fas de biomassa com a energia de proximitat que dinamitze les economies locals<\/h3>\n\n\n\n<h3 class=\"wp-block-heading\">En el projecte participen tamb\u00e9 l&#8217;Universitat Polit\u00e8cnica de Val\u00e8ncia (UPV), els ajuntaments de Serra i Ll\u00edria i les mancomunitats del Camp de T\u00faria&nbsp; i del Interior Tierra del Vino<\/h3>\n\n\n\n<p class=\"wp-block-paragraph\">L&#8217;\u00e0rea de Medi Ambient de la Diputaci\u00f3 de Val\u00e8ncia posar\u00e0 en marxa un projecte que, amb el nom \u2018Val\u00e8ncia Biovaloriza\u2019, aposta per la gesti\u00f3 de biomassa com a f\u00f3rmula per a estimular les economies locals, al mateix temps que es promou l&#8217;\u00fas d&#8217;energia menys contaminant.<\/p>\n\n\n\n<p class=\"wp-block-paragraph\">Es tracta d&#8217;una experi\u00e8ncia pilot, en la qual tamb\u00e9 participen la Universitat Polit\u00e8cnica de Val\u00e8ncia (UPV), els ajuntaments de Serra i Ll\u00edria i les mancomunitats del Camp de T\u00faria i del Interior Tierra del Vino.<\/p>\n\n\n\n<p class=\"wp-block-paragraph\">Segons explica el diputat de Medi Ambient, Prevenci\u00f3 de Riscos Forestals i Desenvolupament Rural, a m\u00e9s de President del Consorci de Bombers, Avelino Mascarell, \u201ces tracta d\u2019aunar esfor\u00e7os i definir estrat\u00e8gies transversals entre les \u00e0rees d&#8217;impuls d&#8217;economia local, medi ambient i prevenci\u00f3. La gesti\u00f3 forestal \u00e9s essencial per a assegurar la preservaci\u00f3, per\u00f2 fem un pas m\u00e9s en el proc\u00e9s cap a l&#8217;aprofitament sostenible dels recursos forestals, amb la generaci\u00f3 rendible (o almenys, m\u00e9s econ\u00f2mica) d&#8217;energia neta\u201d, i ha anunciat que \u201cles Brigades Forestals del Consorci de Bombers tamb\u00e9 tindran un paper fonamental en este programa en el disseny dels plans de neteja, programacions, formaci\u00f3 i execuci\u00f3\u201d.<\/p>\n\n\n\n<p class=\"wp-block-paragraph\">\u201cLa fabricaci\u00f3 d&#8217;estelles -continua Mascarell- i la seua utilitzaci\u00f3 per a climatitzar edificis municipals, ind\u00fastries i fins i tot habitatges tamb\u00e9 podria suposar una oportunitat per a fixar poblaci\u00f3 en el territori, si som capa\u00e7os de crear una ind\u00fastria de biomassa capa\u00e7 de generar empreneniment i ocupaci\u00f3\u201d. \u201cTreballarem tamb\u00e9 en la creaci\u00f3 de mercat i canals log\u00edstics de distribuci\u00f3, a nivell provincial, per\u00f2 tamb\u00e9 nacional i internacional, amb l&#8217;objectiu d&#8217;aconseguir un model s\u00f2lid que, a m\u00e9s de respectar el medi ambient i nodrir la demanda local, amb el temps siga capa\u00e7 d&#8217;autofinan\u00e7ar-se\u201d.<\/p>\n\n\n\n<p class=\"wp-block-paragraph\">\u2018Val\u00e8ncia Biovaloriza\u2019 compta amb un pressupost global d&#8217;1.995.000 euros, dels quals la Diputaci\u00f3 de Val\u00e8ncia, com a soci principal, gestionar\u00e0 prop de 1,4 milions, distribuint-se la resta entre les altres entitats participants.<\/p>\n\n\n\n<p class=\"wp-block-paragraph\">La Fundaci\u00f3 Biodiversitat del Ministeri per a la Transici\u00f3 Ecol\u00f2gica i el Repte Demogr\u00e0fic (MITECO) en el marc del Pla de Recuperaci\u00f3, Transformaci\u00f3 i Resili\u00e8ncia (PRTR), finan\u00e7at per la Uni\u00f3 Europea \u2013 NextGenerationEU, finan\u00e7a el 95% d&#8217;este projecte.<\/p>\n\n\n\n<p class=\"wp-block-paragraph\"><strong>Huit tipus d&#8217;accions<\/strong><\/p>\n\n\n\n<p class=\"wp-block-paragraph\">En el marc d&#8217;este projecte, la Diputaci\u00f3 de Val\u00e8ncia desenvolupar\u00e0 un pla per a la gesti\u00f3 sostenible de 200 hect\u00e0rees forestals distribu\u00efdes per les mancomunitats del Camp de T\u00faria i del Interior Tierra del Vino. Esta actuaci\u00f3 de gesti\u00f3 forestal permetr\u00e0 obtindre m\u00e9s de 100 tones de biomassa anuals que seran transformades en dos plantes de processament que es construiran a la prov\u00edncia de Val\u00e8ncia. &nbsp;<\/p>\n\n\n\n<p class=\"wp-block-paragraph\">El material resultant de les plantes s&#8217;utilitzar\u00e0 per a alimentar en diverses calderes de biomassa en substituci\u00f3 dels combustibles f\u00f2ssils, aconseguint d&#8217;esta forma reduir las emissions de gasos d&#8217;efecte d&#8217;hivernacle i recolzar als municipis en la reducci\u00f3 dels costos energ\u00e8tics.&nbsp;<\/p>\n\n\n\n<p class=\"wp-block-paragraph\">Aix\u00ed mateix, la instituci\u00f3 provincial promour\u00e0 la formaci\u00f3 i capacitaci\u00f3 de treballadors forestals a trav\u00e9s d&#8217;una unitat did\u00e0ctica a c\u00e0rrec de l&#8217;Escola de Capatassos de Requena, i organitzar\u00e0 dos jornades dirigides al sector forestal.<\/p>\n\n\n\n<p class=\"wp-block-paragraph\">Per la seua banda, la Universitat Polit\u00e8cnica de Val\u00e8ncia (UPV) elaborar\u00e0 plans d&#8217;aprofitament dels productes forestals, entre altres accions; mentres que l&#8217;ajuntament de Serra s&#8217;encarregar\u00e0 de la certificaci\u00f3 de qualitat de p\u00e8l\u00b7lets i el de Ll\u00edria de la instal\u00b7laci\u00f3 de dos calderes i d&#8217;un cicle formatiu en Gesti\u00f3 Forestal.<\/p>\n\n\n\n<p class=\"wp-block-paragraph\">Quant a les mancomunitats participants en el projecte, lideraran l&#8217;organitzaci\u00f3 de diferents jornades professionals, aix\u00ed com altres accions de conscienciaci\u00f3, comunicaci\u00f3 i difusi\u00f3.<\/p>\n\n\n\n<p class=\"wp-block-paragraph\"><\/p>\n","protected":false},"excerpt":{"rendered":"<div class=\"mh-excerpt\">L&#8217;\u00e0rea de Medi Ambient que dirigix Avelino Mascarell posa el focus en la gesti\u00f3 forestal com a f\u00f3rmula per a previndre incendis mitjan\u00e7ant l&#8217;\u00fas de biomassa com a energia de proximitat que dinamitze les economies <a class=\"mh-excerpt-more\" href=\"https:\/\/tucomarca.whitekongsoftware.com\/ca\/la-diputacio-de-valencia-liderara-un-projecte-europeu-de-gestio-de-biomassa\/\" title=\"La Diputaci\u00f3 de Val\u00e8ncia liderar\u00e0 un projecte europeu de gesti\u00f3 de biomassa\">[+] <\/a><\/div>\n","protected":false},"author":12,"featured_media":215716,"comment_status":"open","ping_status":"open","sticky":false,"template":"","format":"standard","meta":{"footnotes":""},"categories":[10892,10898,10894,10928,10903,10947,10908,10909,10896,10933,11059],"tags":[10899,11246,10910],"class_list":["post-215717","post","type-post","status-publish","format-standard","has-post-thumbnail","category-camp-de-turia-ca","category-ventana-ca","category-la-comarca-ca","category-lliria-ca","category-medio-ambiente-la-comarca-ca","category-politica","category-requena-ca","category-requena-utiel-ca","category-seccion-ca","category-serra-ca","category-utiel-ca","tag-camp-de-turia-ca","tag-diputacio-de-valencia-ca","tag-requena-utiel-ca"],"_links":{"self":[{"href":"https:\/\/tucomarca.whitekongsoftware.com\/ca\/wp-json\/wp\/v2\/posts\/215717","targetHints":{"allow":["GET"]}}],"collection":[{"href":"https:\/\/tucomarca.whitekongsoftware.com\/ca\/wp-json\/wp\/v2\/posts"}],"about":[{"href":"https:\/\/tucomarca.whitekongsoftware.com\/ca\/wp-json\/wp\/v2\/types\/post"}],"author":[{"embeddable":true,"href":"https:\/\/tucomarca.whitekongsoftware.com\/ca\/wp-json\/wp\/v2\/users\/12"}],"replies":[{"embeddable":true,"href":"https:\/\/tucomarca.whitekongsoftware.com\/ca\/wp-json\/wp\/v2\/comments?post=215717"}],"version-history":[{"count":0,"href":"https:\/\/tucomarca.whitekongsoftware.com\/ca\/wp-json\/wp\/v2\/posts\/215717\/revisions"}],"wp:featuredmedia":[{"embeddable":true,"href":"https:\/\/tucomarca.whitekongsoftware.com\/ca\/wp-json\/wp\/v2\/media\/215716"}],"wp:attachment":[{"href":"https:\/\/tucomarca.whitekongsoftware.com\/ca\/wp-json\/wp\/v2\/media?parent=215717"}],"wp:term":[{"taxonomy":"category","embeddable":true,"href":"https:\/\/tucomarca.whitekongsoftware.com\/ca\/wp-json\/wp\/v2\/categories?post=215717"},{"taxonomy":"post_tag","embeddable":true,"href":"https:\/\/tucomarca.whitekongsoftware.com\/ca\/wp-json\/wp\/v2\/tags?post=215717"}],"curies":[{"name":"wp","href":"https:\/\/api.w.org\/{rel}","templated":true}]}}