{"id":215704,"date":"2024-03-21T10:00:00","date_gmt":"2024-03-21T09:00:00","guid":{"rendered":"http:\/\/www.tucomarca.com\/wordpress\/segunda\/?p=215704"},"modified":"2024-03-21T20:02:48","modified_gmt":"2024-03-21T19:02:48","slug":"el-grup-manjana-presenta-aquest-dissabte-en-estrena-absoluta-lais-de-marie-de-france-en-el-palau-de-la-musica","status":"publish","type":"post","link":"https:\/\/tucomarca.whitekongsoftware.com\/ca\/el-grup-manjana-presenta-aquest-dissabte-en-estrena-absoluta-lais-de-marie-de-france-en-el-palau-de-la-musica\/","title":{"rendered":"El Grup Manjana presenta aquest dissabte en estrena absoluta \u201cLais de Marie de France\u201d en el Palau de la M\u00fasica"},"content":{"rendered":"\n<p class=\"wp-block-paragraph\">El Palau de la M\u00fasica acollir\u00e0 aquest dissabte, 23 de mar\u00e7, a les 19,00 hores l&#8217;estrena absoluta de \u201cLais de Marie de France\u201d, un espectacle narratiu-musical que combina fragments narrats, interludis instrumentals i can\u00e7ons.<\/p>\n\n\n\n<p class=\"wp-block-paragraph\">L&#8217;espectacle que posa sobre les taules el Grup Manjana consta de cinc Lais o poemes narratius d&#8217;amor cort\u00e9s atribu\u00efts a \u201cMarie\u201d que va viure entre Fran\u00e7a i Anglaterra en el segle XII i va ser precursora de la literatura \u201cart\u00farica\u201d al costat de Chr\u00e9tien de Troyes, explica que va prendre de model als cl\u00e0ssics grecs i llatins per a crear una obra que entretinguera i instru\u00efra a l&#8217;una de conservar per a la posteritat els relats que havia sentit al llarg de la seua vida. Escrits en anglo-normand i en versos octos\u00edl\u00b7labs (traducci\u00f3 al castell\u00e0 de Luis Alberto de Conca).<\/p>\n\n\n<div class=\"wp-block-image\">\n<figure class=\"aligncenter size-large is-resized\"><img loading=\"lazy\" decoding=\"async\" src=\"http:\/\/www.tucomarca.com\/wordpress\/segunda\/wp-content\/uploads\/2024\/03\/Manjana-722x1024.jpg\" alt=\"\" class=\"wp-image-215700\" width=\"505\" height=\"716\" srcset=\"https:\/\/tucomarca.whitekongsoftware.com\/wp-content\/uploads\/2024\/03\/Manjana-722x1024.jpg 722w, https:\/\/tucomarca.whitekongsoftware.com\/wp-content\/uploads\/2024\/03\/Manjana-212x300.jpg 212w, https:\/\/tucomarca.whitekongsoftware.com\/wp-content\/uploads\/2024\/03\/Manjana-768x1089.jpg 768w, https:\/\/tucomarca.whitekongsoftware.com\/wp-content\/uploads\/2024\/03\/Manjana.jpg 886w\" sizes=\"auto, (max-width: 505px) 100vw, 505px\" \/><\/figure>\n<\/div>\n\n\n<p class=\"wp-block-paragraph\">El Grup po\u00e8tic-musical \u201dManjana\u201d naix en 1997 amb la intenci\u00f3 d&#8217;acostar al p\u00fablic la creaci\u00f3 musical, generant projectes on la m\u00fasica s&#8217;interrelacione amb altres camps art\u00edstics.&nbsp;<\/p>\n\n\n\n<p class=\"wp-block-paragraph\">Grup format per m\u00fasics d&#8217;ampli recorregut, tots ells professors i int\u00e8rprets de primer nivell amb profundes inquietuds art\u00edstiques i harm\u00f2niques que es materialitzen al llarg dels anys en una intensa i variada activitat.&nbsp;<\/p>\n\n\n\n<p class=\"wp-block-paragraph\">Clarinet: Francisco Sanz Estell\u00e9s.<\/p>\n\n\n\n<p class=\"wp-block-paragraph\">Violoncello: Vicen Carrascosa Oriola.<\/p>\n\n\n\n<p class=\"wp-block-paragraph\">Piano i composici\u00f3: Manuel Carrascosa P\u00e9rez.<\/p>\n\n\n\n<p class=\"wp-block-paragraph\">Tuba i direcci\u00f3: Miguel Vall\u00e9s Manzano.<\/p>\n\n\n\n<p class=\"wp-block-paragraph\">Percussi\u00f3: Joaquin Lambies Zan\u00f3n<\/p>\n\n\n\n<p class=\"wp-block-paragraph\">Canto i narraci\u00f3: Mar\u00eda Tamarit Sales&nbsp;<\/p>\n\n\n\n<p class=\"wp-block-paragraph\">El concert est\u00e0 organitzat per la regidoria de Cultura i l&#8217;I.V.C. El preu de l&#8217;entrada \u00e9s de 5 euros.&nbsp;<\/p>\n","protected":false},"excerpt":{"rendered":"<div class=\"mh-excerpt\">El Palau de la M\u00fasica acollir\u00e0 aquest dissabte, 23 de mar\u00e7, a les 19,00 hores l&#8217;estrena absoluta de \u201cLais de Marie de France\u201d, un espectacle narratiu-musical que combina fragments narrats, interludis instrumentals i can\u00e7ons. L&#8217;espectacle <a class=\"mh-excerpt-more\" href=\"https:\/\/tucomarca.whitekongsoftware.com\/ca\/el-grup-manjana-presenta-aquest-dissabte-en-estrena-absoluta-lais-de-marie-de-france-en-el-palau-de-la-musica\/\" title=\"El Grup Manjana presenta aquest dissabte en estrena absoluta \u201cLais de Marie de France\u201d en el Palau de la M\u00fasica\">[+] <\/a><\/div>\n","protected":false},"author":12,"featured_media":215701,"comment_status":"open","ping_status":"open","sticky":false,"template":"","format":"standard","meta":{"footnotes":""},"categories":[11019,10911,10894,10912,10896],"tags":[10913,20414,10914],"class_list":["post-215704","post","type-post","status-publish","format-standard","has-post-thumbnail","category-agenda-ca","category-bunol-ca","category-la-comarca-ca","category-la-hoya-ca","category-seccion-ca","tag-bunol-ca","tag-grupo-manjana-ca","tag-la-hoya-de-bunol-chiva-ca"],"_links":{"self":[{"href":"https:\/\/tucomarca.whitekongsoftware.com\/ca\/wp-json\/wp\/v2\/posts\/215704","targetHints":{"allow":["GET"]}}],"collection":[{"href":"https:\/\/tucomarca.whitekongsoftware.com\/ca\/wp-json\/wp\/v2\/posts"}],"about":[{"href":"https:\/\/tucomarca.whitekongsoftware.com\/ca\/wp-json\/wp\/v2\/types\/post"}],"author":[{"embeddable":true,"href":"https:\/\/tucomarca.whitekongsoftware.com\/ca\/wp-json\/wp\/v2\/users\/12"}],"replies":[{"embeddable":true,"href":"https:\/\/tucomarca.whitekongsoftware.com\/ca\/wp-json\/wp\/v2\/comments?post=215704"}],"version-history":[{"count":0,"href":"https:\/\/tucomarca.whitekongsoftware.com\/ca\/wp-json\/wp\/v2\/posts\/215704\/revisions"}],"wp:featuredmedia":[{"embeddable":true,"href":"https:\/\/tucomarca.whitekongsoftware.com\/ca\/wp-json\/wp\/v2\/media\/215701"}],"wp:attachment":[{"href":"https:\/\/tucomarca.whitekongsoftware.com\/ca\/wp-json\/wp\/v2\/media?parent=215704"}],"wp:term":[{"taxonomy":"category","embeddable":true,"href":"https:\/\/tucomarca.whitekongsoftware.com\/ca\/wp-json\/wp\/v2\/categories?post=215704"},{"taxonomy":"post_tag","embeddable":true,"href":"https:\/\/tucomarca.whitekongsoftware.com\/ca\/wp-json\/wp\/v2\/tags?post=215704"}],"curies":[{"name":"wp","href":"https:\/\/api.w.org\/{rel}","templated":true}]}}