{"id":215687,"date":"2024-03-21T11:45:00","date_gmt":"2024-03-21T10:45:00","guid":{"rendered":"http:\/\/www.tucomarca.com\/wordpress\/segunda\/?p=215687"},"modified":"2024-03-21T22:16:11","modified_gmt":"2024-03-21T21:16:11","slug":"terra-boval-colloca-punts-dinformacio-dinteres-24-hores-els-365-dies-de-lany-en-els-seus-9-municipis","status":"publish","type":"post","link":"https:\/\/tucomarca.whitekongsoftware.com\/ca\/terra-boval-colloca-punts-dinformacio-dinteres-24-hores-els-365-dies-de-lany-en-els-seus-9-municipis\/","title":{"rendered":"Terra Boval col\u00b7loca punts d&#8217;informaci\u00f3 d&#8217;inter\u00e9s 24 hores els 365 dies de l&#8217;any en els seus 9 municipis"},"content":{"rendered":"\n<h3 class=\"wp-block-heading\">\u00c9s una de les actuacions del Pla de Sostenibilitat Tur\u00edstica en Dest\u00ed (PSTD) emmarcat en el Pla de Recuperaci\u00f3, Transformaci\u00f3 i Resili\u00e8ncia, finan\u00e7at per la Uni\u00f3 Europea &#8211; NextGenerationEU&nbsp;<\/h3>\n\n\n<div class=\"wp-block-image\">\n<figure class=\"aligncenter size-large is-resized\"><img loading=\"lazy\" decoding=\"async\" src=\"http:\/\/www.tucomarca.com\/wordpress\/segunda\/wp-content\/uploads\/2024\/03\/TierraBobalPantallas2-768x1024.jpg\" alt=\"\" class=\"wp-image-215682\" width=\"393\" height=\"524\" srcset=\"https:\/\/tucomarca.whitekongsoftware.com\/wp-content\/uploads\/2024\/03\/TierraBobalPantallas2-768x1024.jpg 768w, https:\/\/tucomarca.whitekongsoftware.com\/wp-content\/uploads\/2024\/03\/TierraBobalPantallas2-225x300.jpg 225w, https:\/\/tucomarca.whitekongsoftware.com\/wp-content\/uploads\/2024\/03\/TierraBobalPantallas2.jpg 886w\" sizes=\"auto, (max-width: 393px) 100vw, 393px\" \/><\/figure>\n<\/div>\n\n\n<p class=\"wp-block-paragraph\">La Mancomunitat de l&#8217;Interior Terra del Vi (MITV) ha realitzat l&#8217;adjudicaci\u00f3 de Punts d&#8217;informaci\u00f3 d&#8217;inter\u00e9s que funcionen 24 hores, els 365 dies de l&#8217;any, en cadascun dels nou municipis que integren la marca de destinaci\u00f3 tur\u00edstica Terra Boval. L&#8217;actuaci\u00f3 est\u00e0 contemplada en l&#8217;eix 3, relatiu a la transformaci\u00f3 digital, del seu Pla de Sostenibilitat Tur\u00edstica en Dest\u00ed (PSTD), que s&#8217;integra en el Pla Territorial de Sostenibilitat Tur\u00edstica en Dest\u00ed Comunitat Valenciana, programa extraordinari 2021, emmarcat en l&#8217;Estrat\u00e8gia de Sostenibilitat Tur\u00edstica en Destinacions.&nbsp;<br>L&#8217;acci\u00f3 t\u00e9 el seu origen en el Pla Estrat\u00e8gic de Turisme de Terra Boval 2021-2026, on es plasma la necessitat de millorar l&#8217;atenci\u00f3 tur\u00edstica a trav\u00e9s de la digitalitzaci\u00f3 d&#8217;aquest servei essencial. A trav\u00e9s d&#8217;aquesta acci\u00f3 Terra Boval refor\u00e7a el compliment de les directrius que marca el model de Destinaci\u00f3 Tur\u00edstica Intel\u00b7ligent de la Comunitat Valenciana (DTI-CV), que busca la millora de la gesti\u00f3 tur\u00edstica a trav\u00e9s de la digitalitzaci\u00f3 de les destinacions tur\u00edstiques.&nbsp;<br>Els objectius d&#8217;aquest projecte s\u00f3n:<\/p>\n\n\n\n<ul class=\"wp-block-list\"><li>Garantir l&#8217;acc\u00e9s a la informaci\u00f3 tur\u00edstica del dest\u00ed.<\/li><li>Millorar l&#8217;experi\u00e8ncia del turista en el dest\u00ed.<\/li><li>Habilitar punts d&#8217;informaci\u00f3 en municipis on no es compta amb aquest servei.<\/li><li>Unificar els suports d&#8217;informaci\u00f3 tur\u00edstica.<\/li><\/ul>\n\n\n\n<p class=\"wp-block-paragraph\">Els punts d&#8217;informaci\u00f3, que es componen d&#8217;una pantalla t\u00e0ctil per a exterior i una coberta de protecci\u00f3 amb muntatge vertical sobre paret, estan dissenyats per a romandre en espais exteriors exposats a tota mena de condicions climatol\u00f2giques i resistents a actes vand\u00e0lics.&nbsp;<br>Les pantalles donen acc\u00e9s a tots els continguts de la web de Terra Boval. Cada element compta amb una connexi\u00f3 a la xarxa el\u00e8ctrica i a internet i el seu disseny s&#8217;ha realitzat sobre la base de la identitat visual de la marca tur\u00edstica Terra Boval, aprovat pr\u00e8viament per la MITV.&nbsp;<\/p>\n\n\n\n<p class=\"wp-block-paragraph\">Referent al programari, s&#8217;ha creat una landing page amb els colors i logo corporatius, aix\u00ed com una llic\u00e8ncia de dos anys que contempla:<\/p>\n\n\n\n<ul class=\"wp-block-list\"><li>L&#8217;administraci\u00f3 del contingut (not\u00edcies, esdeveniments, agenda, rutes, establiments)<\/li><li>La personalitzaci\u00f3 de la cartelleria digital.&nbsp;<\/li><li>El registre de visitants.<\/li><li>Un mapa interactiu.<\/li><\/ul>\n\n\n\n<p class=\"wp-block-paragraph\">El pressupost base pel que es va publicar la licitaci\u00f3 (IVA incl\u00f2s) va ser de 50.000 euros, sent l&#8217;empresa adjudicat\u00e0ria TOURISTINNOVACION360, S.L. per un valor de 47.168,18 euros.<br>Els espais on s&#8217;han instal\u00b7lat els punts d&#8217;informaci\u00f3 s\u00f3n:<\/p>\n\n\n\n<ul class=\"wp-block-list\"><li>Camporrobles: fa\u00e7ana exterior de la seu de la Uni\u00f3 Musical \u00abMar-Chica\u00bb (Plaza d&#8217;Espanya, 11).<\/li><li>Caudete de las Fuentes: fa\u00e7ana exterior consistori municipal, (Carrer Garc\u00eda Berlanga, 5).<\/li><li>Xera: fa\u00e7ana exterior de la seu de la Uni\u00f3 Musical Santa Cecilia (Plaza de l&#8217;Esgl\u00e9sia, 1)<\/li><li>Fuenterrobles: fa\u00e7ana principal del consistori municipal (Plaza Retiro, 1).<\/li><li>Requena: al costat de l&#8217;acc\u00e9s a les Cuevas de la Vila (Plaza de Barn\u00fas, 6).<\/li><li>Sinarques: fa\u00e7ana exterior del consistori municipal (Plaza de l&#8217;Ajuntament, 1).<\/li><li>Utiel: al costat de l&#8217;acc\u00e9s al Centre de Joventut municipal (Plaza Puerta de les Eres, 2).<\/li><li>Venta del Moro: fa\u00e7ana principal del consistori municipal (Carrer Encreuaments, 34).<\/li><li>Villargordo del Cabriel: al costat de l&#8217;acc\u00e9s al Centre social municipal (Plaza de l&#8217;Ajuntament, 1).<\/li><\/ul>\n\n\n\n<p class=\"wp-block-paragraph\">Terra Boval, on el bosc abra\u00e7a a la vinya, \u00e9s la marca tur\u00edstica que ha creat la MITV per a posar en valor els recursos de la comarca integrada per Camporrobles, Caudete de las Fuentes, Xera, Fuenterrobles, Requena, Sinarques, Utiel, Venta del Moro i Villargordo del Cabriel. Ofereix al turista una experi\u00e8ncia completa basada en enoturismo, turisme actiu i de naturalesa, gastronomia, patrimoni i astroturismo.<\/p>\n\n\n\n<p class=\"wp-block-paragraph\">El PSTD va n\u00e0ixer en el marc del Pla Territorial de Sostenibilitat Tur\u00edstica de la Comunitat Valenciana, a trav\u00e9s de la convocat\u00f2ria extraordin\u00e0ria 2021, amb c\u00e0rrec al fons Pla de Recuperaci\u00f3, Transformaci\u00f3 i Resili\u00e8ncia finan\u00e7at per la Uni\u00f3 Europea- Next Generation EU.<\/p>\n","protected":false},"excerpt":{"rendered":"<div class=\"mh-excerpt\">\u00c9s una de les actuacions del Pla de Sostenibilitat Tur\u00edstica en Dest\u00ed (PSTD) emmarcat en el Pla de Recuperaci\u00f3, Transformaci\u00f3 i Resili\u00e8ncia, finan\u00e7at per la Uni\u00f3 Europea &#8211; NextGenerationEU&nbsp; La Mancomunitat de l&#8217;Interior Terra del <a class=\"mh-excerpt-more\" href=\"https:\/\/tucomarca.whitekongsoftware.com\/ca\/terra-boval-colloca-punts-dinformacio-dinteres-24-hores-els-365-dies-de-lany-en-els-seus-9-municipis\/\" title=\"Terra Boval col\u00b7loca punts d&#8217;informaci\u00f3 d&#8217;inter\u00e9s 24 hores els 365 dies de l&#8217;any en els seus 9 municipis\">[+] <\/a><\/div>\n","protected":false},"author":12,"featured_media":215685,"comment_status":"open","ping_status":"open","sticky":false,"template":"","format":"standard","meta":{"footnotes":""},"categories":[11031,11032,11054,10898,11055,10948,10894,10947,10908,10909,10896,11058,11059,11060,11061],"tags":[18105,10910,12388],"class_list":["post-215687","post","type-post","status-publish","format-standard","has-post-thumbnail","category-camporrobles-ca","category-caudete-ca","category-chera-ca","category-ventana-ca","category-fuenterrobles-ca","category-infraestructuras-ca","category-la-comarca-ca","category-politica","category-requena-ca","category-requena-utiel-ca","category-seccion-ca","category-sinarcas-ca","category-utiel-ca","category-venta-del-moro-ca","category-villargordo-del-cabriel-ca","tag-mancomunidad-interior-tierra-del-vino-ca","tag-requena-utiel-ca","tag-tierra-bobal-ca"],"_links":{"self":[{"href":"https:\/\/tucomarca.whitekongsoftware.com\/ca\/wp-json\/wp\/v2\/posts\/215687","targetHints":{"allow":["GET"]}}],"collection":[{"href":"https:\/\/tucomarca.whitekongsoftware.com\/ca\/wp-json\/wp\/v2\/posts"}],"about":[{"href":"https:\/\/tucomarca.whitekongsoftware.com\/ca\/wp-json\/wp\/v2\/types\/post"}],"author":[{"embeddable":true,"href":"https:\/\/tucomarca.whitekongsoftware.com\/ca\/wp-json\/wp\/v2\/users\/12"}],"replies":[{"embeddable":true,"href":"https:\/\/tucomarca.whitekongsoftware.com\/ca\/wp-json\/wp\/v2\/comments?post=215687"}],"version-history":[{"count":0,"href":"https:\/\/tucomarca.whitekongsoftware.com\/ca\/wp-json\/wp\/v2\/posts\/215687\/revisions"}],"wp:featuredmedia":[{"embeddable":true,"href":"https:\/\/tucomarca.whitekongsoftware.com\/ca\/wp-json\/wp\/v2\/media\/215685"}],"wp:attachment":[{"href":"https:\/\/tucomarca.whitekongsoftware.com\/ca\/wp-json\/wp\/v2\/media?parent=215687"}],"wp:term":[{"taxonomy":"category","embeddable":true,"href":"https:\/\/tucomarca.whitekongsoftware.com\/ca\/wp-json\/wp\/v2\/categories?post=215687"},{"taxonomy":"post_tag","embeddable":true,"href":"https:\/\/tucomarca.whitekongsoftware.com\/ca\/wp-json\/wp\/v2\/tags?post=215687"}],"curies":[{"name":"wp","href":"https:\/\/api.w.org\/{rel}","templated":true}]}}