{"id":215495,"date":"2024-03-20T12:12:00","date_gmt":"2024-03-20T11:12:00","guid":{"rendered":"http:\/\/www.tucomarca.com\/wordpress\/segunda\/?p=215495"},"modified":"2024-03-20T13:16:50","modified_gmt":"2024-03-20T12:16:50","slug":"partit-de-requena-i-llogarets-denuncia-que-el-govern-despanya-deixa-als-requenenses-sense-tren-en-falles","status":"publish","type":"post","link":"https:\/\/tucomarca.whitekongsoftware.com\/ca\/partit-de-requena-i-llogarets-denuncia-que-el-govern-despanya-deixa-als-requenenses-sense-tren-en-falles\/","title":{"rendered":"El Partit de Requena i Llogarets denuncia que el govern d&#8217;Espanya deixa als requenenses sense tren en Falles"},"content":{"rendered":"\n<h3 class=\"wp-block-heading\">El PRyA den\u00fancia que el govern socialista deixa als requenenses sense tren en Falles.<\/h3>\n\n\n\n<figure class=\"wp-block-image size-full\"><img loading=\"lazy\" decoding=\"async\" width=\"886\" height=\"628\" src=\"http:\/\/www.tucomarca.com\/wordpress\/segunda\/wp-content\/uploads\/2024\/03\/RenfeRequena.jpg\" alt=\"\" class=\"wp-image-215492\" srcset=\"https:\/\/tucomarca.whitekongsoftware.com\/wp-content\/uploads\/2024\/03\/RenfeRequena.jpg 886w, https:\/\/tucomarca.whitekongsoftware.com\/wp-content\/uploads\/2024\/03\/RenfeRequena-300x213.jpg 300w, https:\/\/tucomarca.whitekongsoftware.com\/wp-content\/uploads\/2024\/03\/RenfeRequena-768x544.jpg 768w\" sizes=\"auto, (max-width: 886px) 100vw, 886px\" \/><\/figure>\n\n\n\n<p class=\"wp-block-paragraph\">\u201cDes del PRyA volem denunciar que la suspensi\u00f3 del servei de trens entre Bunyol i Utiel durant els dies de Falles demostra el total desastre del servei de rodalia per part de l&#8217;administraci\u00f3 del PSOE en el Ministeri de Foment\u201d.&nbsp;<br>\u201cSegons el comunicat de RENFE, els dies 16, 17, 18 i 19 aquest servei de tren es prestar\u00e0 per carretera fins a Bunyol, segons ells \u201cper motius t\u00e8cnics\u201c, sense donar cap altra explicaci\u00f3\u201d.&nbsp;<br>\u201cPer aix\u00f2, molts requenenses s&#8217;han vist literalment \u201ctirats&#8221; a l&#8217;hora de despla\u00e7ar-se a les festes de Falles a la zona de Val\u00e8ncia, la qual cosa evidencia un total desinter\u00e9s del govern del PSOE per l&#8217;interior valenci\u00e0\u201d.&nbsp;<br>\u201cDes del PRyA volem expressar la nostra total indignaci\u00f3 per la falta d&#8217;informaci\u00f3 sobre el succe\u00eft per part de RENFE, perqu\u00e8 en la regidoria de Transports, dirigida pel PRyA, no s&#8217;ha rebut cap av\u00eds o explicaci\u00f3 sobre eixos \u201cmotius t\u00e8cnics\u201c que ens diuen des de RENFE i que nom\u00e9s evidencien el total desastre de la gesti\u00f3 del PSOE en el servei de rodalia\u201d.&nbsp;<br>\u201cMentre centenars de requenenses tardaven hores a arribar a Val\u00e8ncia, amb trens saturats, viatjant dempeus, com a bestiar, desinformats i desesperats, el m\u00e0xim responsable d&#8217;aquest servei, el ministre del PSOE Oscar Puente, es divertia en les Falles menjant paella i gaudint d&#8217;una bona festa sense donar ni una sola explicaci\u00f3, una cosa denigrant per als usuraris de RENFE\u201d.&nbsp;<br>\u201cDes de la nostra formaci\u00f3 pol\u00edtica hem denunciat en multitud d&#8217;ocasions el mal estat de la nostra l\u00ednia de tren o la desaparici\u00f3 d&#8217;aquest, com a Camporrobles, un servei tercermundista que no mereixen els valencians de l&#8217;interior i que no \u00e9s m\u00e9s que la mostra que al govern central del PSOE els importem poc o res\u201d.<br>\u201cDes del PRyA exigim al govern socialista i al ministre \u00d3scar Puente que done explicacions sobre el desastre que hem patit a Requena i en tot l&#8217;interior valenci\u00e0 per la seua p\u00e8ssima gesti\u00f3, els ciutadans ens mereixem saber quals s\u00f3n eixos \u201cproblemes t\u00e8cnics\u201d que ens estan dient\u201d.<\/p>\n","protected":false},"excerpt":{"rendered":"<div class=\"mh-excerpt\">El PRyA den\u00fancia que el govern socialista deixa als requenenses sense tren en Falles. \u201cDes del PRyA volem denunciar que la suspensi\u00f3 del servei de trens entre Bunyol i Utiel durant els dies de Falles <a class=\"mh-excerpt-more\" href=\"https:\/\/tucomarca.whitekongsoftware.com\/ca\/partit-de-requena-i-llogarets-denuncia-que-el-govern-despanya-deixa-als-requenenses-sense-tren-en-falles\/\" title=\"El Partit de Requena i Llogarets denuncia que el govern d&#8217;Espanya deixa als requenenses sense tren en Falles\">[+] <\/a><\/div>\n","protected":false},"author":12,"featured_media":215493,"comment_status":"open","ping_status":"open","sticky":false,"template":"","format":"standard","meta":{"footnotes":""},"categories":[10948,10894,10947,10908,10909,10896],"tags":[12796,11099,10910],"class_list":["post-215495","post","type-post","status-publish","format-standard","has-post-thumbnail","category-infraestructuras-ca","category-la-comarca-ca","category-politica","category-requena-ca","category-requena-utiel-ca","category-seccion-ca","tag-prya-ca","tag-requena-ca","tag-requena-utiel-ca"],"_links":{"self":[{"href":"https:\/\/tucomarca.whitekongsoftware.com\/ca\/wp-json\/wp\/v2\/posts\/215495","targetHints":{"allow":["GET"]}}],"collection":[{"href":"https:\/\/tucomarca.whitekongsoftware.com\/ca\/wp-json\/wp\/v2\/posts"}],"about":[{"href":"https:\/\/tucomarca.whitekongsoftware.com\/ca\/wp-json\/wp\/v2\/types\/post"}],"author":[{"embeddable":true,"href":"https:\/\/tucomarca.whitekongsoftware.com\/ca\/wp-json\/wp\/v2\/users\/12"}],"replies":[{"embeddable":true,"href":"https:\/\/tucomarca.whitekongsoftware.com\/ca\/wp-json\/wp\/v2\/comments?post=215495"}],"version-history":[{"count":0,"href":"https:\/\/tucomarca.whitekongsoftware.com\/ca\/wp-json\/wp\/v2\/posts\/215495\/revisions"}],"wp:featuredmedia":[{"embeddable":true,"href":"https:\/\/tucomarca.whitekongsoftware.com\/ca\/wp-json\/wp\/v2\/media\/215493"}],"wp:attachment":[{"href":"https:\/\/tucomarca.whitekongsoftware.com\/ca\/wp-json\/wp\/v2\/media?parent=215495"}],"wp:term":[{"taxonomy":"category","embeddable":true,"href":"https:\/\/tucomarca.whitekongsoftware.com\/ca\/wp-json\/wp\/v2\/categories?post=215495"},{"taxonomy":"post_tag","embeddable":true,"href":"https:\/\/tucomarca.whitekongsoftware.com\/ca\/wp-json\/wp\/v2\/tags?post=215495"}],"curies":[{"name":"wp","href":"https:\/\/api.w.org\/{rel}","templated":true}]}}