{"id":214869,"date":"2024-03-16T11:00:00","date_gmt":"2024-03-16T10:00:00","guid":{"rendered":"https:\/\/www.tucomarca.com\/wordpress\/segunda\/?p=214869"},"modified":"2024-03-16T22:02:04","modified_gmt":"2024-03-16T21:02:04","slug":"riba-roja-tanca-febrer-amb-la-taxa-datur-mes-baixa-de-lultima-decada-en-passar-de-2-239-a-1-349-persones-desocupades","status":"publish","type":"post","link":"https:\/\/tucomarca.whitekongsoftware.com\/ca\/riba-roja-tanca-febrer-amb-la-taxa-datur-mes-baixa-de-lultima-decada-en-passar-de-2-239-a-1-349-persones-desocupades\/","title":{"rendered":"Riba-roja tanca febrer amb la taxa d&#8217;atur m\u00e9s baixa de l&#8217;\u00faltima d\u00e8cada en passar de 2.239 a 1.349 persones desocupades"},"content":{"rendered":"\n<h3 class=\"wp-block-heading\">Les xifres de Labora evidencien una millora entre els anys 2014 i 2024 amb un descens de 890 aturats menys, una reducci\u00f3 de fins al 39\u201975%.<\/h3>\n\n\n\n<p class=\"wp-block-paragraph\">La localitat de Riba-roja de T\u00faria ha tancat el mes de febrer amb la taxa d&#8217;atur m\u00e9s baixa de l&#8217;\u00faltima d\u00e8cada en passar de 2.239 aturats al febrer de l&#8217;any 2014 a les 1.349 persones parades del passat mes, segons les estad\u00edstiques de Labora, l&#8217;entitat p\u00fablica encarregada de la formaci\u00f3 i l&#8217;ocupaci\u00f3 dependent de la Generalitat Valenciana.&nbsp;<\/p>\n\n\n\n<p class=\"wp-block-paragraph\">Les xifres de Labora constaten una reducci\u00f3 progressiva al llarg dels \u00faltims deu anys el punt d&#8217;inflexi\u00f3 dels quals s&#8217;evidencia entre els anys 2016 i 2019 quan el nivell d&#8217;aturats es redueix en m\u00e9s de 500 persones. D&#8217;aquesta manera, l&#8217;any 2016 estaven inscrites 2.003 persones en les llistes de l&#8217;atur mentre que en l&#8217;exercici de 2018 s&#8217;havia redu\u00eft fins als 1.532 aturats, \u00e9s a dir, 471 persones menys, entre tots dos per\u00edodes.&nbsp;<\/p>\n\n\n\n<p class=\"wp-block-paragraph\">Les mateixes dades demostren, a m\u00e9s, un descens del 53% de reducci\u00f3 de l&#8217;atur entre els homes i d&#8217;un altre 27\u20196% entre les dones, en l&#8217;\u00faltima d\u00e8cada. En el cas dels homes van passar de 1.074 aturats al febrer de 2014 als 505 homes menys en el mes de febrer passat, \u00e9s a dir, 569 persones menys i una reducci\u00f3 del 53%. En el cas de les dones la reducci\u00f3 aconsegueix les 321 persones menys, un 27\u20196% menys, en el mateix per\u00edode.&nbsp;<\/p>\n\n\n\n<p class=\"wp-block-paragraph\">L&#8217;evoluci\u00f3 en el cas de Riba-roja de T\u00faria s&#8217;ha plasmat amb una reducci\u00f3 d&#8217;11 persones menys com a demandants d&#8217;ocupaci\u00f3 entre gener i febrer d&#8217;aquest mateix any, en passar de les 1.360 persones en atur el mes de gener a les 1.349 persones desocupades el mes de febrer. En l&#8217;est per\u00edode de temps, 9 homes i 2 dones han trobat una ocupaci\u00f3 en la localitat.&nbsp;<\/p>\n\n\n\n<p class=\"wp-block-paragraph\">En aquestes mateixes estad\u00edstiques, els demandants parats per sectors d&#8217;activitat s&#8217;estructuren en 1.019 persones en el sector dels serveis, altres 165 persones en l&#8217;\u00e0mbit de la ind\u00fastria, altres 97 aturats en la construcci\u00f3 i, finalment, les restants 22 persones desocupades corresponen al sector de l&#8217;agricultura. Per sectors d&#8217;activitat econ\u00f2mica, 214 aturats s\u00f3n activitats administratives i serveis auxiliars, altres 197 persones sense ocupaci\u00f3 en el comer\u00e7 a l&#8217;engr\u00f2s i al detall, reparaci\u00f3 de vehicles de motor, altres 149 aturades en la ind\u00fastria manufacturera i 132 en administraci\u00f3 p\u00fablica i defensa.&nbsp;<br>Per grups d&#8217;edat, 809 dels 1.349 aturats tenen m\u00e9s de 44 anys, altres 418 persones estan inscrites en la franja d&#8217;edat entre els 25 i els 44 anys, mentre que els restants 132 aturats tenen menys de 25 anys, segons s&#8217;especifica en les estad\u00edstiques de Labora. Per grups d&#8217;edat i sexe, 520 persones desocupades s\u00f3n dones de m\u00e9s de 44 anys, altres 289 s\u00f3n homes sense ocupaci\u00f3 majors, tamb\u00e9, de 44 anys, mentre que 264 aturats al febrer s\u00f3n dones entre 25 i 44 anys i 154 s\u00f3n homes en la mateixa franja.&nbsp;<\/p>\n\n\n\n<p class=\"wp-block-paragraph\">Quant al nivell formatiu dels aturats, l&#8217;estudi de Labora constata que 469 aturats estan englobats en la primera etapa d&#8217;educaci\u00f3 secund\u00e0ria sense t\u00edtol de graduat escolar o equivalent, altres 362 persones estan en la primera etapa de secund\u00e0ria amb t\u00edtol de graduat escolar o equivalent i, 116 aturats han realitzat ensenyaments de grau mitj\u00e0 de formaci\u00f3 professional, espec\u00edfica, arts pl\u00e0stiques i disseny. Altres 100 persones desocupades han dut a terme ensenyaments de batxillerat.&nbsp;<\/p>\n\n\n\n<p class=\"wp-block-paragraph\">Quant a la formalitzaci\u00f3 de contractes laborals, les xifres de Labora certifiquen un total de 1.093 contractes al febrer passat, d&#8217;ells 662 s\u00f3n homes i els restants 431 corresponen a dones. En el conjunt de la Comunitat Valenciana, es van arribar a registrar 110.673 contractes en total, un 4\u201996% m\u00e9s que en el mateix mes que l&#8217;any anterior, amb una majoria d&#8217;ells indefinits enfront dels temporals.&nbsp;<\/p>\n\n\n\n<p class=\"wp-block-paragraph\">L&#8217;alcalde de Riba-roja de T\u00faria, Robert Raga, ha subratllat que aquestes xifres conegudes de Labora \u201cevidencien la tend\u00e8ncia que s&#8217;experimenta en el nostre municipi al llarg dels \u00faltims anys, no cal caure, en absolut, en triomfalismes, l&#8217;objectiu ha de ser continuar en la mateixa l\u00ednia perqu\u00e8 a poc a poc la taxa d&#8217;atur es redu\u00efsca notablement; per a aix\u00f2, \u00e9s necessari que entre tots treballem en la mateixa direcci\u00f3\u201d.<\/p>\n\n\n\n<p class=\"wp-block-paragraph\"><\/p>\n","protected":false},"excerpt":{"rendered":"<div class=\"mh-excerpt\">Les xifres de Labora evidencien una millora entre els anys 2014 i 2024 amb un descens de 890 aturats menys, una reducci\u00f3 de fins al 39\u201975%. La localitat de Riba-roja de T\u00faria ha tancat el <a class=\"mh-excerpt-more\" href=\"https:\/\/tucomarca.whitekongsoftware.com\/ca\/riba-roja-tanca-febrer-amb-la-taxa-datur-mes-baixa-de-lultima-decada-en-passar-de-2-239-a-1-349-persones-desocupades\/\" title=\"Riba-roja tanca febrer amb la taxa d&#8217;atur m\u00e9s baixa de l&#8217;\u00faltima d\u00e8cada en passar de 2.239 a 1.349 persones desocupades\">[+] <\/a><\/div>\n","protected":false},"author":12,"featured_media":186128,"comment_status":"open","ping_status":"open","sticky":false,"template":"","format":"standard","meta":{"footnotes":""},"categories":[10892,10948,10894,10947,10906,10896],"tags":[10899,11969,15024],"class_list":["post-214869","post","type-post","status-publish","format-standard","has-post-thumbnail","category-camp-de-turia-ca","category-infraestructuras-ca","category-la-comarca-ca","category-politica","category-riba-roja-ca","category-seccion-ca","tag-camp-de-turia-ca","tag-paro-ca","tag-riba-roja-de-turia-ca"],"_links":{"self":[{"href":"https:\/\/tucomarca.whitekongsoftware.com\/ca\/wp-json\/wp\/v2\/posts\/214869","targetHints":{"allow":["GET"]}}],"collection":[{"href":"https:\/\/tucomarca.whitekongsoftware.com\/ca\/wp-json\/wp\/v2\/posts"}],"about":[{"href":"https:\/\/tucomarca.whitekongsoftware.com\/ca\/wp-json\/wp\/v2\/types\/post"}],"author":[{"embeddable":true,"href":"https:\/\/tucomarca.whitekongsoftware.com\/ca\/wp-json\/wp\/v2\/users\/12"}],"replies":[{"embeddable":true,"href":"https:\/\/tucomarca.whitekongsoftware.com\/ca\/wp-json\/wp\/v2\/comments?post=214869"}],"version-history":[{"count":0,"href":"https:\/\/tucomarca.whitekongsoftware.com\/ca\/wp-json\/wp\/v2\/posts\/214869\/revisions"}],"wp:featuredmedia":[{"embeddable":true,"href":"https:\/\/tucomarca.whitekongsoftware.com\/ca\/wp-json\/wp\/v2\/media\/186128"}],"wp:attachment":[{"href":"https:\/\/tucomarca.whitekongsoftware.com\/ca\/wp-json\/wp\/v2\/media?parent=214869"}],"wp:term":[{"taxonomy":"category","embeddable":true,"href":"https:\/\/tucomarca.whitekongsoftware.com\/ca\/wp-json\/wp\/v2\/categories?post=214869"},{"taxonomy":"post_tag","embeddable":true,"href":"https:\/\/tucomarca.whitekongsoftware.com\/ca\/wp-json\/wp\/v2\/tags?post=214869"}],"curies":[{"name":"wp","href":"https:\/\/api.w.org\/{rel}","templated":true}]}}