{"id":214857,"date":"2024-03-15T20:00:00","date_gmt":"2024-03-15T19:00:00","guid":{"rendered":"https:\/\/www.tucomarca.com\/wordpress\/segunda\/?p=214857"},"modified":"2024-03-16T22:05:58","modified_gmt":"2024-03-16T21:05:58","slug":"maria-jose-dolz-pren-possessio-com-a-nova-regidora-del-pspv-en-el-ayuntamieto-de-la-pobla-de-vallbona","status":"publish","type":"post","link":"https:\/\/tucomarca.whitekongsoftware.com\/ca\/maria-jose-dolz-pren-possessio-com-a-nova-regidora-del-pspv-en-el-ayuntamieto-de-la-pobla-de-vallbona\/","title":{"rendered":"Mar\u00eda Jos\u00e9 Dolz pren possessi\u00f3 com a nova regidora del PSPV en el Ayuntamieto de la Pobla de Vallbona&nbsp;"},"content":{"rendered":"\n<h3 class=\"wp-block-heading\">Dolz s&#8217;incorpora com a representant del grup socialista en substituci\u00f3 de Pedro Garc\u00eda, qui va renunciar al c\u00e0rrec per motius personals.<\/h3>\n\n\n\n<p class=\"wp-block-paragraph\">Mar\u00eda Jos\u00e9 Dolz ha pres possessi\u00f3 com a nova regidora del grup socialista a l&#8217;Ajuntament de la Pobla de Vallbona en el ple municipal que es va celebrar en la vesprada d&#8217;ahir dijous. Dolz substitueix en el c\u00e0rrec a Pedro Garc\u00eda, qui va renunciar al c\u00e0rrec de regidor del PSPV-PSOE per motius personals en el passat ple ordinari del mes de gener.&nbsp;<\/p>\n\n\n\n<p class=\"wp-block-paragraph\">Dolz ha agra\u00eft el suport i confian\u00e7a dels seus companys i companyes del PSPV-PSOE \u201cque em permet afrontar amb il\u00b7lusi\u00f3 i bon \u00e0nim aquesta responsabilitat que assumisc a l&#8217;ajuntament, que m&#8217;oferir\u00e0 l&#8217;oportunitat de donar veu en la instituci\u00f3 a tots els ciutadans i les ciutadanes del municipi, tant als qui ens van votar en les passades eleccions com als qui llavors ens van donar la seua confian\u00e7a\u201d.&nbsp;<\/p>\n\n\n\n<p class=\"wp-block-paragraph\">La regidora socialista ha anunciat, tamb\u00e9, que \u201ccom sempre hem fet els i les socialistes des del grup municipal, continuarem treballant per millorar la vida dels nostres ve\u00efns i ve\u00efnes, per escoltar les seues propostes i atendre les seues demandes i necessitats de la manera m\u00e9s adequada\u201d-&nbsp;<\/p>\n\n\n\n<p class=\"wp-block-paragraph\">Finalment, la nova regidora del grup socialista s&#8217;ha mostrat \u201cdecidida a continuar la l\u00ednia d&#8217;oposici\u00f3 intensa, ferma, per\u00f2 responsable i en positiu, que el grup ve desenvolupant al llarg de la legislatura, compromesa amb el deure de servei p\u00fablic que contrac amb la ciutadania de la Pobla de Vallbona, animada a treballar pel desenvolupament i millora del nostre municipi i pel major benestar dels qui l&#8217;habitem\u201d.<\/p>\n","protected":false},"excerpt":{"rendered":"<div class=\"mh-excerpt\">Dolz s&#8217;incorpora com a representant del grup socialista en substituci\u00f3 de Pedro Garc\u00eda, qui va renunciar al c\u00e0rrec per motius personals. Mar\u00eda Jos\u00e9 Dolz ha pres possessi\u00f3 com a nova regidora del grup socialista a <a class=\"mh-excerpt-more\" href=\"https:\/\/tucomarca.whitekongsoftware.com\/ca\/maria-jose-dolz-pren-possessio-com-a-nova-regidora-del-pspv-en-el-ayuntamieto-de-la-pobla-de-vallbona\/\" title=\"Mar\u00eda Jos\u00e9 Dolz pren possessi\u00f3 com a nova regidora del PSPV en el Ayuntamieto de la Pobla de Vallbona&nbsp;\">[+] <\/a><\/div>\n","protected":false},"author":12,"featured_media":214856,"comment_status":"open","ping_status":"open","sticky":false,"template":"","format":"standard","meta":{"footnotes":""},"categories":[10892,10894,10915,10947,10896],"tags":[10899,10916,11319],"class_list":["post-214857","post","type-post","status-publish","format-standard","has-post-thumbnail","category-camp-de-turia-ca","category-la-comarca-ca","category-la-pobla-ca","category-politica","category-seccion-ca","tag-camp-de-turia-ca","tag-la-pobla-de-vallbona-ca","tag-pspv-psoe-ca"],"_links":{"self":[{"href":"https:\/\/tucomarca.whitekongsoftware.com\/ca\/wp-json\/wp\/v2\/posts\/214857","targetHints":{"allow":["GET"]}}],"collection":[{"href":"https:\/\/tucomarca.whitekongsoftware.com\/ca\/wp-json\/wp\/v2\/posts"}],"about":[{"href":"https:\/\/tucomarca.whitekongsoftware.com\/ca\/wp-json\/wp\/v2\/types\/post"}],"author":[{"embeddable":true,"href":"https:\/\/tucomarca.whitekongsoftware.com\/ca\/wp-json\/wp\/v2\/users\/12"}],"replies":[{"embeddable":true,"href":"https:\/\/tucomarca.whitekongsoftware.com\/ca\/wp-json\/wp\/v2\/comments?post=214857"}],"version-history":[{"count":0,"href":"https:\/\/tucomarca.whitekongsoftware.com\/ca\/wp-json\/wp\/v2\/posts\/214857\/revisions"}],"wp:featuredmedia":[{"embeddable":true,"href":"https:\/\/tucomarca.whitekongsoftware.com\/ca\/wp-json\/wp\/v2\/media\/214856"}],"wp:attachment":[{"href":"https:\/\/tucomarca.whitekongsoftware.com\/ca\/wp-json\/wp\/v2\/media?parent=214857"}],"wp:term":[{"taxonomy":"category","embeddable":true,"href":"https:\/\/tucomarca.whitekongsoftware.com\/ca\/wp-json\/wp\/v2\/categories?post=214857"},{"taxonomy":"post_tag","embeddable":true,"href":"https:\/\/tucomarca.whitekongsoftware.com\/ca\/wp-json\/wp\/v2\/tags?post=214857"}],"curies":[{"name":"wp","href":"https:\/\/api.w.org\/{rel}","templated":true}]}}