{"id":214731,"date":"2024-03-15T09:30:00","date_gmt":"2024-03-15T08:30:00","guid":{"rendered":"https:\/\/www.tucomarca.com\/wordpress\/segunda\/?p=214731"},"modified":"2024-03-15T18:35:58","modified_gmt":"2024-03-15T17:35:58","slug":"el-consorci-de-bombers-de-valencia-aconsella-sobre-un-bon-us-dels-petards","status":"publish","type":"post","link":"https:\/\/tucomarca.whitekongsoftware.com\/ca\/el-consorci-de-bombers-de-valencia-aconsella-sobre-un-bon-us-dels-petards\/","title":{"rendered":"El Consorci de Bombers de Val\u00e8ncia aconsella sobre un bon \u00fas dels petards"},"content":{"rendered":"\n<p class=\"wp-block-paragraph\">En plena setmana fallera, el Consorci de Bombers de Val\u00e8ncia adverteix a la ciutadania sobre el risc d&#8217;un mal \u00fas dels petards i altres materials pirot\u00e8cnics, mitjan\u00e7ant una campanya preventiva a trav\u00e9s de mitjans de comunicaci\u00f3 i xarxes socials. L&#8217;objectiu de la iniciativa, denominada \u201cFalles sense perill\u201d, no \u00e9s un altre que que la ciutadania gaudisca al m\u00e0xim d\u2019estes festes, evitant per a aix\u00f2 qualsevol risc derivat d&#8217;un mal \u00fas dels petards.<\/p>\n\n\n\n<p class=\"wp-block-paragraph\">Un dels principals riscos sobre els quals alerten des del Consorci de Bombers de Val\u00e8ncia \u00e9s el perill de provocar un incendi a causa de l&#8217;\u00fas de petards. Per aix\u00f2 cal evitar col\u00b7locar-los al costat d&#8217;elements que puguen propagar un foc, com ara papereres, contenidors, o l\u00edquids inflamables, i evitar situar-los en llocs pr\u00f2xims a vegetaci\u00f3 o zones de bosc, ja que que podria acabar provocant un foc a la muntanya. En este sentit, es recorda que la vegetaci\u00f3 en general est\u00e0 arrossegant enguany un important estr\u00e9s h\u00eddric, agreujat per les altes temperatures i episodis de vent d&#8217;este 2024, per la qual cosa la vegetaci\u00f3 es troba molt seca i qualsevol punt d\u2019ignici\u00f3 xicotet podria derivar en un incendi greu.<\/p>\n\n\n\n<p class=\"wp-block-paragraph\">Per\u00f2 no s\u00f3n l&#8217;\u00fanic perill greu. I \u00e9s que els bombers alerten que accions negligents, com situar els petards dins de botelles o llandes, augmenten els riscos, ja que en explotar produeixen metralla, i podrien provocar greus lesions. Tamb\u00e9 \u00e9s important que s&#8217;encenga en el s\u00f2l i mai subjectant-lo a la m\u00e0. No s&#8217;ha de guardar cap article pirot\u00e8cnic en les butxaques, tampoc manipular el contingut del petard, ni llan\u00e7ar-los contra altres persones ni animals. Si algun petard no s&#8217;enc\u00e9n b\u00e9 o no explota, no cal tocar-ho, sin\u00f3 esperar uns minuts i llavors humitejar-ho amb aigua. I per descomptat, cal utilitzar els articles pirot\u00e8cnics adequats en l&#8217;edat de l&#8217;usuari, respectant sempre la normativa vigent.<\/p>\n","protected":false},"excerpt":{"rendered":"<div class=\"mh-excerpt\">En plena setmana fallera, el Consorci de Bombers de Val\u00e8ncia adverteix a la ciutadania sobre el risc d&#8217;un mal \u00fas dels petards i altres materials pirot\u00e8cnics, mitjan\u00e7ant una campanya preventiva a trav\u00e9s de mitjans de <a class=\"mh-excerpt-more\" href=\"https:\/\/tucomarca.whitekongsoftware.com\/ca\/el-consorci-de-bombers-de-valencia-aconsella-sobre-un-bon-us-dels-petards\/\" title=\"El Consorci de Bombers de Val\u00e8ncia aconsella sobre un bon \u00fas dels petards\">[+] <\/a><\/div>\n","protected":false},"author":1,"featured_media":214728,"comment_status":"open","ping_status":"open","sticky":false,"template":"","format":"standard","meta":{"footnotes":""},"categories":[10898,10948,10894,10904,11007,10896,10897],"tags":[12834,11499,11199],"class_list":["post-214731","post","type-post","status-publish","format-standard","has-post-thumbnail","category-ventana-ca","category-infraestructuras-ca","category-la-comarca-ca","category-sin-categorizar-ca","category-ocio-y-cultura-ca","category-seccion-ca","category-sucesos-la-comarca-ca","tag-consorcio-provincial-de-bomberos-de-valencia-ca","tag-fallas-ca","tag-la-comunitat-ca"],"_links":{"self":[{"href":"https:\/\/tucomarca.whitekongsoftware.com\/ca\/wp-json\/wp\/v2\/posts\/214731","targetHints":{"allow":["GET"]}}],"collection":[{"href":"https:\/\/tucomarca.whitekongsoftware.com\/ca\/wp-json\/wp\/v2\/posts"}],"about":[{"href":"https:\/\/tucomarca.whitekongsoftware.com\/ca\/wp-json\/wp\/v2\/types\/post"}],"author":[{"embeddable":true,"href":"https:\/\/tucomarca.whitekongsoftware.com\/ca\/wp-json\/wp\/v2\/users\/1"}],"replies":[{"embeddable":true,"href":"https:\/\/tucomarca.whitekongsoftware.com\/ca\/wp-json\/wp\/v2\/comments?post=214731"}],"version-history":[{"count":0,"href":"https:\/\/tucomarca.whitekongsoftware.com\/ca\/wp-json\/wp\/v2\/posts\/214731\/revisions"}],"wp:featuredmedia":[{"embeddable":true,"href":"https:\/\/tucomarca.whitekongsoftware.com\/ca\/wp-json\/wp\/v2\/media\/214728"}],"wp:attachment":[{"href":"https:\/\/tucomarca.whitekongsoftware.com\/ca\/wp-json\/wp\/v2\/media?parent=214731"}],"wp:term":[{"taxonomy":"category","embeddable":true,"href":"https:\/\/tucomarca.whitekongsoftware.com\/ca\/wp-json\/wp\/v2\/categories?post=214731"},{"taxonomy":"post_tag","embeddable":true,"href":"https:\/\/tucomarca.whitekongsoftware.com\/ca\/wp-json\/wp\/v2\/tags?post=214731"}],"curies":[{"name":"wp","href":"https:\/\/api.w.org\/{rel}","templated":true}]}}