{"id":214599,"date":"2024-03-14T14:00:00","date_gmt":"2024-03-14T13:00:00","guid":{"rendered":"http:\/\/www.tucomarca.com\/wordpress\/segunda\/?p=214599"},"modified":"2024-03-14T22:04:20","modified_gmt":"2024-03-14T21:04:20","slug":"la-diputacio-de-valencia-completa-la-seua-recepcio-fallera-reunint-en-la-placa-manises-a-les-comissions-de-la-provincia","status":"publish","type":"post","link":"https:\/\/tucomarca.whitekongsoftware.com\/ca\/la-diputacio-de-valencia-completa-la-seua-recepcio-fallera-reunint-en-la-placa-manises-a-les-comissions-de-la-provincia\/","title":{"rendered":"La Diputaci\u00f3 de Val\u00e8ncia completa la seua recepci\u00f3 fallera reunint en la pla\u00e7a Manises a les comissions de la prov\u00edncia"},"content":{"rendered":"\n<h3 class=\"wp-block-heading\">Despr\u00e9s de celebrar l&#8217;inici de la setmana fallera amb les Falleres Majors de Val\u00e8ncia, M\u00aa Estela Arlandis i Marina Garc\u00eda, i les Juntes Locals de 53 municipis, la corporaci\u00f3 obri les seues portes als protagonistes de la festa.<\/h3>\n\n\n\n<p class=\"wp-block-paragraph\">La tradicional Recepci\u00f3 fallera de la Diputaci\u00f3 de Val\u00e8ncia s&#8217;ha convertit en tot un cl\u00e0ssic del calendari faller. L&#8217;acte organitzat per la corporaci\u00f3 provincial a l&#8217;inici de la setmana gran de la festa \u00e9s una cita ineludible per a les Falleres Majors de Val\u00e8ncia, que acompanyen als responsables de la instituci\u00f3 en la recepci\u00f3 a les Juntes Locals de la prov\u00edncia i les comissions falleres tant de la ciutat com de les comarques.<\/p>\n\n\n\n<p class=\"wp-block-paragraph\">En esta ocasi\u00f3, la Recepci\u00f3 s&#8217;ha dividit en dos jornades que han convertit la pla\u00e7a Manises en l&#8217;epicentre de l&#8217;activitat fallera. El dimecres van desfilar pels palaus de la Diputaci\u00f3 53 juntes locals d&#8217;altres tants municipis valencians. El president de la corporaci\u00f3, Vicent Momp\u00f3, i les vicepresidentes Nat\u00e0lia Enguix i Reme Mazzolari, van acompanyar en tot moment a les Falleres Majors de Val\u00e8ncia, M\u00aa Estela Arlandis i Marina Garc\u00eda, en un acte que va recon\u00e9ixer \u201cla repercussi\u00f3 de les Falles en pr\u00e0cticament totes les comarques, d&#8217;una festa que va m\u00e9s enll\u00e0 del Cap i Casal com es demostra cada any en la recepci\u00f3 organitzada per la Diputaci\u00f3\u201d, va assenyalar Momp\u00f3.<\/p>\n\n\n\n<p class=\"wp-block-paragraph\">Este dijous ha sigut el dia de les comissions, de totes les de la prov\u00edncia, tant les de Val\u00e8ncia com les dels seus pobles, convidades a una jornada festiva que s&#8217;ha prolongat durant la matinal. Les diputades i diputats provincials han exercit d&#8217;amfitrions de l&#8217;acte, acompanyant en la visita a la Diputaci\u00f3 a les falleres i fallers dels seus municipis, que han tingut l&#8217;oportunitat de disfrutar del programa faller de la instituci\u00f3 tant dins com fora del palau dels Scala.<\/p>\n\n\n\n<p class=\"wp-block-paragraph\">La m\u00fasica de la xaranga de Quatretonda ha amenitzat la festa en la pla\u00e7a Manises, mentre les comissions tenien les portes de la corporaci\u00f3 obertes per a visitar els palaus i l&#8217;exposici\u00f3 \u2018Ninots\u2019, amb la qual la Diputaci\u00f3 reivindica no sols el treball dels artistes fallers sin\u00f3 tamb\u00e9 la import\u00e0ncia de la festa als pobles.<\/p>\n\n\n\n<figure class=\"wp-block-gallery has-nested-images columns-1 is-cropped wp-block-gallery-1 is-layout-flex wp-block-gallery-is-layout-flex\">\n<figure class=\"wp-block-image size-large\"><img loading=\"lazy\" decoding=\"async\" width=\"2362\" height=\"1535\" data-id=\"214597\" src=\"http:\/\/www.tucomarca.com\/wordpress\/segunda\/wp-content\/uploads\/2024\/03\/RecepcionDiputacion4.jpg\" alt=\"\" class=\"wp-image-214597\" srcset=\"https:\/\/tucomarca.whitekongsoftware.com\/wp-content\/uploads\/2024\/03\/RecepcionDiputacion4.jpg 2362w, https:\/\/tucomarca.whitekongsoftware.com\/wp-content\/uploads\/2024\/03\/RecepcionDiputacion4-300x195.jpg 300w, https:\/\/tucomarca.whitekongsoftware.com\/wp-content\/uploads\/2024\/03\/RecepcionDiputacion4-1024x665.jpg 1024w, https:\/\/tucomarca.whitekongsoftware.com\/wp-content\/uploads\/2024\/03\/RecepcionDiputacion4-768x499.jpg 768w, https:\/\/tucomarca.whitekongsoftware.com\/wp-content\/uploads\/2024\/03\/RecepcionDiputacion4-1536x998.jpg 1536w, https:\/\/tucomarca.whitekongsoftware.com\/wp-content\/uploads\/2024\/03\/RecepcionDiputacion4-2048x1331.jpg 2048w\" sizes=\"auto, (max-width: 2362px) 100vw, 2362px\" \/><\/figure>\n\n\n\n<figure class=\"wp-block-image size-large\"><img loading=\"lazy\" decoding=\"async\" width=\"2362\" height=\"1535\" data-id=\"214595\" src=\"http:\/\/www.tucomarca.com\/wordpress\/segunda\/wp-content\/uploads\/2024\/03\/RecepcionDiputacion3.jpg\" alt=\"\" class=\"wp-image-214595\" srcset=\"https:\/\/tucomarca.whitekongsoftware.com\/wp-content\/uploads\/2024\/03\/RecepcionDiputacion3.jpg 2362w, https:\/\/tucomarca.whitekongsoftware.com\/wp-content\/uploads\/2024\/03\/RecepcionDiputacion3-300x195.jpg 300w, https:\/\/tucomarca.whitekongsoftware.com\/wp-content\/uploads\/2024\/03\/RecepcionDiputacion3-1024x665.jpg 1024w, https:\/\/tucomarca.whitekongsoftware.com\/wp-content\/uploads\/2024\/03\/RecepcionDiputacion3-768x499.jpg 768w, https:\/\/tucomarca.whitekongsoftware.com\/wp-content\/uploads\/2024\/03\/RecepcionDiputacion3-1536x998.jpg 1536w, https:\/\/tucomarca.whitekongsoftware.com\/wp-content\/uploads\/2024\/03\/RecepcionDiputacion3-2048x1331.jpg 2048w\" sizes=\"auto, (max-width: 2362px) 100vw, 2362px\" \/><\/figure>\n\n\n\n<figure class=\"wp-block-image size-large\"><img loading=\"lazy\" decoding=\"async\" width=\"2560\" height=\"1704\" data-id=\"214593\" src=\"http:\/\/www.tucomarca.com\/wordpress\/segunda\/wp-content\/uploads\/2024\/03\/RecepcionDiputacion2-scaled.jpg\" alt=\"\" class=\"wp-image-214593\" srcset=\"https:\/\/tucomarca.whitekongsoftware.com\/wp-content\/uploads\/2024\/03\/RecepcionDiputacion2-scaled.jpg 2560w, https:\/\/tucomarca.whitekongsoftware.com\/wp-content\/uploads\/2024\/03\/RecepcionDiputacion2-300x200.jpg 300w, https:\/\/tucomarca.whitekongsoftware.com\/wp-content\/uploads\/2024\/03\/RecepcionDiputacion2-1024x682.jpg 1024w, https:\/\/tucomarca.whitekongsoftware.com\/wp-content\/uploads\/2024\/03\/RecepcionDiputacion2-768x511.jpg 768w, https:\/\/tucomarca.whitekongsoftware.com\/wp-content\/uploads\/2024\/03\/RecepcionDiputacion2-1536x1022.jpg 1536w, https:\/\/tucomarca.whitekongsoftware.com\/wp-content\/uploads\/2024\/03\/RecepcionDiputacion2-2048x1363.jpg 2048w\" sizes=\"auto, (max-width: 2560px) 100vw, 2560px\" \/><\/figure>\n<\/figure>\n","protected":false},"excerpt":{"rendered":"<div class=\"mh-excerpt\">Despr\u00e9s de celebrar l&#8217;inici de la setmana fallera amb les Falleres Majors de Val\u00e8ncia, M\u00aa Estela Arlandis i Marina Garc\u00eda, i les Juntes Locals de 53 municipis, la corporaci\u00f3 obri les seues portes als protagonistes <a class=\"mh-excerpt-more\" href=\"https:\/\/tucomarca.whitekongsoftware.com\/ca\/la-diputacio-de-valencia-completa-la-seua-recepcio-fallera-reunint-en-la-placa-manises-a-les-comissions-de-la-provincia\/\" title=\"La Diputaci\u00f3 de Val\u00e8ncia completa la seua recepci\u00f3 fallera reunint en la pla\u00e7a Manises a les comissions de la prov\u00edncia\">[+] <\/a><\/div>\n","protected":false},"author":12,"featured_media":214621,"comment_status":"open","ping_status":"open","sticky":false,"template":"","format":"gallery","meta":{"footnotes":""},"categories":[10911,10898,10894,10904,10912,11004,11007,11008,10896],"tags":[11246,19154],"class_list":["post-214599","post","type-post","status-publish","format-gallery","has-post-thumbnail","category-bunol-ca","category-ventana-ca","category-la-comarca-ca","category-sin-categorizar-ca","category-la-hoya-ca","category-la-semana-en-imagenes-ca","category-ocio-y-cultura-ca","category-pueblos-en-fiestas-ca","category-seccion-ca","tag-diputacio-de-valencia-ca","tag-fallas-2024-ca","post_format-post-format-gallery"],"_links":{"self":[{"href":"https:\/\/tucomarca.whitekongsoftware.com\/ca\/wp-json\/wp\/v2\/posts\/214599","targetHints":{"allow":["GET"]}}],"collection":[{"href":"https:\/\/tucomarca.whitekongsoftware.com\/ca\/wp-json\/wp\/v2\/posts"}],"about":[{"href":"https:\/\/tucomarca.whitekongsoftware.com\/ca\/wp-json\/wp\/v2\/types\/post"}],"author":[{"embeddable":true,"href":"https:\/\/tucomarca.whitekongsoftware.com\/ca\/wp-json\/wp\/v2\/users\/12"}],"replies":[{"embeddable":true,"href":"https:\/\/tucomarca.whitekongsoftware.com\/ca\/wp-json\/wp\/v2\/comments?post=214599"}],"version-history":[{"count":0,"href":"https:\/\/tucomarca.whitekongsoftware.com\/ca\/wp-json\/wp\/v2\/posts\/214599\/revisions"}],"wp:featuredmedia":[{"embeddable":true,"href":"https:\/\/tucomarca.whitekongsoftware.com\/ca\/wp-json\/wp\/v2\/media\/214621"}],"wp:attachment":[{"href":"https:\/\/tucomarca.whitekongsoftware.com\/ca\/wp-json\/wp\/v2\/media?parent=214599"}],"wp:term":[{"taxonomy":"category","embeddable":true,"href":"https:\/\/tucomarca.whitekongsoftware.com\/ca\/wp-json\/wp\/v2\/categories?post=214599"},{"taxonomy":"post_tag","embeddable":true,"href":"https:\/\/tucomarca.whitekongsoftware.com\/ca\/wp-json\/wp\/v2\/tags?post=214599"}],"curies":[{"name":"wp","href":"https:\/\/api.w.org\/{rel}","templated":true}]}}