{"id":214587,"date":"2024-03-14T09:50:00","date_gmt":"2024-03-14T08:50:00","guid":{"rendered":"http:\/\/www.tucomarca.com\/wordpress\/segunda\/?p=214587"},"modified":"2024-03-14T21:34:26","modified_gmt":"2024-03-14T20:34:26","slug":"el-pp-de-leliana-sollicita-millores-de-seguretat-viaria-en-lavinguda-de-les-corts","status":"publish","type":"post","link":"https:\/\/tucomarca.whitekongsoftware.com\/ca\/el-pp-de-leliana-sollicita-millores-de-seguretat-viaria-en-lavinguda-de-les-corts\/","title":{"rendered":"El PP de l&#8217;Eliana sol\u00b7licita millores de seguretat vi\u00e0ria en l&#8217;Avinguda de Les Corts"},"content":{"rendered":"\n<h3 class=\"wp-block-heading\">Mar\u00eda Jos\u00e9 Marco: &#8220;demanem m\u00e9s adher\u00e8ncia en l&#8217;asfalt i m\u00e9s freq\u00fc\u00e8ncia de jardineria&#8221;<\/h3>\n\n\n\n<h3 class=\"wp-block-heading\">Els populars demanen &#8220;canvis en el carril bici perqu\u00e8 no creue amb les terrasses de l&#8217;hostaleria&#8221;.<\/h3>\n\n\n\n<h3 class=\"wp-block-heading\">&#8220;PSOE i Comprom\u00eds no consideren que siga una mesura beneficiosa&#8221;.<\/h3>\n\n\n\n<p class=\"wp-block-paragraph\">En el passat ple ordinari, el Partit Popular de l&#8217;Eliana va presentar una proposta que sol\u00b7licitava millorar la seguretat vi\u00e0ria en l&#8217;Avinguda Corts Valencianes de l&#8217;Eliana. Proposta amb una s\u00e8rie d&#8217;aspectes que a petici\u00f3 del Grup Popular Municipal havien d&#8217;esmenar-se per a previndre accidents, trobant-se amb el vot negatiu per part del PSOE-Comprom\u00eds.<\/p>\n\n\n\n<p class=\"wp-block-paragraph\">En aquesta moci\u00f3 el Partit Popular sol\u00b7licitava, entre altres mesures, la substituci\u00f3 de l&#8217;asfalt de la coneguda &#8220;Rotonda de la Font&#8221;,&nbsp;en la conflu\u00e8ncia de Corts Valencianes amb Av. Alcalde Enrique Dar\u00edes, ja que a causa del desgast de la cal\u00e7ada est\u00e0 molt esvarosa i les motocicletes i ciclomotors han patit diverses caigudes, fins i tot circulant a velocitat molt redu\u00efda.<\/p>\n\n\n\n<p class=\"wp-block-paragraph\">Una altra de les mesures sol\u00b7licitades va ser l&#8217;augmentar la periodicitat de la retallada de les tanques i arbustos pr\u00f2xims als passos de vianants, per a millorar la visibilitat tant del conductor que circula per la via com la del vianant, evitant aix\u00ed algun possible accident. Al llarg de l&#8217;avinguda, s&#8217;han realitzat mesuraments i en diverses zones els arbustos sobrepassen el metre d&#8217;altura impedint una visibilitat \u00f2ptima tant per al vianant com per al conductor; com per exemple en la rotonda del Poliesportiu i del Col\u00b7legi El Garb\u00ed i IES, on la perillositat augmenta a causa de l&#8217;aflu\u00e8ncia de vianants en aquesta zona.<\/p>\n\n\n\n<p class=\"wp-block-paragraph\">Tamb\u00e9, el PP, va sol\u00b7licitar el trasllat del &#8220;carril bici&#8221; en el tram entre l&#8217;Av. Corts Valencianes i l&#8217;Av. Enrique Dar\u00edes,&nbsp;just al costat contrari d&#8217;on est\u00e0 situat actualment ja que, en aquesta zona, on es concentren diversos locals d&#8217;hostaleria amb les seues respectives terrasses, resulta molt inc\u00f2moda alhora que perillosa la seua actual ubicaci\u00f3, havent tingut lloc algun atropellament. El Partit Popular \u00e9s conscient que els carrils bici actuals no compleixen la normativa vigent i van aprofitar per a requerir el compliment de la mateixa amb la major celeritat possible.<\/p>\n\n\n\n<p class=\"wp-block-paragraph\">Per a la Portaveu Popular Mar\u00eda Jos\u00e9 Marco, &#8220;aquestes mesures han sigut presentades atenent peticions ve\u00efnals en mat\u00e8ria de prevenci\u00f3 i millora de la seguretat dels nostres ve\u00efns i lamenta profundament que des de l&#8217;equip de govern les hagen votades en contra argumentant que estaven desfasades, com la substituci\u00f3 del carril bici i considerant des del Psoe que les caigudes en la rotonda \u00e9s culpa dels conductors&#8221;.<\/p>\n\n\n\n<p class=\"wp-block-paragraph\">I conclou Mar\u00eda Jos\u00e9 Marco, &#8220;nosaltres \u00fanicament demanem que s&#8217;atenguen aquestes mesures per a salvaguardar la vida dels ve\u00efns i no hi ha millor manera de fer-ho que prenent mesures realitzant de manera immediata les actuacions sol\u00b7licitades en la nostra moci\u00f3, perqu\u00e8 a nosaltres s\u00ed que ens importa la seguretat dels nostres ve\u00efns&#8221;.<\/p>\n\n\n\n<p class=\"wp-block-paragraph\"><\/p>\n","protected":false},"excerpt":{"rendered":"<div class=\"mh-excerpt\">Mar\u00eda Jos\u00e9 Marco: &#8220;demanem m\u00e9s adher\u00e8ncia en l&#8217;asfalt i m\u00e9s freq\u00fc\u00e8ncia de jardineria&#8221; Els populars demanen &#8220;canvis en el carril bici perqu\u00e8 no creue amb les terrasses de l&#8217;hostaleria&#8221;. &#8220;PSOE i Comprom\u00eds no consideren que <a class=\"mh-excerpt-more\" href=\"https:\/\/tucomarca.whitekongsoftware.com\/ca\/el-pp-de-leliana-sollicita-millores-de-seguretat-viaria-en-lavinguda-de-les-corts\/\" title=\"El PP de l&#8217;Eliana sol\u00b7licita millores de seguretat vi\u00e0ria en l&#8217;Avinguda de Les Corts\">[+] <\/a><\/div>\n","protected":false},"author":12,"featured_media":123931,"comment_status":"open","ping_status":"open","sticky":false,"template":"","format":"standard","meta":{"footnotes":""},"categories":[10892,10948,10894,10893,10947,10896],"tags":[10899,11582],"class_list":["post-214587","post","type-post","status-publish","format-standard","has-post-thumbnail","category-camp-de-turia-ca","category-infraestructuras-ca","category-la-comarca-ca","category-leliana-ca","category-politica","category-seccion-ca","tag-camp-de-turia-ca","tag-pp-de-leliana-ca"],"_links":{"self":[{"href":"https:\/\/tucomarca.whitekongsoftware.com\/ca\/wp-json\/wp\/v2\/posts\/214587","targetHints":{"allow":["GET"]}}],"collection":[{"href":"https:\/\/tucomarca.whitekongsoftware.com\/ca\/wp-json\/wp\/v2\/posts"}],"about":[{"href":"https:\/\/tucomarca.whitekongsoftware.com\/ca\/wp-json\/wp\/v2\/types\/post"}],"author":[{"embeddable":true,"href":"https:\/\/tucomarca.whitekongsoftware.com\/ca\/wp-json\/wp\/v2\/users\/12"}],"replies":[{"embeddable":true,"href":"https:\/\/tucomarca.whitekongsoftware.com\/ca\/wp-json\/wp\/v2\/comments?post=214587"}],"version-history":[{"count":0,"href":"https:\/\/tucomarca.whitekongsoftware.com\/ca\/wp-json\/wp\/v2\/posts\/214587\/revisions"}],"wp:featuredmedia":[{"embeddable":true,"href":"https:\/\/tucomarca.whitekongsoftware.com\/ca\/wp-json\/wp\/v2\/media\/123931"}],"wp:attachment":[{"href":"https:\/\/tucomarca.whitekongsoftware.com\/ca\/wp-json\/wp\/v2\/media?parent=214587"}],"wp:term":[{"taxonomy":"category","embeddable":true,"href":"https:\/\/tucomarca.whitekongsoftware.com\/ca\/wp-json\/wp\/v2\/categories?post=214587"},{"taxonomy":"post_tag","embeddable":true,"href":"https:\/\/tucomarca.whitekongsoftware.com\/ca\/wp-json\/wp\/v2\/tags?post=214587"}],"curies":[{"name":"wp","href":"https:\/\/api.w.org\/{rel}","templated":true}]}}