{"id":214569,"date":"2024-03-14T09:30:00","date_gmt":"2024-03-14T08:30:00","guid":{"rendered":"http:\/\/www.tucomarca.com\/wordpress\/segunda\/?p=214569"},"modified":"2024-03-14T14:32:00","modified_gmt":"2024-03-14T13:32:00","slug":"lhospital-de-manises-treballa-amb-xiquets-amb-autisme-la-por-al-soroll-de-petards-durant-les-falles","status":"publish","type":"post","link":"https:\/\/tucomarca.whitekongsoftware.com\/ca\/lhospital-de-manises-treballa-amb-xiquets-amb-autisme-la-por-al-soroll-de-petards-durant-les-falles\/","title":{"rendered":"L&#8217;Hospital de Manises treballa amb xiquets amb autisme la por al soroll de petards durant les Falles"},"content":{"rendered":"\n<h3 class=\"wp-block-heading\">La Unitat de Neurorrehabilitaci\u00f3n Infantil de l&#8217;Hospital de Manises ha incl\u00f2s en el seu pla de tractament unes activitats espec\u00edfiques perqu\u00e8 els m\u00e9s xicotets puguen gaudir d&#8217;aquests dies festius.<\/h3>\n\n\n\n<h3 class=\"wp-block-heading\">Molts xiquets amb trastorn d&#8217;espectre autista tenen una sensibilitat extrema als sorolls forts.<\/h3>\n\n\n\n<p class=\"wp-block-paragraph\">Els xiquets amb autisme solen tindre una sensibilitat extrema als sorolls forts, per la qual cosa la&nbsp;Unitat de Neurorrehabilitaci\u00f3n Infantil de l&#8217;Hospital de Manises&nbsp;ha incl\u00f2s en el seu pla de tractament unes activitats espec\u00edfiques perqu\u00e8 els m\u00e9s xicotets puguen gaudir d&#8217;aquests dies de Falles.&nbsp;\u201cEls xiquets amb autisme, presenten problemes d&#8217;hipersensibilitat, \u00e9s a dir s\u00f3n m\u00e9s sensibles als sorolls forts i inesperats que els xiquets amb desenvolupament t\u00edpic, aix\u00f2 fa que durant les festes falleres puguen presentar conductes com a crits, rabietas o que, fins i tot, no vulguen ni eixir de casa\u201d, explica&nbsp;Celia Tena, logopeda de&nbsp;la&nbsp;Unitat de Neurorrehabilitaci\u00f3n Infantil del Departament de Salut de Manises.<br><br>Aix\u00ed, durant les \u00faltimes setmanes aquesta Unitat ha organitzat un programa de dessensibilitzaci\u00f3 cap al soroll en el qual els menors s&#8217;han familiaritzat amb la festa. \u201cHem estat treballant per a aconseguir la dessensibilitzaci\u00f3 als sorolls forts, mitjan\u00e7ant jocs i activitats diverses\u201d, assenyala la logopeda.<br><br>Entre les activitats previstes en el programa estan la necessitat d&#8217;anticipar-los el que viuran mitjan\u00e7ant hist\u00f2ries socials, explicant-los als xicotets com es poden divertir amb els petards i qu\u00e8 fer si els molesta el soroll. A m\u00e9s, han seguit atentament les masclet\u00e1s en els \u00faltims dies mitjan\u00e7ant la seua visualitzaci\u00f3 i audici\u00f3. Finalment, el programa s&#8217;ha tancat amb una activitat de grup, en la qual els xicotets pacients han pogut demostrar l&#8217;evoluci\u00f3 enfront de la seua por tirant \u201cbombetas\u201d (petards de molt baixa intensitat i perillositat, assegurances per als m\u00e9s xicotets) promovent, aix\u00ed, que visquen la festa com una situaci\u00f3 natural.<br><br><strong>Unitat de refer\u00e8ncia<br><\/strong><br>El Departament de Salut de Manises va posar en marxa la Unitat de Neurorrehabilitaci\u00f3n Infantil especialitzada en trastorns del desenvolupament integrada en 2012 en un hospital p\u00fablic valenci\u00e0 que ofereix tractaments a xiquets amb Dany Cerebral i Trastorn de l&#8217;Espectre Autista (TEA) a m\u00e9s de realitzar diagn\u00f2stic diferencial de TEA. Des dels seus inicis, la Unitat ha at\u00e9s a m\u00e9s de 1.800 xiquets i adolescents amb Dany Cerebral i Trastorn de l&#8217;Espectre Autista. Aquesta unitat especialitzada at\u00e9n xiquets de fins a 7 anys en els casos amb diagn\u00f2stic de trastorn d&#8217;espectre autista o fins als 15 en els casos de xiquets amb dany cerebral.<br><br>A m\u00e9s de la intervenci\u00f3 a trav\u00e9s de ter\u00e0pies individualitzades o grupals s&#8217;actua tamb\u00e9 sobre la fam\u00edlia i els diversos ambients on el xiquet duu a terme la seua participaci\u00f3: l&#8217;escola, la casa i altres contextos cl\u00ednics. Amb aix\u00f2 s&#8217;assegura que els assoliments i habilitats que el xiquet va adquirint es generalitzen a tots els seus \u00e0mbits d&#8217;actuaci\u00f3.<br><br>A aquest efecte s&#8217;ha desenvolupat a l&#8217;Hospital de Manises aquest programa d&#8217;adaptaci\u00f3 a l&#8217;entorn per als xiquets diagnosticats de TEA inicialment en el servei d&#8217;Urg\u00e8ncies Pedi\u00e0triques. El programa sorgeix amb l&#8217;objectiu de desensibilizar i anticipar al xiquet els passos que poden succeir durant les seues estades en el servei d&#8217;Urg\u00e8ncies, i aix\u00ed afavorir la comprensi\u00f3 de l&#8217;entorn i reduir l&#8217;ansietat tant dels xiquets com dels familiars.<br><br>Per a aix\u00f2, s&#8217;han instal\u00b7lat panells informatius, amb imatges reals de les estades situades en Urg\u00e8ncies que visitaria el xiquet i d&#8217;aquells aparells que es podrien utilitzar durant la visita. Aquestes imatges estan secundades per pictogrames que faciliten la comprensi\u00f3 del proc\u00e9s. Tamb\u00e9 es pot veure una xicoteta explicaci\u00f3 escrita que relata el que succeir\u00e0 en cada estada.<br>Aquest programa d&#8217;adaptaci\u00f3 a l&#8217;entorn hospitalari s&#8217;est\u00e0 implementant en les diferents especialitats m\u00e8diques de l&#8217;Hospital de Manises a les quals solen acudir amb major freq\u00fc\u00e8ncia els xiquets amb TEA: extraccions, dermatologia, al\u00b7l\u00e8rgies, anest\u00e8sia, resson\u00e0ncia magn\u00e8tica, oftalmologia, pneumologia i neurofisiologia (electroencefalograma i potencials evocats).<\/p>\n\n\n\n<p class=\"wp-block-paragraph\"><\/p>\n","protected":false},"excerpt":{"rendered":"<div class=\"mh-excerpt\">La Unitat de Neurorrehabilitaci\u00f3n Infantil de l&#8217;Hospital de Manises ha incl\u00f2s en el seu pla de tractament unes activitats espec\u00edfiques perqu\u00e8 els m\u00e9s xicotets puguen gaudir d&#8217;aquests dies festius. Molts xiquets amb trastorn d&#8217;espectre autista <a class=\"mh-excerpt-more\" href=\"https:\/\/tucomarca.whitekongsoftware.com\/ca\/lhospital-de-manises-treballa-amb-xiquets-amb-autisme-la-por-al-soroll-de-petards-durant-les-falles\/\" title=\"L&#8217;Hospital de Manises treballa amb xiquets amb autisme la por al soroll de petards durant les Falles\">[+] <\/a><\/div>\n","protected":false},"author":12,"featured_media":214567,"comment_status":"open","ping_status":"open","sticky":false,"template":"","format":"standard","meta":{"footnotes":""},"categories":[10973,10911,10892,11010,10898,10977,10980,10894,10912,10902,10931,10978,10906,10896,11047,10974,10975],"tags":[10899,11092,10914],"class_list":["post-214569","post","type-post","status-publish","format-standard","has-post-thumbnail","category-alborache-ca","category-bunol-ca","category-camp-de-turia-ca","category-canal-salud","category-ventana-ca","category-godelleta-ca","category-yatova-ca","category-la-comarca-ca","category-la-hoya-ca","category-la-ribera-ca","category-loriguilla-ca","category-macastre-ca","category-riba-roja-ca","category-seccion-ca","category-turis-ca","category-cheste-ca","category-chiva-ca","tag-camp-de-turia-ca","tag-hospital-de-manises-ca","tag-la-hoya-de-bunol-chiva-ca"],"_links":{"self":[{"href":"https:\/\/tucomarca.whitekongsoftware.com\/ca\/wp-json\/wp\/v2\/posts\/214569","targetHints":{"allow":["GET"]}}],"collection":[{"href":"https:\/\/tucomarca.whitekongsoftware.com\/ca\/wp-json\/wp\/v2\/posts"}],"about":[{"href":"https:\/\/tucomarca.whitekongsoftware.com\/ca\/wp-json\/wp\/v2\/types\/post"}],"author":[{"embeddable":true,"href":"https:\/\/tucomarca.whitekongsoftware.com\/ca\/wp-json\/wp\/v2\/users\/12"}],"replies":[{"embeddable":true,"href":"https:\/\/tucomarca.whitekongsoftware.com\/ca\/wp-json\/wp\/v2\/comments?post=214569"}],"version-history":[{"count":0,"href":"https:\/\/tucomarca.whitekongsoftware.com\/ca\/wp-json\/wp\/v2\/posts\/214569\/revisions"}],"wp:featuredmedia":[{"embeddable":true,"href":"https:\/\/tucomarca.whitekongsoftware.com\/ca\/wp-json\/wp\/v2\/media\/214567"}],"wp:attachment":[{"href":"https:\/\/tucomarca.whitekongsoftware.com\/ca\/wp-json\/wp\/v2\/media?parent=214569"}],"wp:term":[{"taxonomy":"category","embeddable":true,"href":"https:\/\/tucomarca.whitekongsoftware.com\/ca\/wp-json\/wp\/v2\/categories?post=214569"},{"taxonomy":"post_tag","embeddable":true,"href":"https:\/\/tucomarca.whitekongsoftware.com\/ca\/wp-json\/wp\/v2\/tags?post=214569"}],"curies":[{"name":"wp","href":"https:\/\/api.w.org\/{rel}","templated":true}]}}