{"id":214516,"date":"2024-03-13T13:00:00","date_gmt":"2024-03-13T12:00:00","guid":{"rendered":"http:\/\/www.tucomarca.com\/wordpress\/segunda\/?p=214516"},"modified":"2024-03-13T19:51:01","modified_gmt":"2024-03-13T18:51:01","slug":"la-diputacio-de-valencia-obri-les-seues-portes-a-les-juntes-locals-falleres-de-la-ribera-alta-i-la-ribera-baixa","status":"publish","type":"post","link":"https:\/\/tucomarca.whitekongsoftware.com\/ca\/la-diputacio-de-valencia-obri-les-seues-portes-a-les-juntes-locals-falleres-de-la-ribera-alta-i-la-ribera-baixa\/","title":{"rendered":"La Diputaci\u00f3 de Val\u00e8ncia obri les seues portes a les juntes locals falleres de la Ribera Alta i la Ribera Baixa"},"content":{"rendered":"\n<h3 class=\"wp-block-heading\">El president de la corporaci\u00f3 provincial, Vicent Momp\u00f3, al costat de les falleres majors de Val\u00e8ncia M\u00aa Estela Arlandis i Marina Garc\u00eda, reben a 13 juntes locals d&#8217;altres tants municipis de les dos comarques.<\/h3>\n\n\n\n<p class=\"wp-block-paragraph\">La Diputaci\u00f3 de Val\u00e8ncia ha obert este dimecres les seues portes a les juntes locals falleres de tota la prov\u00edncia. Enmig d&#8217;un ambient festiu, el president de la corporaci\u00f3 provincial, Vicent Momp\u00f3, i les falleres majors de Val\u00e8ncia M\u00aa Estela Arlandis i Marina Garc\u00eda, acompanyats per les vicepresidentes primera i segona de la instituci\u00f3, Nat\u00e0lia Enguix i Reme Mazzolari, han rebut a 53 juntes locals que representen a les comissions falleres d&#8217;altres tants municipis de diferents comarques de la prov\u00edncia. Entre elles, han estat presents 11 juntes de la Ribera Alta i 2 de la Ribera Baixa.<\/p>\n\n\n\n<p class=\"wp-block-paragraph\">Un any m\u00e9s, la Diputaci\u00f3 torna a estar a costat de les Falles dels pobles valencians amb la tradicional recepci\u00f3 a les comitives de la prov\u00edncia, les quals han estat acompanyades pels diputats de la corporaci\u00f3 corresponents. A ritme de xaranga, els responsables de les juntes locals, alcaldes i regidors dels municipis de Val\u00e8ncia amb tradici\u00f3 fallera han pogut rec\u00f3rrer les instal\u00b7lacions del Palau dels Scala i han visitat l&#8217;exposici\u00f3 \u2018Ninots\u2019, instal\u00b7lada en el Sal\u00f3 de Reines de la Diputaci\u00f3 i amb entrada gratu\u00efta fins al 19 de mar\u00e7.<\/p>\n\n\n\n<p class=\"wp-block-paragraph\">Procedents de la Ribera Alta han acudit a la seu central de la instituci\u00f3 provincial les juntes locals falleres de Carlet, Benimodo, Alginet, Algemes\u00ed, Alberic, Tur\u00eds, Carcaixent, Benifai\u00f3, Alzira, Pobla Llarga y Castell\u00f3. Mentre que de la Ribera Baixa han participat les de Cullera y Sueca.<\/p>\n\n\n\n<p class=\"wp-block-paragraph\">La Diputaci\u00f3 de Val\u00e8ncia ha completat d&#8217;esta manera la primera de les jornades de la seua tradicional Recepci\u00f3 fallera. Per al dijous queda la segona jornada de la Recepci\u00f3 organitzada per la Diputaci\u00f3, a la qual estan convidades totes les comissions de la prov\u00edncia, incloses les del Cap i Casal. La pla\u00e7a Manises torna a convertir-se estos dies en epicentre del m\u00f3n faller, en esta ocasi\u00f3 amb el lema triat pel govern provincial en les seues primeres festes al capdavant de la instituci\u00f3: \u2018Unes Falles de traca\u2019.&nbsp;<\/p>\n\n\n\n<figure class=\"wp-block-gallery has-nested-images columns-1 is-cropped wp-block-gallery-1 is-layout-flex wp-block-gallery-is-layout-flex\">\n<figure class=\"wp-block-image size-large\"><img loading=\"lazy\" decoding=\"async\" width=\"886\" height=\"590\" data-id=\"214508\" src=\"http:\/\/www.tucomarca.com\/wordpress\/segunda\/wp-content\/uploads\/2024\/03\/DipuFallas_Benimodo.jpg\" alt=\"\" class=\"wp-image-214508\" srcset=\"https:\/\/tucomarca.whitekongsoftware.com\/wp-content\/uploads\/2024\/03\/DipuFallas_Benimodo.jpg 886w, https:\/\/tucomarca.whitekongsoftware.com\/wp-content\/uploads\/2024\/03\/DipuFallas_Benimodo-300x200.jpg 300w, https:\/\/tucomarca.whitekongsoftware.com\/wp-content\/uploads\/2024\/03\/DipuFallas_Benimodo-768x511.jpg 768w\" sizes=\"auto, (max-width: 886px) 100vw, 886px\" \/><\/figure>\n\n\n\n<figure class=\"wp-block-image size-large\"><img loading=\"lazy\" decoding=\"async\" width=\"886\" height=\"590\" data-id=\"214506\" src=\"http:\/\/www.tucomarca.com\/wordpress\/segunda\/wp-content\/uploads\/2024\/03\/DipuFallas_Carlet.jpg\" alt=\"\" class=\"wp-image-214506\" srcset=\"https:\/\/tucomarca.whitekongsoftware.com\/wp-content\/uploads\/2024\/03\/DipuFallas_Carlet.jpg 886w, https:\/\/tucomarca.whitekongsoftware.com\/wp-content\/uploads\/2024\/03\/DipuFallas_Carlet-300x200.jpg 300w, https:\/\/tucomarca.whitekongsoftware.com\/wp-content\/uploads\/2024\/03\/DipuFallas_Carlet-768x511.jpg 768w\" sizes=\"auto, (max-width: 886px) 100vw, 886px\" \/><\/figure>\n\n\n\n<figure class=\"wp-block-image size-large\"><img loading=\"lazy\" decoding=\"async\" width=\"886\" height=\"590\" data-id=\"214510\" src=\"http:\/\/www.tucomarca.com\/wordpress\/segunda\/wp-content\/uploads\/2024\/03\/DipuFallas_Benifaio.jpg\" alt=\"\" class=\"wp-image-214510\" srcset=\"https:\/\/tucomarca.whitekongsoftware.com\/wp-content\/uploads\/2024\/03\/DipuFallas_Benifaio.jpg 886w, https:\/\/tucomarca.whitekongsoftware.com\/wp-content\/uploads\/2024\/03\/DipuFallas_Benifaio-300x200.jpg 300w, https:\/\/tucomarca.whitekongsoftware.com\/wp-content\/uploads\/2024\/03\/DipuFallas_Benifaio-768x511.jpg 768w\" sizes=\"auto, (max-width: 886px) 100vw, 886px\" \/><\/figure>\n<\/figure>\n","protected":false},"excerpt":{"rendered":"<div class=\"mh-excerpt\">El president de la corporaci\u00f3 provincial, Vicent Momp\u00f3, al costat de les falleres majors de Val\u00e8ncia M\u00aa Estela Arlandis i Marina Garc\u00eda, reben a 13 juntes locals d&#8217;altres tants municipis de les dos comarques. La <a class=\"mh-excerpt-more\" href=\"https:\/\/tucomarca.whitekongsoftware.com\/ca\/la-diputacio-de-valencia-obri-les-seues-portes-a-les-juntes-locals-falleres-de-la-ribera-alta-i-la-ribera-baixa\/\" title=\"La Diputaci\u00f3 de Val\u00e8ncia obri les seues portes a les juntes locals falleres de la Ribera Alta i la Ribera Baixa\">[+] <\/a><\/div>\n","protected":false},"author":12,"featured_media":214505,"comment_status":"open","ping_status":"open","sticky":false,"template":"","format":"gallery","meta":{"footnotes":""},"categories":[10889,10987,10988,10990,10898,10894,10942,10902,11004,11007,11008,10896,11047,11052],"tags":[11246,19154,11356],"class_list":["post-214516","post","type-post","status-publish","format-gallery","has-post-thumbnail","category-alzira-cat","category-benifaio-ca","category-benimodo-ca","category-carlet-ca","category-ventana-ca","category-la-comarca-ca","category-la-pobla-llarga-ca","category-la-ribera-ca","category-la-semana-en-imagenes-ca","category-ocio-y-cultura-ca","category-pueblos-en-fiestas-ca","category-seccion-ca","category-turis-ca","category-villanueva-de-castellon-ca","tag-diputacio-de-valencia-ca","tag-fallas-2024-ca","tag-ribera-alta-ca","post_format-post-format-gallery"],"_links":{"self":[{"href":"https:\/\/tucomarca.whitekongsoftware.com\/ca\/wp-json\/wp\/v2\/posts\/214516","targetHints":{"allow":["GET"]}}],"collection":[{"href":"https:\/\/tucomarca.whitekongsoftware.com\/ca\/wp-json\/wp\/v2\/posts"}],"about":[{"href":"https:\/\/tucomarca.whitekongsoftware.com\/ca\/wp-json\/wp\/v2\/types\/post"}],"author":[{"embeddable":true,"href":"https:\/\/tucomarca.whitekongsoftware.com\/ca\/wp-json\/wp\/v2\/users\/12"}],"replies":[{"embeddable":true,"href":"https:\/\/tucomarca.whitekongsoftware.com\/ca\/wp-json\/wp\/v2\/comments?post=214516"}],"version-history":[{"count":0,"href":"https:\/\/tucomarca.whitekongsoftware.com\/ca\/wp-json\/wp\/v2\/posts\/214516\/revisions"}],"wp:featuredmedia":[{"embeddable":true,"href":"https:\/\/tucomarca.whitekongsoftware.com\/ca\/wp-json\/wp\/v2\/media\/214505"}],"wp:attachment":[{"href":"https:\/\/tucomarca.whitekongsoftware.com\/ca\/wp-json\/wp\/v2\/media?parent=214516"}],"wp:term":[{"taxonomy":"category","embeddable":true,"href":"https:\/\/tucomarca.whitekongsoftware.com\/ca\/wp-json\/wp\/v2\/categories?post=214516"},{"taxonomy":"post_tag","embeddable":true,"href":"https:\/\/tucomarca.whitekongsoftware.com\/ca\/wp-json\/wp\/v2\/tags?post=214516"}],"curies":[{"name":"wp","href":"https:\/\/api.w.org\/{rel}","templated":true}]}}