{"id":214497,"date":"2024-03-13T12:30:00","date_gmt":"2024-03-13T11:30:00","guid":{"rendered":"http:\/\/www.tucomarca.com\/wordpress\/segunda\/?p=214497"},"modified":"2024-03-13T19:25:19","modified_gmt":"2024-03-13T18:25:19","slug":"la-diputacio-de-valencia-obri-les-seues-portes-a-les-juntes-locals-falleres-del-camp-de-turia-y-los-serranos","status":"publish","type":"post","link":"https:\/\/tucomarca.whitekongsoftware.com\/ca\/la-diputacio-de-valencia-obri-les-seues-portes-a-les-juntes-locals-falleres-del-camp-de-turia-y-los-serranos\/","title":{"rendered":"La Diputaci\u00f3 de Val\u00e8ncia obri les seues portes a les juntes locals falleres del Camp de T\u00faria y Los Serranos"},"content":{"rendered":"\n<h3 class=\"wp-block-heading\">El president de la corporaci\u00f3 provincial, Vicent Momp\u00f3, al costat de les falleres majors de Val\u00e8ncia M\u00aa Estela Arlandis i Marina Garc\u00eda, reben a huit juntes locals del Camp de T\u00faria i a la junta local de Pedralba.<\/h3>\n\n\n\n<figure class=\"wp-block-image size-full\"><img loading=\"lazy\" decoding=\"async\" width=\"886\" height=\"576\" src=\"http:\/\/www.tucomarca.com\/wordpress\/segunda\/wp-content\/uploads\/2024\/03\/DipuFallas_Pedralba.jpg\" alt=\"\" class=\"wp-image-214494\" srcset=\"https:\/\/tucomarca.whitekongsoftware.com\/wp-content\/uploads\/2024\/03\/DipuFallas_Pedralba.jpg 886w, https:\/\/tucomarca.whitekongsoftware.com\/wp-content\/uploads\/2024\/03\/DipuFallas_Pedralba-300x195.jpg 300w, https:\/\/tucomarca.whitekongsoftware.com\/wp-content\/uploads\/2024\/03\/DipuFallas_Pedralba-768x499.jpg 768w\" sizes=\"auto, (max-width: 886px) 100vw, 886px\" \/><\/figure>\n\n\n\n<p class=\"wp-block-paragraph\">La Diputaci\u00f3 de Val\u00e8ncia ha obert este dimecres les seues portes a les juntes locals falleres de tota la prov\u00edncia. Enmig d&#8217;un ambient festiu, el president de la corporaci\u00f3 provincial, Vicent Momp\u00f3, i les falleres majors de Val\u00e8ncia M\u00aa Estela Arlandis i Marina Garc\u00eda, acompanyats per les vicepresidentes primera i segona de la instituci\u00f3, Nat\u00e0lia Enguix i Reme Mazzolari, han rebut a 53 juntes locals que representen a les comissions falleres d&#8217;altres tants municipis de diferents comarques de la prov\u00edncia. Entre elles, han sigut presents huit juntes del Camp de T\u00faria i una de Los Serranos.<\/p>\n\n\n\n<p class=\"wp-block-paragraph\">Un any m\u00e9s, la Diputaci\u00f3 torna a estar a costat de les Falles dels pobles valencians amb la tradicional recepci\u00f3 a les comitives de la prov\u00edncia, les quals han estat acompanyades pels diputats de la corporaci\u00f3 corresponents. A ritme de xaranga, els responsables de les juntes locals, alcaldes i regidors dels municipis de Val\u00e8ncia amb tradici\u00f3 fallera han pogut rec\u00f3rrer les instal\u00b7lacions del Palau dels Scala i han visitat l&#8217;exposici\u00f3 \u2018Ninots\u2019, instal\u00b7lada en el Sal\u00f3 de Reines de la Diputaci\u00f3 i amb entrada gratu\u00efta fins al 19 de mar\u00e7.<\/p>\n\n\n\n<p class=\"wp-block-paragraph\">Procedents del Camp de T\u00faria han acudit a la seu central de la instituci\u00f3 provincial les juntes locals falleres de Ll\u00edria, San Antonio de Benag\u00e9ber, Benaguasil, La Pobla de Vallbona, N\u00e1quera, B\u00e9tera, L\u2019Eliana y Riba-roja de T\u00faria. Mentre que de Los Serranos ha participat la de Pedralba.<\/p>\n\n\n\n<p class=\"wp-block-paragraph\">La Diputaci\u00f3 de Val\u00e8ncia ha completat d&#8217;esta manera la primera de les jornades de la seua tradicional Recepci\u00f3 fallera. Per al dijous queda la segona jornada de la Recepci\u00f3 organitzada per la Diputaci\u00f3, a la qual estan convidades totes les comissions de la prov\u00edncia, incloses les del Cap i Casal. La pla\u00e7a Manises torna a convertir-se estos dies en epicentre del m\u00f3n faller, en esta ocasi\u00f3 amb el lema triat pel govern provincial en les seues primeres festes al capdavant de la instituci\u00f3: \u2018Unes Falles de traca\u2019.<\/p>\n","protected":false},"excerpt":{"rendered":"<div class=\"mh-excerpt\">El president de la corporaci\u00f3 provincial, Vicent Momp\u00f3, al costat de les falleres majors de Val\u00e8ncia M\u00aa Estela Arlandis i Marina Garc\u00eda, reben a huit juntes locals del Camp de T\u00faria i a la junta <a class=\"mh-excerpt-more\" href=\"https:\/\/tucomarca.whitekongsoftware.com\/ca\/la-diputacio-de-valencia-obri-les-seues-portes-a-les-juntes-locals-falleres-del-camp-de-turia-y-los-serranos\/\" title=\"La Diputaci\u00f3 de Val\u00e8ncia obri les seues portes a les juntes locals falleres del Camp de T\u00faria y Los Serranos\">[+] <\/a><\/div>\n","protected":false},"author":12,"featured_media":214493,"comment_status":"open","ping_status":"open","sticky":false,"template":"","format":"gallery","meta":{"footnotes":""},"categories":[10952,10937,10892,11046,10898,10894,10915,11004,10928,10893,10936,11007,11025,11008,10906,10934,10896],"tags":[10899,11246,11080],"class_list":["post-214497","post","type-post","status-publish","format-gallery","has-post-thumbnail","category-benaguasil-ca","category-betera-ca","category-camp-de-turia-ca","category-los-serranos-ca","category-ventana-ca","category-la-comarca-ca","category-la-pobla-ca","category-la-semana-en-imagenes-ca","category-lliria-ca","category-leliana-ca","category-naquera-ca","category-ocio-y-cultura-ca","category-pedralba-ca","category-pueblos-en-fiestas-ca","category-riba-roja-ca","category-san-antonio-de-benageber-ca","category-seccion-ca","tag-camp-de-turia-ca","tag-diputacio-de-valencia-ca","tag-los-serranos-ca","post_format-post-format-gallery"],"_links":{"self":[{"href":"https:\/\/tucomarca.whitekongsoftware.com\/ca\/wp-json\/wp\/v2\/posts\/214497","targetHints":{"allow":["GET"]}}],"collection":[{"href":"https:\/\/tucomarca.whitekongsoftware.com\/ca\/wp-json\/wp\/v2\/posts"}],"about":[{"href":"https:\/\/tucomarca.whitekongsoftware.com\/ca\/wp-json\/wp\/v2\/types\/post"}],"author":[{"embeddable":true,"href":"https:\/\/tucomarca.whitekongsoftware.com\/ca\/wp-json\/wp\/v2\/users\/12"}],"replies":[{"embeddable":true,"href":"https:\/\/tucomarca.whitekongsoftware.com\/ca\/wp-json\/wp\/v2\/comments?post=214497"}],"version-history":[{"count":0,"href":"https:\/\/tucomarca.whitekongsoftware.com\/ca\/wp-json\/wp\/v2\/posts\/214497\/revisions"}],"wp:featuredmedia":[{"embeddable":true,"href":"https:\/\/tucomarca.whitekongsoftware.com\/ca\/wp-json\/wp\/v2\/media\/214493"}],"wp:attachment":[{"href":"https:\/\/tucomarca.whitekongsoftware.com\/ca\/wp-json\/wp\/v2\/media?parent=214497"}],"wp:term":[{"taxonomy":"category","embeddable":true,"href":"https:\/\/tucomarca.whitekongsoftware.com\/ca\/wp-json\/wp\/v2\/categories?post=214497"},{"taxonomy":"post_tag","embeddable":true,"href":"https:\/\/tucomarca.whitekongsoftware.com\/ca\/wp-json\/wp\/v2\/tags?post=214497"}],"curies":[{"name":"wp","href":"https:\/\/api.w.org\/{rel}","templated":true}]}}