{"id":214254,"date":"2024-03-11T20:00:00","date_gmt":"2024-03-11T19:00:00","guid":{"rendered":"http:\/\/www.tucomarca.com\/wordpress\/segunda\/?p=214254"},"modified":"2024-03-12T09:14:16","modified_gmt":"2024-03-12T08:14:16","slug":"collectiva-27-presenta-del-8-de-marc-al-28-dabril-lexposicio-resiliencia-en-el-centre-social-de-el-oro","status":"publish","type":"post","link":"https:\/\/tucomarca.whitekongsoftware.com\/ca\/collectiva-27-presenta-del-8-de-marc-al-28-dabril-lexposicio-resiliencia-en-el-centre-social-de-el-oro\/","title":{"rendered":"Col\u00b7lectiva 27 presenta del 8 de mar\u00e7 al 28 d&#8217;abril l&#8217;exposici\u00f3 &#8220;Resili\u00e8ncia&#8221; en el Centre Social de El Oro"},"content":{"rendered":"\n<h3 class=\"wp-block-heading\">Col\u00b7lectiva 27 \u00e9s una associaci\u00f3 art\u00edstica i cultural amb seu en Venda de Gaeta, Cortes de Pall\u00e1s, formada per Hope Campos, Inma Peir\u00f3, Kita Pardo, Ana Tom\u00e1s, Rosa Mar\u00edn, Rebeka Catal\u00e1 i Isabel Folgado.&nbsp;<\/h3>\n\n\n\n<h3 class=\"wp-block-heading\">L&#8217;exposici\u00f3 col\u00b7lectiva &#8220;Resili\u00e8ncia&#8221; es pot visitar en el Centre Social de El Oro del 8 de mar\u00e7 al 28 d&#8217;abril.<\/h3>\n\n\n\n<p class=\"wp-block-paragraph\">En aquest mes de mar\u00e7, on es valora especialment el paper de la dona i la seua cont\u00ednua lluita en tots els aspectes de la societat i la cultura, aquest grup de dones artistes inauguren una exposici\u00f3 en el Centre Social de l&#8217;Or, llogaret tamb\u00e9 de Cortes de Pall\u00e1s, on saben molt de resili\u00e8ncia perqu\u00e8 viure en un entorn rural \u00e9s enfrontar-se cada dia a tota classe d&#8217;adversitats.&nbsp;<\/p>\n\n\n\n<p class=\"wp-block-paragraph\">&#8220;Generalment, s\u00f3n les dones les m\u00e9s afectades per falta de recursos i serveis, tamb\u00e9 les m\u00e9s creatives a l&#8217;hora de trobar solucions i crear comunitat. \u00c9s per aix\u00f2 que eixa resili\u00e8ncia de la dona rural \u00e9s una font d&#8217;inspiraci\u00f3 per a totes nosaltres&#8221;.<\/p>\n\n\n\n<p class=\"wp-block-paragraph\">&#8220;Enguany, Resili\u00e8ncia \u00e9s el lema, concepte creatiu, que es treballa en una cont\u00ednua xarxa d&#8217;exposicions, des dels diferents punts de vista de les artistes. Dona i medi ambient s&#8217;entrellacen en aquesta exposici\u00f3. Cadascuna d&#8217;elles, a trav\u00e9s de la mat\u00e8ria, cerca capturar l&#8217;ess\u00e8ncia mateixa d&#8217;aquesta resili\u00e8ncia amb un llenguatge simb\u00f2lic ple de claus que d&#8217;una forma o una altra els defineixen com a artistes&#8221;, expliquen des de Col\u00b7lectiva 27, associaci\u00f3 art\u00edstica i cultural amb seu en Venda de Gaeta, Cortes de Pall\u00e1s, formada per Hope Campos, Inma Peir\u00f3, Kita Pardo, Ana Tom\u00e1s, Rosa Mar\u00edn, Rebeka Catal\u00e1 i Isabel Folgado.&nbsp;<\/p>\n\n\n\n<p class=\"wp-block-paragraph\">&#8220;Solen comptar amb dues convidades, en totes les seues exposicions, en aquesta ocasi\u00f3 Maite Tranc\u00f3n i Esther Lim\u00f3n els acompanyen, dues dones amb grans inquietuds art\u00edstiques, que coneixen b\u00e9 la zona ja que ambdues han viscut a Cortes de Pall\u00e1s. Volem agrair a Sonia i Inma, de l&#8217;Ajuntament de Cortes de Pall\u00e1s, tot el suport que ens han brindat per a muntar aquesta exposici\u00f3, \u00e9s molt grat veure com cuiden cada detall perqu\u00e8 tot isca b\u00e9&#8221;.<\/p>\n\n\n\n<p class=\"wp-block-paragraph\">&#8220;El suport a la cultura \u00e9s fonamental a tot arreu, per\u00f2 en les zones rurals \u00e9s molt m\u00e9s perqu\u00e8 arriba a comptagotes, ac\u00ed \u00e9s or, \u00e9s aliment per a l&#8217;\u00e0nima&#8221;, finalitzen les artistes expositores.<\/p>\n\n\n\n<p class=\"wp-block-paragraph\">L&#8217;exposici\u00f3 podr\u00e0 visitar-se fins al 28 d&#8217;abril, de dilluns a divendres en horari de 9.00 a 11.00 i de 18.00 a 20.00 hores, els caps de setmana de 18.00 a 20.00 hores.<\/p>\n\n\n\n<figure class=\"wp-block-image size-large\"><img loading=\"lazy\" decoding=\"async\" width=\"730\" height=\"1024\" src=\"http:\/\/www.tucomarca.com\/wordpress\/segunda\/wp-content\/uploads\/2024\/03\/ResilienciaElOro-730x1024.jpg\" alt=\"\" class=\"wp-image-214251\" srcset=\"https:\/\/tucomarca.whitekongsoftware.com\/wp-content\/uploads\/2024\/03\/ResilienciaElOro-730x1024.jpg 730w, https:\/\/tucomarca.whitekongsoftware.com\/wp-content\/uploads\/2024\/03\/ResilienciaElOro-214x300.jpg 214w, https:\/\/tucomarca.whitekongsoftware.com\/wp-content\/uploads\/2024\/03\/ResilienciaElOro-768x1078.jpg 768w, https:\/\/tucomarca.whitekongsoftware.com\/wp-content\/uploads\/2024\/03\/ResilienciaElOro.jpg 851w\" sizes=\"auto, (max-width: 730px) 100vw, 730px\" \/><\/figure>\n","protected":false},"excerpt":{"rendered":"<div class=\"mh-excerpt\">Col\u00b7lectiva 27 \u00e9s una associaci\u00f3 art\u00edstica i cultural amb seu en Venda de Gaeta, Cortes de Pall\u00e1s, formada per Hope Campos, Inma Peir\u00f3, Kita Pardo, Ana Tom\u00e1s, Rosa Mar\u00edn, Rebeka Catal\u00e1 i Isabel Folgado.&nbsp; L&#8217;exposici\u00f3 <a class=\"mh-excerpt-more\" href=\"https:\/\/tucomarca.whitekongsoftware.com\/ca\/collectiva-27-presenta-del-8-de-marc-al-28-dabril-lexposicio-resiliencia-en-el-centre-social-de-el-oro\/\" title=\"Col\u00b7lectiva 27 presenta del 8 de mar\u00e7 al 28 d&#8217;abril l&#8217;exposici\u00f3 &#8220;Resili\u00e8ncia&#8221; en el Centre Social de El Oro\">[+] <\/a><\/div>\n","protected":false},"author":12,"featured_media":214252,"comment_status":"open","ping_status":"open","sticky":false,"template":"","format":"standard","meta":{"footnotes":""},"categories":[11019,10951,10953,10894,11007,10896],"tags":[11216,20394,11230],"class_list":["post-214254","post","type-post","status-publish","format-standard","has-post-thumbnail","category-agenda-ca","category-ayora-cofrentes-ca","category-cortes-de-pallas-ca","category-la-comarca-ca","category-ocio-y-cultura-ca","category-seccion-ca","tag-ayora-cofrentes-ca","tag-colectiva-27-ca","tag-cortes-de-pallas-ca"],"_links":{"self":[{"href":"https:\/\/tucomarca.whitekongsoftware.com\/ca\/wp-json\/wp\/v2\/posts\/214254","targetHints":{"allow":["GET"]}}],"collection":[{"href":"https:\/\/tucomarca.whitekongsoftware.com\/ca\/wp-json\/wp\/v2\/posts"}],"about":[{"href":"https:\/\/tucomarca.whitekongsoftware.com\/ca\/wp-json\/wp\/v2\/types\/post"}],"author":[{"embeddable":true,"href":"https:\/\/tucomarca.whitekongsoftware.com\/ca\/wp-json\/wp\/v2\/users\/12"}],"replies":[{"embeddable":true,"href":"https:\/\/tucomarca.whitekongsoftware.com\/ca\/wp-json\/wp\/v2\/comments?post=214254"}],"version-history":[{"count":0,"href":"https:\/\/tucomarca.whitekongsoftware.com\/ca\/wp-json\/wp\/v2\/posts\/214254\/revisions"}],"wp:featuredmedia":[{"embeddable":true,"href":"https:\/\/tucomarca.whitekongsoftware.com\/ca\/wp-json\/wp\/v2\/media\/214252"}],"wp:attachment":[{"href":"https:\/\/tucomarca.whitekongsoftware.com\/ca\/wp-json\/wp\/v2\/media?parent=214254"}],"wp:term":[{"taxonomy":"category","embeddable":true,"href":"https:\/\/tucomarca.whitekongsoftware.com\/ca\/wp-json\/wp\/v2\/categories?post=214254"},{"taxonomy":"post_tag","embeddable":true,"href":"https:\/\/tucomarca.whitekongsoftware.com\/ca\/wp-json\/wp\/v2\/tags?post=214254"}],"curies":[{"name":"wp","href":"https:\/\/api.w.org\/{rel}","templated":true}]}}