{"id":214235,"date":"2024-03-11T09:50:00","date_gmt":"2024-03-11T08:50:00","guid":{"rendered":"http:\/\/www.tucomarca.com\/wordpress\/segunda\/?p=214235"},"modified":"2024-03-11T18:19:54","modified_gmt":"2024-03-11T17:19:54","slug":"benaguasil-ret-homenatge-a-luisa-balaguer-en-el-dia-de-la-dona","status":"publish","type":"post","link":"https:\/\/tucomarca.whitekongsoftware.com\/ca\/benaguasil-ret-homenatge-a-luisa-balaguer-en-el-dia-de-la-dona\/","title":{"rendered":"Benaguasil ret homenatge a Luisa Balaguer en el Dia de la Dona"},"content":{"rendered":"\n<h3 class=\"wp-block-heading\">En l&#8217;acte es va recon\u00e9ixer la seua labor emprenedora i el seu treball al capdavant del comer\u00e7 que dirigeix.<\/h3>\n\n\n\n<p class=\"wp-block-paragraph\">L&#8217;Ajuntament de Benaguasil ha commemorat el Dia Internacional de la Dona rendint un emotiu homenatge a la ve\u00efna Luisa Balaguer Dom\u00e9nech en reconeixement a la seua dedicaci\u00f3 en el supermercat que regenta despr\u00e9s de passar d&#8217;empleada a franquiciada.<\/p>\n\n\n\n<p class=\"wp-block-paragraph\">L&#8217;acte institucional va estar presidit per l&#8217;alcalde de Benaguasil, Ximo Segarra i la regidora d&#8217;Igualtat, Alicia Molina, i va donar inici amb un v\u00eddeo en reconeixement a Luisa, una dona treballadora i emprenedora que \u00e9s un referent per a Benaguasil pel seu treball des de la senzillesa i la humilitat del dia a dia, i en el qual a m\u00e9s de la seua fam\u00edlia van participar empleats i companys de treball per a mostrar-li el seu afecte i afecte.<\/p>\n\n\n\n<p class=\"wp-block-paragraph\">Despr\u00e9s de la projecci\u00f3 Luisa va rebre l&#8217;escut del municipi, una placa d&#8217;agra\u00efment i un ram de flors i, acompanyada en tot moment pel seu marit Vicente i els seus fills Natalia i Sergio, va fer gala de la humilitat que la caracteritza i va tindre paraules d&#8217;agra\u00efment ja que no esperava que recaiguera en ella el reconeixement del Consistori.<\/p>\n\n\n\n<p class=\"wp-block-paragraph\">L&#8217;acte va finalitzar amb les paraules de l&#8217;alcalde que va subratllar que &#8220;\u00e9s important recon\u00e9ixer el treball de les dones en l&#8217;\u00e0mbit laboral i posar en valor la labor i l&#8217;esfor\u00e7 i el sacrifici que demostren les dones, en aquest cas Luisa que va decidir apostar per un negoci local, enriquint la vida empresarial i social de Benaguasil\u201d.<\/p>\n\n\n\n<figure class=\"wp-block-gallery has-nested-images columns-2 is-cropped wp-block-gallery-1 is-layout-flex wp-block-gallery-is-layout-flex\">\n<figure class=\"wp-block-image size-large\"><img loading=\"lazy\" decoding=\"async\" width=\"886\" height=\"664\" data-id=\"214232\" src=\"http:\/\/www.tucomarca.com\/wordpress\/segunda\/wp-content\/uploads\/2024\/03\/Benaguasilhomenaje.jpg\" alt=\"\" class=\"wp-image-214232\" srcset=\"https:\/\/tucomarca.whitekongsoftware.com\/wp-content\/uploads\/2024\/03\/Benaguasilhomenaje.jpg 886w, https:\/\/tucomarca.whitekongsoftware.com\/wp-content\/uploads\/2024\/03\/Benaguasilhomenaje-300x225.jpg 300w, https:\/\/tucomarca.whitekongsoftware.com\/wp-content\/uploads\/2024\/03\/Benaguasilhomenaje-768x576.jpg 768w, https:\/\/tucomarca.whitekongsoftware.com\/wp-content\/uploads\/2024\/03\/Benaguasilhomenaje-678x509.jpg 678w, https:\/\/tucomarca.whitekongsoftware.com\/wp-content\/uploads\/2024\/03\/Benaguasilhomenaje-326x245.jpg 326w, https:\/\/tucomarca.whitekongsoftware.com\/wp-content\/uploads\/2024\/03\/Benaguasilhomenaje-80x60.jpg 80w\" sizes=\"auto, (max-width: 886px) 100vw, 886px\" \/><\/figure>\n\n\n\n<figure class=\"wp-block-image size-large\"><img loading=\"lazy\" decoding=\"async\" width=\"886\" height=\"591\" data-id=\"214230\" src=\"http:\/\/www.tucomarca.com\/wordpress\/segunda\/wp-content\/uploads\/2024\/03\/Benaguasilfamilia.jpg\" alt=\"\" class=\"wp-image-214230\" srcset=\"https:\/\/tucomarca.whitekongsoftware.com\/wp-content\/uploads\/2024\/03\/Benaguasilfamilia.jpg 886w, https:\/\/tucomarca.whitekongsoftware.com\/wp-content\/uploads\/2024\/03\/Benaguasilfamilia-300x200.jpg 300w, https:\/\/tucomarca.whitekongsoftware.com\/wp-content\/uploads\/2024\/03\/Benaguasilfamilia-768x512.jpg 768w\" sizes=\"auto, (max-width: 886px) 100vw, 886px\" \/><\/figure>\n\n\n\n<figure class=\"wp-block-image size-large\"><img loading=\"lazy\" decoding=\"async\" width=\"886\" height=\"612\" data-id=\"214228\" src=\"http:\/\/www.tucomarca.com\/wordpress\/segunda\/wp-content\/uploads\/2024\/03\/Benaguasilcorporacion.jpg\" alt=\"\" class=\"wp-image-214228\" srcset=\"https:\/\/tucomarca.whitekongsoftware.com\/wp-content\/uploads\/2024\/03\/Benaguasilcorporacion.jpg 886w, https:\/\/tucomarca.whitekongsoftware.com\/wp-content\/uploads\/2024\/03\/Benaguasilcorporacion-300x207.jpg 300w, https:\/\/tucomarca.whitekongsoftware.com\/wp-content\/uploads\/2024\/03\/Benaguasilcorporacion-768x530.jpg 768w\" sizes=\"auto, (max-width: 886px) 100vw, 886px\" \/><\/figure>\n<\/figure>\n","protected":false},"excerpt":{"rendered":"<div class=\"mh-excerpt\">En l&#8217;acte es va recon\u00e9ixer la seua labor emprenedora i el seu treball al capdavant del comer\u00e7 que dirigeix. L&#8217;Ajuntament de Benaguasil ha commemorat el Dia Internacional de la Dona rendint un emotiu homenatge a <a class=\"mh-excerpt-more\" href=\"https:\/\/tucomarca.whitekongsoftware.com\/ca\/benaguasil-ret-homenatge-a-luisa-balaguer-en-el-dia-de-la-dona\/\" title=\"Benaguasil ret homenatge a Luisa Balaguer en el Dia de la Dona\">[+] <\/a><\/div>\n","protected":false},"author":12,"featured_media":214239,"comment_status":"open","ping_status":"open","sticky":false,"template":"","format":"gallery","meta":{"footnotes":""},"categories":[10952,10892,10898,10894,10947,10896],"tags":[11508,17809,10899],"class_list":["post-214235","post","type-post","status-publish","format-gallery","has-post-thumbnail","category-benaguasil-ca","category-camp-de-turia-ca","category-ventana-ca","category-la-comarca-ca","category-politica","category-seccion-ca","tag-8m-ca","tag-banaguasil-ca","tag-camp-de-turia-ca","post_format-post-format-gallery"],"_links":{"self":[{"href":"https:\/\/tucomarca.whitekongsoftware.com\/ca\/wp-json\/wp\/v2\/posts\/214235","targetHints":{"allow":["GET"]}}],"collection":[{"href":"https:\/\/tucomarca.whitekongsoftware.com\/ca\/wp-json\/wp\/v2\/posts"}],"about":[{"href":"https:\/\/tucomarca.whitekongsoftware.com\/ca\/wp-json\/wp\/v2\/types\/post"}],"author":[{"embeddable":true,"href":"https:\/\/tucomarca.whitekongsoftware.com\/ca\/wp-json\/wp\/v2\/users\/12"}],"replies":[{"embeddable":true,"href":"https:\/\/tucomarca.whitekongsoftware.com\/ca\/wp-json\/wp\/v2\/comments?post=214235"}],"version-history":[{"count":0,"href":"https:\/\/tucomarca.whitekongsoftware.com\/ca\/wp-json\/wp\/v2\/posts\/214235\/revisions"}],"wp:featuredmedia":[{"embeddable":true,"href":"https:\/\/tucomarca.whitekongsoftware.com\/ca\/wp-json\/wp\/v2\/media\/214239"}],"wp:attachment":[{"href":"https:\/\/tucomarca.whitekongsoftware.com\/ca\/wp-json\/wp\/v2\/media?parent=214235"}],"wp:term":[{"taxonomy":"category","embeddable":true,"href":"https:\/\/tucomarca.whitekongsoftware.com\/ca\/wp-json\/wp\/v2\/categories?post=214235"},{"taxonomy":"post_tag","embeddable":true,"href":"https:\/\/tucomarca.whitekongsoftware.com\/ca\/wp-json\/wp\/v2\/tags?post=214235"}],"curies":[{"name":"wp","href":"https:\/\/api.w.org\/{rel}","templated":true}]}}