{"id":214157,"date":"2024-03-10T12:00:00","date_gmt":"2024-03-10T11:00:00","guid":{"rendered":"http:\/\/www.tucomarca.com\/wordpress\/segunda\/?p=214157"},"modified":"2024-03-11T11:33:46","modified_gmt":"2024-03-11T10:33:46","slug":"rosa-estaras-i-pablo-broseta-visiten-el-campus-diversia-de-millars-on-sha-retut-homenatge-a-paco-arevalo","status":"publish","type":"post","link":"https:\/\/tucomarca.whitekongsoftware.com\/ca\/rosa-estaras-i-pablo-broseta-visiten-el-campus-diversia-de-millars-on-sha-retut-homenatge-a-paco-arevalo\/","title":{"rendered":"Rosa Estar\u00e0s i Pablo Broseta visiten el Campus Diversia de Millars on s&#8217;ha retut homenatge a Paco Ar\u00e9valo\u00a0"},"content":{"rendered":"\n<p class=\"wp-block-paragraph\">Rosa Estar\u00e0s Ferragut, Eurodiputada de la Comissi\u00f3 d&#8217;Ocupaci\u00f3 i Assumptes Socials, acompanyada per Pablo Broseta, Secretari Auton\u00f2mic de Representaci\u00f3 davant la Uni\u00f3 Europea han visitat aquest divendres 8 de mar\u00e7, el Campus Diversia. Aquesta trobada va tindre lloc en les instal\u00b7lacions del Campus de la Finca Millars a I\u00e0tova, apuntalant l&#8217;important comprom\u00eds de les institucions p\u00fabliques amb aquest projecte que promou la inclusi\u00f3 i el suport a les persones amb discapacitat en el medi rural.&nbsp;<\/p>\n\n\n\n<p class=\"wp-block-paragraph\">La jornada va comen\u00e7ar a les 10:00h amb la visita de Rosa Estar\u00e0s Ferragut i Pablo Broseta, els qui van ser guiats a trav\u00e9s de les diverses \u00e0rees del campus per a con\u00e9ixer de prop els avan\u00e7os i les iniciatives que s&#8217;estan implementant. Aquest recorregut va permetre destacar la labor de l&#8217;entitat per a fomentar una societat rural m\u00e9s inclusiva i solid\u00e0ria, que aposte per models d&#8217;ocupaci\u00f3 basats en el respecte al medi ambient i en els quals totes les persones tinguen cabuda.&nbsp;<\/p>\n\n\n\n<p class=\"wp-block-paragraph\">A les 11:00h, es va dedicar un emotiu homenatge a Francisco Rodr\u00edguez Iglesias, m\u00e9s conegut com a Paco Ar\u00e9valo, en reconeixement a la seua dedicaci\u00f3 i esfor\u00e7 continu en suport al Campus Diversia. La cerim\u00f2nia va servir per a agrair la seua inestimable col\u00b7laboraci\u00f3 i l&#8217;impacte del seu treball en la promoci\u00f3 d&#8217;un entorn m\u00e9s inclusiu per a les persones i fam\u00edlies que formen part de la comunitat del Campus.&nbsp;<\/p>\n\n\n\n<p class=\"wp-block-paragraph\">Durant la celebraci\u00f3 d&#8217;aquest esdeveniment, es va destacar la import\u00e0ncia de mantindre una col\u00b7laboraci\u00f3 activa i un di\u00e0leg obert entre les diferents entitats, amb l&#8217;objectiu de promoure i desenvolupar un projecte revolucionari en l&#8217;\u00e0mbit rural. La participaci\u00f3 de Rosa Estar\u00e0s Ferragut i Pablo Broseta va subratllar el nivell de suport tant europeu com auton\u00f2mic cap a les accions desenvolupades pel Campus Diversia, reafirmant el valor d&#8217;aquestes iniciatives en la construcci\u00f3 d&#8217;un futur m\u00e9s inclusiu.&nbsp;<\/p>\n\n\n\n<figure class=\"wp-block-gallery has-nested-images columns-2 is-cropped wp-block-gallery-1 is-layout-flex wp-block-gallery-is-layout-flex\">\n<figure class=\"wp-block-image size-large\"><img loading=\"lazy\" decoding=\"async\" width=\"886\" height=\"665\" data-id=\"214146\" src=\"http:\/\/www.tucomarca.com\/wordpress\/segunda\/wp-content\/uploads\/2024\/03\/DiversiaArevalo1.jpg\" alt=\"\" class=\"wp-image-214146\" srcset=\"https:\/\/tucomarca.whitekongsoftware.com\/wp-content\/uploads\/2024\/03\/DiversiaArevalo1.jpg 886w, https:\/\/tucomarca.whitekongsoftware.com\/wp-content\/uploads\/2024\/03\/DiversiaArevalo1-300x225.jpg 300w, https:\/\/tucomarca.whitekongsoftware.com\/wp-content\/uploads\/2024\/03\/DiversiaArevalo1-768x576.jpg 768w, https:\/\/tucomarca.whitekongsoftware.com\/wp-content\/uploads\/2024\/03\/DiversiaArevalo1-678x509.jpg 678w, https:\/\/tucomarca.whitekongsoftware.com\/wp-content\/uploads\/2024\/03\/DiversiaArevalo1-326x245.jpg 326w, https:\/\/tucomarca.whitekongsoftware.com\/wp-content\/uploads\/2024\/03\/DiversiaArevalo1-80x60.jpg 80w\" sizes=\"auto, (max-width: 886px) 100vw, 886px\" \/><\/figure>\n\n\n\n<figure class=\"wp-block-image size-large\"><img loading=\"lazy\" decoding=\"async\" width=\"886\" height=\"665\" data-id=\"214148\" src=\"http:\/\/www.tucomarca.com\/wordpress\/segunda\/wp-content\/uploads\/2024\/03\/DiversiaArevalo2.jpg\" alt=\"\" class=\"wp-image-214148\" srcset=\"https:\/\/tucomarca.whitekongsoftware.com\/wp-content\/uploads\/2024\/03\/DiversiaArevalo2.jpg 886w, https:\/\/tucomarca.whitekongsoftware.com\/wp-content\/uploads\/2024\/03\/DiversiaArevalo2-300x225.jpg 300w, https:\/\/tucomarca.whitekongsoftware.com\/wp-content\/uploads\/2024\/03\/DiversiaArevalo2-768x576.jpg 768w, https:\/\/tucomarca.whitekongsoftware.com\/wp-content\/uploads\/2024\/03\/DiversiaArevalo2-678x509.jpg 678w, https:\/\/tucomarca.whitekongsoftware.com\/wp-content\/uploads\/2024\/03\/DiversiaArevalo2-326x245.jpg 326w, https:\/\/tucomarca.whitekongsoftware.com\/wp-content\/uploads\/2024\/03\/DiversiaArevalo2-80x60.jpg 80w\" sizes=\"auto, (max-width: 886px) 100vw, 886px\" \/><\/figure>\n\n\n\n<figure class=\"wp-block-image size-large\"><img loading=\"lazy\" decoding=\"async\" width=\"886\" height=\"665\" data-id=\"214152\" src=\"http:\/\/www.tucomarca.com\/wordpress\/segunda\/wp-content\/uploads\/2024\/03\/DiversiaArevalo4.jpg\" alt=\"\" class=\"wp-image-214152\" srcset=\"https:\/\/tucomarca.whitekongsoftware.com\/wp-content\/uploads\/2024\/03\/DiversiaArevalo4.jpg 886w, https:\/\/tucomarca.whitekongsoftware.com\/wp-content\/uploads\/2024\/03\/DiversiaArevalo4-300x225.jpg 300w, https:\/\/tucomarca.whitekongsoftware.com\/wp-content\/uploads\/2024\/03\/DiversiaArevalo4-768x576.jpg 768w, https:\/\/tucomarca.whitekongsoftware.com\/wp-content\/uploads\/2024\/03\/DiversiaArevalo4-678x509.jpg 678w, https:\/\/tucomarca.whitekongsoftware.com\/wp-content\/uploads\/2024\/03\/DiversiaArevalo4-326x245.jpg 326w, https:\/\/tucomarca.whitekongsoftware.com\/wp-content\/uploads\/2024\/03\/DiversiaArevalo4-80x60.jpg 80w\" sizes=\"auto, (max-width: 886px) 100vw, 886px\" \/><\/figure>\n\n\n\n<figure class=\"wp-block-image size-large\"><img loading=\"lazy\" decoding=\"async\" width=\"886\" height=\"499\" data-id=\"214154\" src=\"http:\/\/www.tucomarca.com\/wordpress\/segunda\/wp-content\/uploads\/2024\/03\/DiversiaArevalo5.jpg\" alt=\"\" class=\"wp-image-214154\" srcset=\"https:\/\/tucomarca.whitekongsoftware.com\/wp-content\/uploads\/2024\/03\/DiversiaArevalo5.jpg 886w, https:\/\/tucomarca.whitekongsoftware.com\/wp-content\/uploads\/2024\/03\/DiversiaArevalo5-300x169.jpg 300w, https:\/\/tucomarca.whitekongsoftware.com\/wp-content\/uploads\/2024\/03\/DiversiaArevalo5-768x433.jpg 768w, https:\/\/tucomarca.whitekongsoftware.com\/wp-content\/uploads\/2024\/03\/DiversiaArevalo5-678x381.jpg 678w\" sizes=\"auto, (max-width: 886px) 100vw, 886px\" \/><\/figure>\n<\/figure>\n","protected":false},"excerpt":{"rendered":"<div class=\"mh-excerpt\">Rosa Estar\u00e0s Ferragut, Eurodiputada de la Comissi\u00f3 d&#8217;Ocupaci\u00f3 i Assumptes Socials, acompanyada per Pablo Broseta, Secretari Auton\u00f2mic de Representaci\u00f3 davant la Uni\u00f3 Europea han visitat aquest divendres 8 de mar\u00e7, el Campus Diversia. Aquesta trobada <a class=\"mh-excerpt-more\" href=\"https:\/\/tucomarca.whitekongsoftware.com\/ca\/rosa-estaras-i-pablo-broseta-visiten-el-campus-diversia-de-millars-on-sha-retut-homenatge-a-paco-arevalo\/\" title=\"Rosa Estar\u00e0s i Pablo Broseta visiten el Campus Diversia de Millars on s&#8217;ha retut homenatge a Paco Ar\u00e9valo\u00a0\">[+] <\/a><\/div>\n","protected":false},"author":12,"featured_media":214151,"comment_status":"open","ping_status":"open","sticky":false,"template":"","format":"gallery","meta":{"footnotes":""},"categories":[10980,10948,10894,10912,11007,10947,10896],"tags":[11654,10914,20393,11141],"class_list":["post-214157","post","type-post","status-publish","format-gallery","has-post-thumbnail","category-yatova-ca","category-infraestructuras-ca","category-la-comarca-ca","category-la-hoya-ca","category-ocio-y-cultura-ca","category-politica","category-seccion-ca","tag-campus-diversia-ca","tag-la-hoya-de-bunol-chiva-ca","tag-mijares-ca","tag-yatova-ca","post_format-post-format-gallery"],"_links":{"self":[{"href":"https:\/\/tucomarca.whitekongsoftware.com\/ca\/wp-json\/wp\/v2\/posts\/214157","targetHints":{"allow":["GET"]}}],"collection":[{"href":"https:\/\/tucomarca.whitekongsoftware.com\/ca\/wp-json\/wp\/v2\/posts"}],"about":[{"href":"https:\/\/tucomarca.whitekongsoftware.com\/ca\/wp-json\/wp\/v2\/types\/post"}],"author":[{"embeddable":true,"href":"https:\/\/tucomarca.whitekongsoftware.com\/ca\/wp-json\/wp\/v2\/users\/12"}],"replies":[{"embeddable":true,"href":"https:\/\/tucomarca.whitekongsoftware.com\/ca\/wp-json\/wp\/v2\/comments?post=214157"}],"version-history":[{"count":0,"href":"https:\/\/tucomarca.whitekongsoftware.com\/ca\/wp-json\/wp\/v2\/posts\/214157\/revisions"}],"wp:featuredmedia":[{"embeddable":true,"href":"https:\/\/tucomarca.whitekongsoftware.com\/ca\/wp-json\/wp\/v2\/media\/214151"}],"wp:attachment":[{"href":"https:\/\/tucomarca.whitekongsoftware.com\/ca\/wp-json\/wp\/v2\/media?parent=214157"}],"wp:term":[{"taxonomy":"category","embeddable":true,"href":"https:\/\/tucomarca.whitekongsoftware.com\/ca\/wp-json\/wp\/v2\/categories?post=214157"},{"taxonomy":"post_tag","embeddable":true,"href":"https:\/\/tucomarca.whitekongsoftware.com\/ca\/wp-json\/wp\/v2\/tags?post=214157"}],"curies":[{"name":"wp","href":"https:\/\/api.w.org\/{rel}","templated":true}]}}