{"id":214125,"date":"2024-03-08T20:00:00","date_gmt":"2024-03-08T19:00:00","guid":{"rendered":"https:\/\/www.tucomarca.com\/wordpress\/segunda\/?p=214125"},"modified":"2024-03-09T19:46:17","modified_gmt":"2024-03-09T18:46:17","slug":"el-circuit-ricardo-tormo-celebra-este-cap-de-setmana-per-primera-vegada-volrace-ice","status":"publish","type":"post","link":"https:\/\/tucomarca.whitekongsoftware.com\/ca\/el-circuit-ricardo-tormo-celebra-este-cap-de-setmana-per-primera-vegada-volrace-ice\/","title":{"rendered":"El Circuit Ricardo Tormo celebra este cap de setmana per primera vegada \u2018Volrace Ice\u2019"},"content":{"rendered":"\n<h3 class=\"wp-block-heading\"><strong>Les carreres de camions s\u2019unixen a la gran concentraci\u00f3 de vehicles de Volrace<\/strong>.<\/h3>\n\n\n\n<h3 class=\"wp-block-heading\"><strong>Els apassionats seguidors de Volrace tornaran a omplir el p\u00e0doc del Circuit amb m\u00fasica i exposicions de cotxe modificats<\/strong><\/h3>\n\n\n\n<p class=\"wp-block-paragraph\">El Circuit Ricardo Tormo celebra este cap de setmana per primera vegada \u2018Volrace Ice\u2019, una macroconcentraci\u00f3 al voltant de diferents especialitats de l\u2019automobilisme.<\/p>\n\n\n\n<p class=\"wp-block-paragraph\">Proves de&nbsp;<em>drift<\/em>, tandes de&nbsp;<em>grip<\/em>, exposici\u00f3 de centenars de vehicles i projectes de cotxes personalitzats, m\u00fasica en viu, carreres de camions i molta m\u00e9s acci\u00f3 conformen el programa d\u2019esta edici\u00f3 hivernal de Volrace, que visita el Circuit Ricardo Tormo dos vegades a l\u2019any i que esta temporada, per primera vegada, porta al Circuit la versi\u00f3&nbsp;<em>Ice<\/em>.<\/p>\n\n\n\n<p class=\"wp-block-paragraph\">M\u00e9s de deu mil apassionats del m\u00f3n del motor es reuniran des del divendres 8 de mar\u00e7, fins al diumenge 10 de mar\u00e7, en les tres jornades. El divendres comen\u00e7ar\u00e0 l\u2019acci\u00f3 amb els primers entrenaments&nbsp;<em>drift<\/em>, les tandes&nbsp;<em>grip&nbsp;<\/em>i la&nbsp;<em>gymkhana<\/em>.<\/p>\n\n\n\n<p class=\"wp-block-paragraph\">En la jornada del dissabte s\u2019unir\u00e0 l\u2019acci\u00f3 dels pesos pesants de l\u2019asfalt, les carreres de camions, que compartiran tra\u00e7at amb els pilots de&nbsp;<em>drift&nbsp;<\/em>i amb les tandes&nbsp;<em>grip<\/em>, amb carreres de la Copa d\u2019Espanya de Camions que se celebraran a les 14.20 hores i a les 16.40 hores.<\/p>\n\n\n\n<p class=\"wp-block-paragraph\">A m\u00e9s, durant tota la jornada la m\u00fasica en l\u2019escenari principal i la Zona Show i els pilots acrob\u00e0tics sobre dos i quatre rodes donaran espectacle per als aficionats.<\/p>\n\n\n\n<p class=\"wp-block-paragraph\">Per la seua part, el diumenge, 10 de mar\u00e7, tindran lloc \u00faltimes tandes de\u00a0<em>grip\u00a0<\/em>i\u00a0<em>grift\u00a0<\/em>i les dos \u00faltimes carreres de camions, juntament amb els lliuraments de premis en l\u2019escenari principal. Els\u00a0<em>food trucks<\/em>\u00a0oferiran una \u00e0mplia oferta durant tot el cap de setmana que culminar\u00e0 amb l\u2019obertura de la recta de meta perqu\u00e8 els assistents deixen la seua petjada pintada en l\u2019asfalt de Cheste.<\/p>\n","protected":false},"excerpt":{"rendered":"<div class=\"mh-excerpt\">Les carreres de camions s\u2019unixen a la gran concentraci\u00f3 de vehicles de Volrace. Els apassionats seguidors de Volrace tornaran a omplir el p\u00e0doc del Circuit amb m\u00fasica i exposicions de cotxe modificats El Circuit Ricardo <a class=\"mh-excerpt-more\" href=\"https:\/\/tucomarca.whitekongsoftware.com\/ca\/el-circuit-ricardo-tormo-celebra-este-cap-de-setmana-per-primera-vegada-volrace-ice\/\" title=\"El Circuit Ricardo Tormo celebra este cap de setmana per primera vegada \u2018Volrace Ice\u2019\">[+] <\/a><\/div>\n","protected":false},"author":1,"featured_media":214123,"comment_status":"open","ping_status":"open","sticky":false,"template":"","format":"standard","meta":{"footnotes":""},"categories":[11019,11017,11003,10894,10904,10912,10896,10974],"tags":[11071,10914],"class_list":["post-214125","post","type-post","status-publish","format-standard","has-post-thumbnail","category-agenda-ca","category-automovilismo-ca","category-sports","category-la-comarca-ca","category-sin-categorizar-ca","category-la-hoya-ca","category-seccion-ca","category-cheste-ca","tag-cheste","tag-la-hoya-de-bunol-chiva-ca"],"_links":{"self":[{"href":"https:\/\/tucomarca.whitekongsoftware.com\/ca\/wp-json\/wp\/v2\/posts\/214125","targetHints":{"allow":["GET"]}}],"collection":[{"href":"https:\/\/tucomarca.whitekongsoftware.com\/ca\/wp-json\/wp\/v2\/posts"}],"about":[{"href":"https:\/\/tucomarca.whitekongsoftware.com\/ca\/wp-json\/wp\/v2\/types\/post"}],"author":[{"embeddable":true,"href":"https:\/\/tucomarca.whitekongsoftware.com\/ca\/wp-json\/wp\/v2\/users\/1"}],"replies":[{"embeddable":true,"href":"https:\/\/tucomarca.whitekongsoftware.com\/ca\/wp-json\/wp\/v2\/comments?post=214125"}],"version-history":[{"count":0,"href":"https:\/\/tucomarca.whitekongsoftware.com\/ca\/wp-json\/wp\/v2\/posts\/214125\/revisions"}],"wp:featuredmedia":[{"embeddable":true,"href":"https:\/\/tucomarca.whitekongsoftware.com\/ca\/wp-json\/wp\/v2\/media\/214123"}],"wp:attachment":[{"href":"https:\/\/tucomarca.whitekongsoftware.com\/ca\/wp-json\/wp\/v2\/media?parent=214125"}],"wp:term":[{"taxonomy":"category","embeddable":true,"href":"https:\/\/tucomarca.whitekongsoftware.com\/ca\/wp-json\/wp\/v2\/categories?post=214125"},{"taxonomy":"post_tag","embeddable":true,"href":"https:\/\/tucomarca.whitekongsoftware.com\/ca\/wp-json\/wp\/v2\/tags?post=214125"}],"curies":[{"name":"wp","href":"https:\/\/api.w.org\/{rel}","templated":true}]}}