{"id":214120,"date":"2024-03-09T18:00:00","date_gmt":"2024-03-09T17:00:00","guid":{"rendered":"http:\/\/www.tucomarca.com\/wordpress\/segunda\/?p=214120"},"modified":"2024-03-09T20:29:48","modified_gmt":"2024-03-09T19:29:48","slug":"el-ayuntamiento-de-benaguasil-y-ecovidrio-promueven-un-ano-mas-la-campana-la-planta-del-vidre","status":"publish","type":"post","link":"https:\/\/tucomarca.whitekongsoftware.com\/ca\/el-ayuntamiento-de-benaguasil-y-ecovidrio-promueven-un-ano-mas-la-campana-la-planta-del-vidre\/","title":{"rendered":"L&#8217;Ajuntament de Benaguasil i Ecovidrio promouen un any m\u00e9s la campanya \u201cLa Plant\u00e0 del Vidre\u201d"},"content":{"rendered":"\n<h3 class=\"wp-block-heading\">La iniciativa pret\u00e9n conscienciar sobre la gesti\u00f3 responsable dels residus d&#8217;envasos de vidre en la qual competeixen tretze municipis fallers per ser el m\u00e9s sostenible.<\/h3>\n\n\n\n<h3 class=\"wp-block-heading\">La poblaci\u00f3 m\u00e9s compromesa amb el medi ambient i amb la iniciativa guanyar\u00e0 una plantaci\u00f3 d&#8217;arbres amb tots els casals fallers.<\/h3>\n\n\n\n<figure class=\"wp-block-image size-full\"><img loading=\"lazy\" decoding=\"async\" width=\"886\" height=\"614\" src=\"http:\/\/www.tucomarca.com\/wordpress\/segunda\/wp-content\/uploads\/2024\/03\/BenaguasilEcovidrio.jpg\" alt=\"\" class=\"wp-image-214114\" srcset=\"https:\/\/tucomarca.whitekongsoftware.com\/wp-content\/uploads\/2024\/03\/BenaguasilEcovidrio.jpg 886w, https:\/\/tucomarca.whitekongsoftware.com\/wp-content\/uploads\/2024\/03\/BenaguasilEcovidrio-300x208.jpg 300w, https:\/\/tucomarca.whitekongsoftware.com\/wp-content\/uploads\/2024\/03\/BenaguasilEcovidrio-768x532.jpg 768w\" sizes=\"auto, (max-width: 886px) 100vw, 886px\" \/><\/figure>\n\n\n\n<p class=\"wp-block-paragraph\">Com ja fera l&#8217;any passat, Benaguasil s&#8217;uneix a la campanya \u2018La Plant\u00e0 del Vidre\u2019 impulsada per l&#8217;entitat sense \u00e0nim de lucre Ecovidrio per a aquestes Falles, i l&#8217;objectiu de les quals \u00e9s conscienciar a la poblaci\u00f3, i especialment als fallers i falleres, de la import\u00e0ncia de separar correctament els residus d&#8217;envasos de vidre durant el transcurs de les festes. Amb aquest prop\u00f2sit, Ecovidrio ha tornat a vinilar els contenidors de vidre pr\u00f2xims als 10 casals fallers, de manera que siga m\u00e9s senzill comptar els quilograms d&#8217;envasos de vidre recollits durant les festes. Igualment, per a refor\u00e7ar la campanya, els dies 16 i 17 de mar\u00e7 els casals fallers seran visitats per educadors ambientals per a informar sobre la import\u00e0ncia del reciclatge d&#8217;envasos de vidre i els beneficis que reporta al medi ambient i la societat.<\/p>\n\n\n\n<p class=\"wp-block-paragraph\">A m\u00e9s de Benaguasil en la campanya participen altres 12 municipis valencians que celebren festes de Falles: La Pobla de Vallbona, Ll\u00edria, Cullera, Gandia, Catarroja, Torrent, Paterna, L&#8217;Eliana, Algemes\u00ed, Godella, Borriana i La Vall d&#8217;Uix\u00f3. Entre ells competiran per ser el municipi m\u00e9s reciclador.<\/p>\n\n\n\n<p class=\"wp-block-paragraph\">El guanyador ser\u00e0 el que m\u00e9s punts aconseguisca per incrementar la recollida de vidre respecte al mateix per\u00edode de l&#8217;any anterior, i per la difusi\u00f3 que fa\u00e7a de la iniciativa. El premi consisteix en una plantaci\u00f3 d&#8217;arbres per a la localitat en el qual cada casal faller podr\u00e0 apadrinar un exemplar.<\/p>\n\n\n\n<p class=\"wp-block-paragraph\">Aix\u00ed mateix, tots els municipis que superen el repte de reciclatge proposat aconseguiran el guard\u00f3 verd de Ecovidrio. Tamb\u00e9 hi haur\u00e0 un premi per a totes les Falles que reciclen, en el seu propi contenidor, 400 kg o m\u00e9s de residus d&#8217;envasos de vidre. En aquest \u00faltim cas, el premi ser\u00e0 un minigl\u00fa amb la imatge de campanya.<\/p>\n","protected":false},"excerpt":{"rendered":"<div class=\"mh-excerpt\">La iniciativa pret\u00e9n conscienciar sobre la gesti\u00f3 responsable dels residus d&#8217;envasos de vidre en la qual competeixen tretze municipis fallers per ser el m\u00e9s sostenible. La poblaci\u00f3 m\u00e9s compromesa amb el medi ambient i amb <a class=\"mh-excerpt-more\" href=\"https:\/\/tucomarca.whitekongsoftware.com\/ca\/el-ayuntamiento-de-benaguasil-y-ecovidrio-promueven-un-ano-mas-la-campana-la-planta-del-vidre\/\" title=\"L&#8217;Ajuntament de Benaguasil i Ecovidrio promouen un any m\u00e9s la campanya \u201cLa Plant\u00e0 del Vidre\u201d\">[+] <\/a><\/div>\n","protected":false},"author":12,"featured_media":214117,"comment_status":"open","ping_status":"open","sticky":false,"template":"","format":"image","meta":{"footnotes":""},"categories":[10952,10892,10948,10894,10903,11007,10947,10896],"tags":[11136,10899,15539],"class_list":["post-214120","post","type-post","status-publish","format-image","has-post-thumbnail","category-benaguasil-ca","category-camp-de-turia-ca","category-infraestructuras-ca","category-la-comarca-ca","category-medio-ambiente-la-comarca-ca","category-ocio-y-cultura-ca","category-politica","category-seccion-ca","tag-benaguasil-ca","tag-camp-de-turia-ca","tag-ecovidrio-ca","post_format-post-format-image"],"_links":{"self":[{"href":"https:\/\/tucomarca.whitekongsoftware.com\/ca\/wp-json\/wp\/v2\/posts\/214120","targetHints":{"allow":["GET"]}}],"collection":[{"href":"https:\/\/tucomarca.whitekongsoftware.com\/ca\/wp-json\/wp\/v2\/posts"}],"about":[{"href":"https:\/\/tucomarca.whitekongsoftware.com\/ca\/wp-json\/wp\/v2\/types\/post"}],"author":[{"embeddable":true,"href":"https:\/\/tucomarca.whitekongsoftware.com\/ca\/wp-json\/wp\/v2\/users\/12"}],"replies":[{"embeddable":true,"href":"https:\/\/tucomarca.whitekongsoftware.com\/ca\/wp-json\/wp\/v2\/comments?post=214120"}],"version-history":[{"count":0,"href":"https:\/\/tucomarca.whitekongsoftware.com\/ca\/wp-json\/wp\/v2\/posts\/214120\/revisions"}],"wp:featuredmedia":[{"embeddable":true,"href":"https:\/\/tucomarca.whitekongsoftware.com\/ca\/wp-json\/wp\/v2\/media\/214117"}],"wp:attachment":[{"href":"https:\/\/tucomarca.whitekongsoftware.com\/ca\/wp-json\/wp\/v2\/media?parent=214120"}],"wp:term":[{"taxonomy":"category","embeddable":true,"href":"https:\/\/tucomarca.whitekongsoftware.com\/ca\/wp-json\/wp\/v2\/categories?post=214120"},{"taxonomy":"post_tag","embeddable":true,"href":"https:\/\/tucomarca.whitekongsoftware.com\/ca\/wp-json\/wp\/v2\/tags?post=214120"}],"curies":[{"name":"wp","href":"https:\/\/api.w.org\/{rel}","templated":true}]}}