{"id":214104,"date":"2024-03-08T08:19:00","date_gmt":"2024-03-08T07:19:00","guid":{"rendered":"http:\/\/www.tucomarca.com\/wordpress\/segunda\/?p=214104"},"modified":"2024-03-09T15:22:09","modified_gmt":"2024-03-09T14:22:09","slug":"el-primer-equip-femeni-del-llevant-ud-rep-la-visita-dels-tres-collegis-de-bunyol-amb-motiu-del-dia-de-la-dona","status":"publish","type":"post","link":"https:\/\/tucomarca.whitekongsoftware.com\/ca\/el-primer-equip-femeni-del-llevant-ud-rep-la-visita-dels-tres-collegis-de-bunyol-amb-motiu-del-dia-de-la-dona\/","title":{"rendered":"El primer equip femen\u00ed del Llevant UD rep la visita dels tres col\u00b7legis de Bunyol amb motiu del Dia de la Dona"},"content":{"rendered":"\n<h3 class=\"wp-block-heading\">Els col\u00b7legis de Bunyol per a commemorar el 8M, Dia Internacional de la Dona han protagonitzat una inoblidable jornada de conviv\u00e8ncia.<\/h3>\n\n\n\n<p class=\"wp-block-paragraph\">Els alumnes de 3r de Prim\u00e0ria dels col\u00b7legis de Bunyol, CEIP Sant Llu\u00eds, CEIP Cervantes i els de 2n de Prim\u00e0ria del Col\u00b7legi Sagrada Fam\u00edlia Talaia han visitat al primer equip femen\u00ed a la Ciutat Esportiva,&nbsp;en una emotiva acci\u00f3 emmarcada en els actes de commemoraci\u00f3 del 8M, Dia Internacional de la Dona, conjuntament amb l&#8217;Ajuntament de la localitat.<br>La jornada comen\u00e7ava amb una xarrada de dues dones clars exemples de conciliaci\u00f3, superaci\u00f3 i esportistes, Alharilla, i Ruth Garc\u00eda; la capitana de l&#8217;equip, pionera en el futbol d&#8217;elit espanyol a fer una pausa en la seua carrera per a quedar-se embarassada, va relatar el seu dia a dia com a mare i futbolista, i va destacar els avan\u00e7os que a poc a poc van tenint les jugadores. \u201cQuan jo vaig comen\u00e7ar els meus referents en el futbol eren masculins; ara, per sort, les xiquetes ja podeu tindre dones com a referent gr\u00e0cies a com est\u00e0 evolucionant el futbol femen\u00ed\u201d, va destacar.<br>Per part seua, l&#8217;actual consellera, i directora de relacions institucionals de la secci\u00f3 de futbol femen\u00ed, Ruth Garc\u00eda, tamb\u00e9 va relatar la seua traject\u00f2ria com a jugadora i va incidir en la import\u00e0ncia que en l&#8217;actualitat les xiquetes \u201cvulguen ser com Alba Redondo, Mar\u00eda M\u00e9ndez, Leire Ba\u00f1os, o qualsevol de les jugadores que componen la pedrera de l&#8217;equip\u201d.<br>L&#8217;acci\u00f3, tamb\u00e9 va servir com a conviv\u00e8ncia dels tres col\u00b7legis de la localitat, que van gaudir d&#8217;activitats conjuntes en els camps d&#8217;entrenament. Aix\u00ed ho va manifestar l&#8217;alcaldessa de Bunyol, Virg\u00ednia Sanz. &#8220;Hem volgut proposar un dia de conviv\u00e8ncia, fusion\u00e1nandolo amb el Dia de la Dona. El Llevant UD \u00e9s un referent de futbol femen\u00ed en tota Espanya i vol\u00edem aprofitar perqu\u00e8 els alumnes tingueren una jornada d&#8217;esport i dona&#8221;.&nbsp;<br>El centenar d&#8217;alumnes que va participar en l&#8217;acci\u00f3, va presenciar, a m\u00e9s, l&#8217;entrenament del primer equip femen\u00ed i a la seua finalitzaci\u00f3 van poder con\u00e9ixer a les jugadores, aconseguir els seus aut\u00f2grafs i emportar-se la foto amb tota la plantilla com a record a un dia inoblidable.<\/p>\n\n\n\n<p class=\"wp-block-paragraph\"><\/p>\n","protected":false},"excerpt":{"rendered":"<div class=\"mh-excerpt\">Els col\u00b7legis de Bunyol per a commemorar el 8M, Dia Internacional de la Dona han protagonitzat una inoblidable jornada de conviv\u00e8ncia. Els alumnes de 3r de Prim\u00e0ria dels col\u00b7legis de Bunyol, CEIP Sant Llu\u00eds, CEIP <a class=\"mh-excerpt-more\" href=\"https:\/\/tucomarca.whitekongsoftware.com\/ca\/el-primer-equip-femeni-del-llevant-ud-rep-la-visita-dels-tres-collegis-de-bunyol-amb-motiu-del-dia-de-la-dona\/\" title=\"El primer equip femen\u00ed del Llevant UD rep la visita dels tres col\u00b7legis de Bunyol amb motiu del Dia de la Dona\">[+] <\/a><\/div>\n","protected":false},"author":12,"featured_media":214103,"comment_status":"open","ping_status":"open","sticky":false,"template":"","format":"standard","meta":{"footnotes":""},"categories":[10911,11015,11003,10894,10912,11007,10947,10896],"tags":[10913,10914,20392],"class_list":["post-214104","post","type-post","status-publish","format-standard","has-post-thumbnail","category-bunol-ca","category-canal-futbol","category-sports","category-la-comarca-ca","category-la-hoya-ca","category-ocio-y-cultura-ca","category-politica","category-seccion-ca","tag-bunol-ca","tag-la-hoya-de-bunol-chiva-ca","tag-levante-ud-femenino-ca"],"_links":{"self":[{"href":"https:\/\/tucomarca.whitekongsoftware.com\/ca\/wp-json\/wp\/v2\/posts\/214104","targetHints":{"allow":["GET"]}}],"collection":[{"href":"https:\/\/tucomarca.whitekongsoftware.com\/ca\/wp-json\/wp\/v2\/posts"}],"about":[{"href":"https:\/\/tucomarca.whitekongsoftware.com\/ca\/wp-json\/wp\/v2\/types\/post"}],"author":[{"embeddable":true,"href":"https:\/\/tucomarca.whitekongsoftware.com\/ca\/wp-json\/wp\/v2\/users\/12"}],"replies":[{"embeddable":true,"href":"https:\/\/tucomarca.whitekongsoftware.com\/ca\/wp-json\/wp\/v2\/comments?post=214104"}],"version-history":[{"count":0,"href":"https:\/\/tucomarca.whitekongsoftware.com\/ca\/wp-json\/wp\/v2\/posts\/214104\/revisions"}],"wp:featuredmedia":[{"embeddable":true,"href":"https:\/\/tucomarca.whitekongsoftware.com\/ca\/wp-json\/wp\/v2\/media\/214103"}],"wp:attachment":[{"href":"https:\/\/tucomarca.whitekongsoftware.com\/ca\/wp-json\/wp\/v2\/media?parent=214104"}],"wp:term":[{"taxonomy":"category","embeddable":true,"href":"https:\/\/tucomarca.whitekongsoftware.com\/ca\/wp-json\/wp\/v2\/categories?post=214104"},{"taxonomy":"post_tag","embeddable":true,"href":"https:\/\/tucomarca.whitekongsoftware.com\/ca\/wp-json\/wp\/v2\/tags?post=214104"}],"curies":[{"name":"wp","href":"https:\/\/api.w.org\/{rel}","templated":true}]}}