{"id":214028,"date":"2024-03-09T09:45:00","date_gmt":"2024-03-09T08:45:00","guid":{"rendered":"https:\/\/www.tucomarca.com\/wordpress\/segunda\/?p=214028"},"modified":"2024-03-09T11:50:26","modified_gmt":"2024-03-09T10:50:26","slug":"la-guardia-civil-en-collaboracio-amb-la-policia-local-de-leliana-dete-a-tres-persones-per-robar-26-rotllos-de-gespa-artificial","status":"publish","type":"post","link":"https:\/\/tucomarca.whitekongsoftware.com\/ca\/la-guardia-civil-en-collaboracio-amb-la-policia-local-de-leliana-dete-a-tres-persones-per-robar-26-rotllos-de-gespa-artificial\/","title":{"rendered":"La Gu\u00e0rdia Civil, en col\u00b7laboraci\u00f3 amb la Policia Local de L&#8217;Eliana, det\u00e9 a tres persones per robar 26 rotllos de gespa artificial"},"content":{"rendered":"\n<h3 class=\"wp-block-heading\">El valor del sostret ascendeix a 6.000 euros<\/h3>\n\n\n\n<p class=\"wp-block-paragraph\">La Gu\u00e0rdia Civil de Val\u00e8ncia en col\u00b7laboraci\u00f3 amb Policia Local de L&#8217;Eliana, en el marc de l&#8217;operaci\u00f3 \u201cDEPSE\u201d, ha detingut a tres homes de nacionalitat espanyola i romanesa, per un delicte de furt a Riba-roja de T\u00faria i L&#8217;Eliana.&nbsp;<\/p>\n\n\n\n<p class=\"wp-block-paragraph\">L&#8217;operaci\u00f3 va comen\u00e7ar quan els agents van tindre coneixement de la sostracci\u00f3 de 26 rotllos de gespa artificial en les instal\u00b7lacions d&#8217;un centre esportiu de la localitat de L&#8217;Eliana, valorat en 6.000 euros.<\/p>\n\n\n\n<p class=\"wp-block-paragraph\">Fruit d&#8217;una \u00e0rdua labor d&#8217;investigaci\u00f3 els agents constaten com un vehicle d&#8217;una empresa de seguretat privada, seguit d&#8217;un altre vehicle de grans dimensions accedeix al centre esportiu i tres persones sostrauen el material.<\/p>\n\n\n\n<p class=\"wp-block-paragraph\">Gr\u00e0cies al Pla Coopera la finalitat del qual \u00e9s establir el model de relaci\u00f3 entre el Cos de la Gu\u00e0rdia Civil i les entitats de Seguretat Privada per a potenciar el suport operatiu mutu mitjan\u00e7ant l&#8217;intercanvi d&#8217;informaci\u00f3, es realitzen gestions aconseguint identificar al treballador d&#8217;aquesta empresa.&nbsp;<\/p>\n\n\n\n<p class=\"wp-block-paragraph\">Finalment, els agents van identificar i van detindre a les tres persones que, per un delicte de furt, aix\u00ed com la recuperaci\u00f3 del material sostret que va ser retornat al seu leg\u00edtim propietari.<\/p>\n\n\n\n<p class=\"wp-block-paragraph\">Les dilig\u00e8ncies han sigut entregades en el Jutjat de Primera Inst\u00e0ncia i Instrucci\u00f3 N\u00famero 2 de Lliria.<\/p>\n","protected":false},"excerpt":{"rendered":"<div class=\"mh-excerpt\">El valor del sostret ascendeix a 6.000 euros La Gu\u00e0rdia Civil de Val\u00e8ncia en col\u00b7laboraci\u00f3 amb Policia Local de L&#8217;Eliana, en el marc de l&#8217;operaci\u00f3 \u201cDEPSE\u201d, ha detingut a tres homes de nacionalitat espanyola i <a class=\"mh-excerpt-more\" href=\"https:\/\/tucomarca.whitekongsoftware.com\/ca\/la-guardia-civil-en-collaboracio-amb-la-policia-local-de-leliana-dete-a-tres-persones-per-robar-26-rotllos-de-gespa-artificial\/\" title=\"La Gu\u00e0rdia Civil, en col\u00b7laboraci\u00f3 amb la Policia Local de L&#8217;Eliana, det\u00e9 a tres persones per robar 26 rotllos de gespa artificial\">[+] <\/a><\/div>\n","protected":false},"author":1,"featured_media":214026,"comment_status":"open","ping_status":"open","sticky":false,"template":"","format":"standard","meta":{"footnotes":""},"categories":[10892,10898,10948,10894,10904,10928,10893,10906,10896,10897],"tags":[10395,1020,11993,11118,1098,11172,10433,1033,12356,8900,10907],"class_list":["post-214028","post","type-post","status-publish","format-standard","has-post-thumbnail","category-camp-de-turia-ca","category-ventana-ca","category-infraestructuras-ca","category-la-comarca-ca","category-sin-categorizar-ca","category-lliria-ca","category-leliana-ca","category-riba-roja-ca","category-seccion-ca","category-sucesos-la-comarca-ca","tag-camp-de-turia","tag-eliana","tag-eliana-ca","tag-guardia-civil-ca","tag-guardia-civil","tag-leliana-ca-2","tag-leliana","tag-policia-local","tag-policia-local-ca","tag-riba-roja-del-turia","tag-riba-roja-del-turia-ca"],"_links":{"self":[{"href":"https:\/\/tucomarca.whitekongsoftware.com\/ca\/wp-json\/wp\/v2\/posts\/214028","targetHints":{"allow":["GET"]}}],"collection":[{"href":"https:\/\/tucomarca.whitekongsoftware.com\/ca\/wp-json\/wp\/v2\/posts"}],"about":[{"href":"https:\/\/tucomarca.whitekongsoftware.com\/ca\/wp-json\/wp\/v2\/types\/post"}],"author":[{"embeddable":true,"href":"https:\/\/tucomarca.whitekongsoftware.com\/ca\/wp-json\/wp\/v2\/users\/1"}],"replies":[{"embeddable":true,"href":"https:\/\/tucomarca.whitekongsoftware.com\/ca\/wp-json\/wp\/v2\/comments?post=214028"}],"version-history":[{"count":0,"href":"https:\/\/tucomarca.whitekongsoftware.com\/ca\/wp-json\/wp\/v2\/posts\/214028\/revisions"}],"wp:featuredmedia":[{"embeddable":true,"href":"https:\/\/tucomarca.whitekongsoftware.com\/ca\/wp-json\/wp\/v2\/media\/214026"}],"wp:attachment":[{"href":"https:\/\/tucomarca.whitekongsoftware.com\/ca\/wp-json\/wp\/v2\/media?parent=214028"}],"wp:term":[{"taxonomy":"category","embeddable":true,"href":"https:\/\/tucomarca.whitekongsoftware.com\/ca\/wp-json\/wp\/v2\/categories?post=214028"},{"taxonomy":"post_tag","embeddable":true,"href":"https:\/\/tucomarca.whitekongsoftware.com\/ca\/wp-json\/wp\/v2\/tags?post=214028"}],"curies":[{"name":"wp","href":"https:\/\/api.w.org\/{rel}","templated":true}]}}