{"id":213996,"date":"2024-03-08T16:06:21","date_gmt":"2024-03-08T15:06:21","guid":{"rendered":"https:\/\/www.tucomarca.com\/wordpress\/segunda\/?p=213996"},"modified":"2024-03-08T16:06:28","modified_gmt":"2024-03-08T15:06:28","slug":"la-unio-assenyala-que-nomes-19-dones-de-tota-la-comunitat-valenciana-estan-inscrites-en-el-registre-de-titularitat-compartida-dexplotacions-agraries","status":"publish","type":"post","link":"https:\/\/tucomarca.whitekongsoftware.com\/ca\/la-unio-assenyala-que-nomes-19-dones-de-tota-la-comunitat-valenciana-estan-inscrites-en-el-registre-de-titularitat-compartida-dexplotacions-agraries\/","title":{"rendered":"La Uni\u00f3 assenyala que nom\u00e9s 19 dones de tota la Comunitat Valenciana estan inscrites en el registre de titularitat compartida d&#8217;explotacions agr\u00e0ries"},"content":{"rendered":"\n<h3 class=\"wp-block-heading\">Davant el Dia Internacional de la Dona, les Administracions han de treballar per la incorporaci\u00f3 de les dones a l&#8217;activitat econ\u00f2mica del medi rural i per contribuir a la incorporaci\u00f3 de dones joves<\/h3>\n\n\n\n<p class=\"wp-block-paragraph\">La Uni\u00f3 Llauradora i Ramadera indica hui, Dia Internacional de la Dona, que \u00fanicament 19 dones en tota la Comunitat Valenciana estan dins del registre de titularitat compartida d&#8217;explotacions agr\u00e0ries, d&#8217;un total de 1.257 en tota Espanya. Fins a febrer d&#8217;enguany hi havia 14 a la prov\u00edncia de Castell\u00f3, 3 en la de Val\u00e8ncia i 2 en la d&#8217;Alacant. D&#8217;octubre de 2023 a febrer de 2024 no s&#8217;ha donat d&#8217;alt cap dona en la Comunitat Valenciana.<br>Cal assenyalar que les explotacions de titularitat compartida reben ajudes directes per valor de 1.500 euros amb l&#8217;objectiu de facilitar als seus titulars el pagament de les quotes a la Seguretat Social. En aquest sentit, l&#8217;organitzaci\u00f3 reclama a les Administracions que es difonga la titularitat compartida de les explotacions i que es facilite i informe sobre l&#8217;acc\u00e9s de les dones a les mesures de desenvolupament rural. De la mateixa manera aposta per promoure la incorporaci\u00f3 de les dones a l&#8217;activitat econ\u00f2mica del medi rural i per contribuir a la incorporaci\u00f3 de dones joves a l&#8217;activitat agr\u00e0ria.<br>Precisament hui i dem\u00e0 un grup de dones de La Uni\u00f3 es troben a Girona per a participar en la celebraci\u00f3 de la 10 Trobada de la Uni\u00f3n de Mujeres Agricultoras y Ganaderas, sota el t\u00edtol \u201cDesenvolupament Rural i agrari en clau de g\u00e8nere\u201d, on entre altres coses s&#8217;analitzaran totes aquestes q\u00fcestions, a m\u00e9s de con\u00e9ixer iniciatives agr\u00e0ries innovadores i liderades per dones i reivindicar la necessitat d&#8217;impulsar la igualtat de g\u00e8nere en les zones rurals i al sector agrari en concret. L&#8217;objectiu de la trobada \u00e9s crear xarxa femenina, oferir eines per a interpretar la Pol\u00edtica Agr\u00e0ria Comuna (PAC) i els Plans de Desenvolupament Rural en clau de g\u00e8nere i potenciar l&#8217;acc\u00e9s de les dones als diferents \u00f2rgans de governan\u00e7a vinculats al m\u00f3n rural i agrari.<br>Des de l&#8217;\u00e0rea de la dona de la Uni\u00f3 Llauradora i Ramadera es lluita dia a dia per l&#8217;impuls de la igualtat de g\u00e8nere en les zones rurals, per una igualtat efectiva entre les dones i els homes en el treball agrari, ramader i forestal, per la visibilitzaci\u00f3 de les llauradores i ramaderes del territori, per promoure l&#8217;organitzaci\u00f3 de les pr\u00f2pies dones i fomentar la seua participaci\u00f3 en les estructures sindicals i \u00f2rgans de participaci\u00f3 i decisi\u00f3, per la regulaci\u00f3 del sector de les cures i la valoritzaci\u00f3 dels rols socialment entesos com a femenins, per la diversitat, els canvis de rols i les responsabilitats compartides entre homes i dones, per a aconseguir un vertader equilibri territorial i lluitar contra el despoblament rural.<br>\u201c\u00c9s important que es fomente l&#8217;acc\u00e9s a la terra de les dones i la millora dels drets de la PAC, dins d&#8217;un medi rural m\u00e9s inclusiu, que compte amb serveis assistencials, educatius i de salut de qualitat, que es redu\u00efsca la reducci\u00f3 de la bretxa digital en el m\u00f3n rural. Tota la societat ha de treballar per a erradicar la discriminaci\u00f3 de g\u00e8nere en el treball i la invisibilitzaci\u00f3 de les dones en la gesti\u00f3 de les explotacions, per a sensibilitzar contra la viol\u00e8ncia de g\u00e8nere en el m\u00f3n rural i per uns plans de desenvolupament rural des de la perspectiva de g\u00e8nere, per un medi rural sostenible i amb perspectiva de g\u00e8nere, apostant a m\u00e9s per iniciatives locals constructores de paisatges i diversitats econ\u00f2miques\u201d, diu l&#8217;\u00e0rea de la dona de La Uni\u00f3.<\/p>\n\n\n\n<p class=\"wp-block-paragraph\"><\/p>\n","protected":false},"excerpt":{"rendered":"<div class=\"mh-excerpt\">Davant el Dia Internacional de la Dona, les Administracions han de treballar per la incorporaci\u00f3 de les dones a l&#8217;activitat econ\u00f2mica del medi rural i per contribuir a la incorporaci\u00f3 de dones joves La Uni\u00f3 <a class=\"mh-excerpt-more\" href=\"https:\/\/tucomarca.whitekongsoftware.com\/ca\/la-unio-assenyala-que-nomes-19-dones-de-tota-la-comunitat-valenciana-estan-inscrites-en-el-registre-de-titularitat-compartida-dexplotacions-agraries\/\" title=\"La Uni\u00f3 assenyala que nom\u00e9s 19 dones de tota la Comunitat Valenciana estan inscrites en el registre de titularitat compartida d&#8217;explotacions agr\u00e0ries\">[+] <\/a><\/div>\n","protected":false},"author":12,"featured_media":213995,"comment_status":"open","ping_status":"open","sticky":false,"template":"","format":"standard","meta":{"footnotes":""},"categories":[10905,10894,10904,10947,10896],"tags":[11508,18022],"class_list":["post-213996","post","type-post","status-publish","format-standard","has-post-thumbnail","category-agricultura-la-comarca-ca","category-la-comarca-ca","category-sin-categorizar-ca","category-politica","category-seccion-ca","tag-8m-ca","tag-la-unio-llauradora-ca"],"_links":{"self":[{"href":"https:\/\/tucomarca.whitekongsoftware.com\/ca\/wp-json\/wp\/v2\/posts\/213996","targetHints":{"allow":["GET"]}}],"collection":[{"href":"https:\/\/tucomarca.whitekongsoftware.com\/ca\/wp-json\/wp\/v2\/posts"}],"about":[{"href":"https:\/\/tucomarca.whitekongsoftware.com\/ca\/wp-json\/wp\/v2\/types\/post"}],"author":[{"embeddable":true,"href":"https:\/\/tucomarca.whitekongsoftware.com\/ca\/wp-json\/wp\/v2\/users\/12"}],"replies":[{"embeddable":true,"href":"https:\/\/tucomarca.whitekongsoftware.com\/ca\/wp-json\/wp\/v2\/comments?post=213996"}],"version-history":[{"count":0,"href":"https:\/\/tucomarca.whitekongsoftware.com\/ca\/wp-json\/wp\/v2\/posts\/213996\/revisions"}],"wp:featuredmedia":[{"embeddable":true,"href":"https:\/\/tucomarca.whitekongsoftware.com\/ca\/wp-json\/wp\/v2\/media\/213995"}],"wp:attachment":[{"href":"https:\/\/tucomarca.whitekongsoftware.com\/ca\/wp-json\/wp\/v2\/media?parent=213996"}],"wp:term":[{"taxonomy":"category","embeddable":true,"href":"https:\/\/tucomarca.whitekongsoftware.com\/ca\/wp-json\/wp\/v2\/categories?post=213996"},{"taxonomy":"post_tag","embeddable":true,"href":"https:\/\/tucomarca.whitekongsoftware.com\/ca\/wp-json\/wp\/v2\/tags?post=213996"}],"curies":[{"name":"wp","href":"https:\/\/api.w.org\/{rel}","templated":true}]}}