{"id":213783,"date":"2024-03-07T10:05:00","date_gmt":"2024-03-07T09:05:00","guid":{"rendered":"https:\/\/www.tucomarca.com\/wordpress\/segunda\/?p=213783"},"modified":"2024-03-07T20:53:41","modified_gmt":"2024-03-07T19:53:41","slug":"fotogaleria-la-clavaria-de-setembre-de-xiva-presenta-als-clavaris-i-clavaries-per-a-la-seues-festes-2024","status":"publish","type":"post","link":"https:\/\/tucomarca.whitekongsoftware.com\/ca\/fotogaleria-la-clavaria-de-setembre-de-xiva-presenta-als-clavaris-i-clavaries-per-a-la-seues-festes-2024\/","title":{"rendered":"Fotogaler\u00eda: la Clavaria de Setembre de Xiva presenta als clavaris i clav\u00e0ries per a la seues festes 2024"},"content":{"rendered":"\n<p class=\"wp-block-paragraph\">El teatre municipal Astoria de Xiva registrat un ple absolut aquest passat cap de setmana durant el tradicional acte de presentaci\u00f3 de la Clavaria de Setembre, protagonistes de les festes en honor a la Verge del Castell que comen\u00e7aran a la fi d&#8217;agost.<\/p>\n\n\n\n<p class=\"wp-block-paragraph\">\u201cXiva ha gaudit d&#8217;uns moments d&#8217;alegria que han servit per a dir a tot el nostre poble que setembre comen\u00e7a a prendre forma per a oferir-nos unes fant\u00e0stiques festes que s\u00f3n patrimoni del nostre municipi. Enhorabona a tots els implicats, amb el vostre treball feu Xiva un poc m\u00e9s gran\u201d explicava l&#8217;alcaldessa de la localitat, Amparo Fort.<\/p>\n\n\n\n<p class=\"wp-block-paragraph\">Des de l&#8217;ajuntament s&#8217;anima a totes la poblaci\u00f3 a participar en aquestes festes dedicades a la patrona, la Morenica, que posar\u00e0 el fermall final a l&#8217;estiu 2024.<\/p>\n\n\n\n<figure class=\"wp-block-gallery has-nested-images columns-1 is-cropped wp-block-gallery-1 is-layout-flex wp-block-gallery-is-layout-flex\">\n<figure class=\"wp-block-image size-large\"><img loading=\"lazy\" decoding=\"async\" width=\"886\" height=\"448\" data-id=\"213766\" src=\"http:\/\/www.tucomarca.com\/wordpress\/segunda\/wp-content\/uploads\/2024\/03\/ChivaClavariaSept2.jpg\" alt=\"\" class=\"wp-image-213766\" srcset=\"https:\/\/tucomarca.whitekongsoftware.com\/wp-content\/uploads\/2024\/03\/ChivaClavariaSept2.jpg 886w, https:\/\/tucomarca.whitekongsoftware.com\/wp-content\/uploads\/2024\/03\/ChivaClavariaSept2-300x152.jpg 300w, https:\/\/tucomarca.whitekongsoftware.com\/wp-content\/uploads\/2024\/03\/ChivaClavariaSept2-768x388.jpg 768w\" sizes=\"auto, (max-width: 886px) 100vw, 886px\" \/><\/figure>\n\n\n\n<figure class=\"wp-block-image size-large\"><img loading=\"lazy\" decoding=\"async\" width=\"886\" height=\"553\" data-id=\"213768\" src=\"http:\/\/www.tucomarca.com\/wordpress\/segunda\/wp-content\/uploads\/2024\/03\/ChivaClavariaSept3.jpg\" alt=\"\" class=\"wp-image-213768\" srcset=\"https:\/\/tucomarca.whitekongsoftware.com\/wp-content\/uploads\/2024\/03\/ChivaClavariaSept3.jpg 886w, https:\/\/tucomarca.whitekongsoftware.com\/wp-content\/uploads\/2024\/03\/ChivaClavariaSept3-300x187.jpg 300w, https:\/\/tucomarca.whitekongsoftware.com\/wp-content\/uploads\/2024\/03\/ChivaClavariaSept3-768x479.jpg 768w\" sizes=\"auto, (max-width: 886px) 100vw, 886px\" \/><\/figure>\n\n\n\n<figure class=\"wp-block-image size-large\"><img loading=\"lazy\" decoding=\"async\" width=\"886\" height=\"541\" data-id=\"213770\" src=\"http:\/\/www.tucomarca.com\/wordpress\/segunda\/wp-content\/uploads\/2024\/03\/ChivaClavariaSept4.jpg\" alt=\"\" class=\"wp-image-213770\" srcset=\"https:\/\/tucomarca.whitekongsoftware.com\/wp-content\/uploads\/2024\/03\/ChivaClavariaSept4.jpg 886w, https:\/\/tucomarca.whitekongsoftware.com\/wp-content\/uploads\/2024\/03\/ChivaClavariaSept4-300x183.jpg 300w, https:\/\/tucomarca.whitekongsoftware.com\/wp-content\/uploads\/2024\/03\/ChivaClavariaSept4-768x469.jpg 768w\" sizes=\"auto, (max-width: 886px) 100vw, 886px\" \/><\/figure>\n\n\n\n<figure class=\"wp-block-image size-large\"><img loading=\"lazy\" decoding=\"async\" width=\"886\" height=\"560\" data-id=\"213772\" src=\"http:\/\/www.tucomarca.com\/wordpress\/segunda\/wp-content\/uploads\/2024\/03\/ChivaClavariaSept5.jpg\" alt=\"\" class=\"wp-image-213772\" srcset=\"https:\/\/tucomarca.whitekongsoftware.com\/wp-content\/uploads\/2024\/03\/ChivaClavariaSept5.jpg 886w, https:\/\/tucomarca.whitekongsoftware.com\/wp-content\/uploads\/2024\/03\/ChivaClavariaSept5-300x190.jpg 300w, https:\/\/tucomarca.whitekongsoftware.com\/wp-content\/uploads\/2024\/03\/ChivaClavariaSept5-768x485.jpg 768w\" sizes=\"auto, (max-width: 886px) 100vw, 886px\" \/><\/figure>\n\n\n\n<figure class=\"wp-block-image size-large\"><img loading=\"lazy\" decoding=\"async\" width=\"886\" height=\"414\" data-id=\"213774\" src=\"http:\/\/www.tucomarca.com\/wordpress\/segunda\/wp-content\/uploads\/2024\/03\/ChivaClavariaSept6.jpg\" alt=\"\" class=\"wp-image-213774\" srcset=\"https:\/\/tucomarca.whitekongsoftware.com\/wp-content\/uploads\/2024\/03\/ChivaClavariaSept6.jpg 886w, https:\/\/tucomarca.whitekongsoftware.com\/wp-content\/uploads\/2024\/03\/ChivaClavariaSept6-300x140.jpg 300w, https:\/\/tucomarca.whitekongsoftware.com\/wp-content\/uploads\/2024\/03\/ChivaClavariaSept6-768x359.jpg 768w\" sizes=\"auto, (max-width: 886px) 100vw, 886px\" \/><\/figure>\n\n\n\n<figure class=\"wp-block-image size-large\"><img loading=\"lazy\" decoding=\"async\" width=\"886\" height=\"414\" data-id=\"213776\" src=\"http:\/\/www.tucomarca.com\/wordpress\/segunda\/wp-content\/uploads\/2024\/03\/ChivaClavariaSept7.jpg\" alt=\"\" class=\"wp-image-213776\" srcset=\"https:\/\/tucomarca.whitekongsoftware.com\/wp-content\/uploads\/2024\/03\/ChivaClavariaSept7.jpg 886w, https:\/\/tucomarca.whitekongsoftware.com\/wp-content\/uploads\/2024\/03\/ChivaClavariaSept7-300x140.jpg 300w, https:\/\/tucomarca.whitekongsoftware.com\/wp-content\/uploads\/2024\/03\/ChivaClavariaSept7-768x359.jpg 768w\" sizes=\"auto, (max-width: 886px) 100vw, 886px\" \/><\/figure>\n<\/figure>\n","protected":false},"excerpt":{"rendered":"<div class=\"mh-excerpt\">El teatre municipal Astoria de Xiva registrat un ple absolut aquest passat cap de setmana durant el tradicional acte de presentaci\u00f3 de la Clavaria de Setembre, protagonistes de les festes en honor a la Verge <a class=\"mh-excerpt-more\" href=\"https:\/\/tucomarca.whitekongsoftware.com\/ca\/fotogaleria-la-clavaria-de-setembre-de-xiva-presenta-als-clavaris-i-clavaries-per-a-la-seues-festes-2024\/\" title=\"Fotogaler\u00eda: la Clavaria de Setembre de Xiva presenta als clavaris i clav\u00e0ries per a la seues festes 2024\">[+] <\/a><\/div>\n","protected":false},"author":12,"featured_media":213779,"comment_status":"open","ping_status":"open","sticky":false,"template":"","format":"gallery","meta":{"footnotes":""},"categories":[10894,10912,11004,11007,11008,10896,10975],"tags":[11195,10914],"class_list":["post-213783","post","type-post","status-publish","format-gallery","has-post-thumbnail","category-la-comarca-ca","category-la-hoya-ca","category-la-semana-en-imagenes-ca","category-ocio-y-cultura-ca","category-pueblos-en-fiestas-ca","category-seccion-ca","category-chiva-ca","tag-chiva-ca","tag-la-hoya-de-bunol-chiva-ca","post_format-post-format-gallery"],"_links":{"self":[{"href":"https:\/\/tucomarca.whitekongsoftware.com\/ca\/wp-json\/wp\/v2\/posts\/213783","targetHints":{"allow":["GET"]}}],"collection":[{"href":"https:\/\/tucomarca.whitekongsoftware.com\/ca\/wp-json\/wp\/v2\/posts"}],"about":[{"href":"https:\/\/tucomarca.whitekongsoftware.com\/ca\/wp-json\/wp\/v2\/types\/post"}],"author":[{"embeddable":true,"href":"https:\/\/tucomarca.whitekongsoftware.com\/ca\/wp-json\/wp\/v2\/users\/12"}],"replies":[{"embeddable":true,"href":"https:\/\/tucomarca.whitekongsoftware.com\/ca\/wp-json\/wp\/v2\/comments?post=213783"}],"version-history":[{"count":0,"href":"https:\/\/tucomarca.whitekongsoftware.com\/ca\/wp-json\/wp\/v2\/posts\/213783\/revisions"}],"wp:featuredmedia":[{"embeddable":true,"href":"https:\/\/tucomarca.whitekongsoftware.com\/ca\/wp-json\/wp\/v2\/media\/213779"}],"wp:attachment":[{"href":"https:\/\/tucomarca.whitekongsoftware.com\/ca\/wp-json\/wp\/v2\/media?parent=213783"}],"wp:term":[{"taxonomy":"category","embeddable":true,"href":"https:\/\/tucomarca.whitekongsoftware.com\/ca\/wp-json\/wp\/v2\/categories?post=213783"},{"taxonomy":"post_tag","embeddable":true,"href":"https:\/\/tucomarca.whitekongsoftware.com\/ca\/wp-json\/wp\/v2\/tags?post=213783"}],"curies":[{"name":"wp","href":"https:\/\/api.w.org\/{rel}","templated":true}]}}