{"id":213684,"date":"2024-03-06T11:00:00","date_gmt":"2024-03-06T10:00:00","guid":{"rendered":"https:\/\/www.tucomarca.com\/wordpress\/segunda\/?p=213684"},"modified":"2024-03-06T23:11:50","modified_gmt":"2024-03-06T22:11:50","slug":"el-club-bunyol-turis-vall-del-alcalans-classifica-a-diverses-dels-seus-gimnastes-per-al-campionat-nacional-base-individual-celebrat-a-almussafes","status":"publish","type":"post","link":"https:\/\/tucomarca.whitekongsoftware.com\/ca\/el-club-bunyol-turis-vall-del-alcalans-classifica-a-diverses-dels-seus-gimnastes-per-al-campionat-nacional-base-individual-celebrat-a-almussafes\/","title":{"rendered":"El Club Bunyol-Tur\u00eds-Vall del Alcalans classifica a diverses dels seus gimnastes per al Campionat Nacional Base individual celebrat a Almussafes"},"content":{"rendered":"\n<p class=\"wp-block-paragraph\">Almussafes ha acollit aquest passat cap de setmana la fase provincial del primer classificatori per al campionat Nacional Base Individual, en el qual s&#8217;han classificat algunes de les gimnastes del Club Bunyol-Tur\u00eds-Vall del Alcalans.<\/p>\n\n\n\n<figure class=\"wp-block-gallery has-nested-images columns-default is-cropped wp-block-gallery-1 is-layout-flex wp-block-gallery-is-layout-flex\">\n<figure class=\"wp-block-image size-large\"><img loading=\"lazy\" decoding=\"async\" width=\"886\" height=\"886\" data-id=\"213678\" src=\"http:\/\/www.tucomarca.com\/wordpress\/segunda\/wp-content\/uploads\/2024\/03\/Gimnastas2.jpg\" alt=\"\" class=\"wp-image-213678\" srcset=\"https:\/\/tucomarca.whitekongsoftware.com\/wp-content\/uploads\/2024\/03\/Gimnastas2.jpg 886w, https:\/\/tucomarca.whitekongsoftware.com\/wp-content\/uploads\/2024\/03\/Gimnastas2-300x300.jpg 300w, https:\/\/tucomarca.whitekongsoftware.com\/wp-content\/uploads\/2024\/03\/Gimnastas2-290x290.jpg 290w, https:\/\/tucomarca.whitekongsoftware.com\/wp-content\/uploads\/2024\/03\/Gimnastas2-768x768.jpg 768w\" sizes=\"auto, (max-width: 886px) 100vw, 886px\" \/><\/figure>\n\n\n\n<figure class=\"wp-block-image size-large\"><img loading=\"lazy\" decoding=\"async\" width=\"886\" height=\"886\" data-id=\"213680\" src=\"http:\/\/www.tucomarca.com\/wordpress\/segunda\/wp-content\/uploads\/2024\/03\/Gimnastas3.jpg\" alt=\"\" class=\"wp-image-213680\" srcset=\"https:\/\/tucomarca.whitekongsoftware.com\/wp-content\/uploads\/2024\/03\/Gimnastas3.jpg 886w, https:\/\/tucomarca.whitekongsoftware.com\/wp-content\/uploads\/2024\/03\/Gimnastas3-300x300.jpg 300w, https:\/\/tucomarca.whitekongsoftware.com\/wp-content\/uploads\/2024\/03\/Gimnastas3-290x290.jpg 290w, https:\/\/tucomarca.whitekongsoftware.com\/wp-content\/uploads\/2024\/03\/Gimnastas3-768x768.jpg 768w\" sizes=\"auto, (max-width: 886px) 100vw, 886px\" \/><\/figure>\n<\/figure>\n\n\n\n<p class=\"wp-block-paragraph\">&#8220;Ha sigut un dia de molts nervis i tensi\u00f3 que ha durat tota la jornada del diumenge. Hem viscut moments molt bons, per\u00f2 tamb\u00e9 tristos. Aquest club ha estat treballant intensament durant mesos i acudint a tornejos amistosos, tant nacionals com internacionals, perqu\u00e8 totes les nostres gimnastes pogueren perfeccionar els exercicis que presentaran a aquestes fases de classificaci\u00f3. En general va ser un gran dia, productiu i una experi\u00e8ncia m\u00e9s per a totes les gimnastes i t\u00e8cnics que all\u00ed vam ser presents\u201d, expliquen des del club.<\/p>\n\n\n\n<p class=\"wp-block-paragraph\">\u201cEnviem una immensa abra\u00e7ada a Inma Juan (Juvenil 2008) i Rita Folch (Cadet 2010) els qui s&#8217;enfrontaven a dues categories amb m\u00e9s de 40 gimnastes de la comunitat i finalment es van quedar a les portes de la classificaci\u00f3\u201d, finalitzaven les components.<\/p>\n\n\n\n<p class=\"wp-block-paragraph\">Les gimnastes classificades han sigut:<\/p>\n\n\n\n<p class=\"wp-block-paragraph\">-Nayra Ferrer 9a (Alev\u00ed 2014)<br>-Luc\u00eda Santos 11a (Juvenil 2006)<br>-Martina Simon 6a (Juvenil)<br>-Paola Iranzo 6a (Cadet 2010)<br>-Alba Gim\u00e9nez 10a (Cadet 2010)<br>-Irene Bosch 6a (Infantil 2011)<br>-Ana M\u00aa Hodoroaba 5\u00b0 (Benjam\u00edn 2015)<\/p>\n\n\n\n<p class=\"wp-block-paragraph\">Destacar el bon fer de les nostres gimnastes medallistes:<\/p>\n\n\n\n<p class=\"wp-block-paragraph\">Elvira Ponce. Campiona Provincial Juvenil<br>Amaia Fuertes. Subcampiona Provincial Cadet 2010<br>Olivia Ferriol. Tercera Classificada Provincial Benjam\u00edn<\/p>\n","protected":false},"excerpt":{"rendered":"<div class=\"mh-excerpt\">Almussafes ha acollit aquest passat cap de setmana la fase provincial del primer classificatori per al campionat Nacional Base Individual, en el qual s&#8217;han classificat algunes de les gimnastes del Club Bunyol-Tur\u00eds-Vall del Alcalans. &#8220;Ha <a class=\"mh-excerpt-more\" href=\"https:\/\/tucomarca.whitekongsoftware.com\/ca\/el-club-bunyol-turis-vall-del-alcalans-classifica-a-diverses-dels-seus-gimnastes-per-al-campionat-nacional-base-individual-celebrat-a-almussafes\/\" title=\"El Club Bunyol-Tur\u00eds-Vall del Alcalans classifica a diverses dels seus gimnastes per al Campionat Nacional Base individual celebrat a Almussafes\">[+] <\/a><\/div>\n","protected":false},"author":12,"featured_media":213677,"comment_status":"open","ping_status":"open","sticky":false,"template":"","format":"image","meta":{"footnotes":""},"categories":[10911,11003,10912,10902,11009,10896,11047],"tags":[12726,10914],"class_list":["post-213684","post","type-post","status-publish","format-image","has-post-thumbnail","category-bunol-ca","category-sports","category-la-hoya-ca","category-la-ribera-ca","category-polideportivo-ca","category-seccion-ca","category-turis-ca","tag-club-gimnasia-ritmica-bunol-turis-vall-dels-alcalans-ca","tag-la-hoya-de-bunol-chiva-ca","post_format-post-format-image"],"_links":{"self":[{"href":"https:\/\/tucomarca.whitekongsoftware.com\/ca\/wp-json\/wp\/v2\/posts\/213684","targetHints":{"allow":["GET"]}}],"collection":[{"href":"https:\/\/tucomarca.whitekongsoftware.com\/ca\/wp-json\/wp\/v2\/posts"}],"about":[{"href":"https:\/\/tucomarca.whitekongsoftware.com\/ca\/wp-json\/wp\/v2\/types\/post"}],"author":[{"embeddable":true,"href":"https:\/\/tucomarca.whitekongsoftware.com\/ca\/wp-json\/wp\/v2\/users\/12"}],"replies":[{"embeddable":true,"href":"https:\/\/tucomarca.whitekongsoftware.com\/ca\/wp-json\/wp\/v2\/comments?post=213684"}],"version-history":[{"count":0,"href":"https:\/\/tucomarca.whitekongsoftware.com\/ca\/wp-json\/wp\/v2\/posts\/213684\/revisions"}],"wp:featuredmedia":[{"embeddable":true,"href":"https:\/\/tucomarca.whitekongsoftware.com\/ca\/wp-json\/wp\/v2\/media\/213677"}],"wp:attachment":[{"href":"https:\/\/tucomarca.whitekongsoftware.com\/ca\/wp-json\/wp\/v2\/media?parent=213684"}],"wp:term":[{"taxonomy":"category","embeddable":true,"href":"https:\/\/tucomarca.whitekongsoftware.com\/ca\/wp-json\/wp\/v2\/categories?post=213684"},{"taxonomy":"post_tag","embeddable":true,"href":"https:\/\/tucomarca.whitekongsoftware.com\/ca\/wp-json\/wp\/v2\/tags?post=213684"}],"curies":[{"name":"wp","href":"https:\/\/api.w.org\/{rel}","templated":true}]}}