{"id":213634,"date":"2024-03-06T13:00:00","date_gmt":"2024-03-06T12:00:00","guid":{"rendered":"https:\/\/www.tucomarca.com\/wordpress\/segunda\/?p=213634"},"modified":"2024-03-06T22:58:11","modified_gmt":"2024-03-06T21:58:11","slug":"la-diputacio-facilita-lexecucio-del-pla-obert-a-76-municipis-de-la-ribera-alta-la-ribera-baixa-lhorta-sud-i-el-valle-de-aiora-cofrents","status":"publish","type":"post","link":"https:\/\/tucomarca.whitekongsoftware.com\/ca\/la-diputacio-facilita-lexecucio-del-pla-obert-a-76-municipis-de-la-ribera-alta-la-ribera-baixa-lhorta-sud-i-el-valle-de-aiora-cofrents\/","title":{"rendered":"La Diputaci\u00f3 facilita l&#8217;execuci\u00f3 del Pla Obert a 76 municipis de la Ribera Alta, la Ribera Baixa, l&#8217;Horta Sud i el Valle de Aiora-Cofrents"},"content":{"rendered":"\n<h3 class=\"wp-block-heading\">El president, Vicent Momp\u00f3, i la vicepresidenta Nat\u00e0lia Enguix participen en Carcaixent en l&#8217;\u00faltima jornada t\u00e8cnica per a acostar a les comarques el major programa inversor de la hist\u00f2ria de la corporaci\u00f3 provincial<br>Personal t\u00e8cnic de l&#8217;\u00e0rea de Cooperaci\u00f3 que dirigix Enguix resol les q\u00fcestions plantejades pels responsables locals sobre un pla que busca construir \u201cespais humans, sostenibles i igualitaris\u201d<\/h3>\n\n\n\n<figure class=\"wp-block-image size-large\"><img loading=\"lazy\" decoding=\"async\" width=\"1024\" height=\"380\" src=\"http:\/\/www.tucomarca.com\/wordpress\/segunda\/wp-content\/uploads\/2024\/03\/PlaObertCarcaixent-1024x380.jpg\" alt=\"\" class=\"wp-image-213630\" srcset=\"https:\/\/tucomarca.whitekongsoftware.com\/wp-content\/uploads\/2024\/03\/PlaObertCarcaixent-1024x380.jpg 1024w, https:\/\/tucomarca.whitekongsoftware.com\/wp-content\/uploads\/2024\/03\/PlaObertCarcaixent-300x111.jpg 300w, https:\/\/tucomarca.whitekongsoftware.com\/wp-content\/uploads\/2024\/03\/PlaObertCarcaixent-768x285.jpg 768w, https:\/\/tucomarca.whitekongsoftware.com\/wp-content\/uploads\/2024\/03\/PlaObertCarcaixent-1536x570.jpg 1536w, https:\/\/tucomarca.whitekongsoftware.com\/wp-content\/uploads\/2024\/03\/PlaObertCarcaixent-2048x760.jpg 2048w\" sizes=\"auto, (max-width: 1024px) 100vw, 1024px\" \/><\/figure>\n\n\n\n<p class=\"wp-block-paragraph\">El president de la Diputaci\u00f3 de Val\u00e8ncia, Vicent Momp\u00f3, i la vicepresidenta primera i responsable de Cooperaci\u00f3, Nat\u00e0lia Enguix, han obert este dimecres a Carcaixent l&#8217;\u00faltima de les jornades t\u00e8cniques per a facilitar als responsables locals l&#8217;execuci\u00f3 del Pla Obert d\u2019Inversions. La sala Calzada Events ha acollit una trobada en la qual alcaldes, alcaldesses i personal t\u00e8cnic dels ajuntaments de la Ribera Alta, la Ribera Baixa, l&#8217;Horta Sud i el Valle de Ayora-Cofrentes han plantejat les seues consultes sobre el major programa inversor de la Diputaci\u00f3, amb 340 milions per als municipis i 10 per a les mancomunitats en els pr\u00f2xims quatre anys.<\/p>\n\n\n\n<p class=\"wp-block-paragraph\">El president Momp\u00f3 ha agra\u00eft la pres\u00e8ncia de representants de fins a 76 municipis, la qual cosa demostra \u201cla connexi\u00f3 entre la Diputaci\u00f3 i les comarques valencianes\u201d. A m\u00e9s de posar-se a la disposici\u00f3 dels alcaldes i alcaldesses per a facilitar-los el treball, Vicent Momp\u00f3 ha assenyalat que \u201cla millor manera d&#8217;eliminar burocr\u00e0cia \u00e9s no crear nova burocr\u00e0cia, en la intenci\u00f3 de ser m\u00e9s \u00e0gils i eficients\u201d. \u201cVolem ajudar els ajuntaments a executar els seus projectes i que es quede en els municipis fins a l&#8217;\u00faltim c\u00e8ntim dels diners que els arriben de la Diputaci\u00f3\u201d, ha afegit Momp\u00f3.<\/p>\n\n\n\n<p class=\"wp-block-paragraph\">El president ha destacat del Pla Obert que els alcaldes \u201cno hem de fer un exercici de futurologia, com succe\u00efa en anteriors plans, en els quals no tenies molt de temps per a decidir a qu\u00e8 es destinaven les inversions\u201d. En este sentit, Momp\u00f3 ha assegurat que \u201cl&#8217;ampliaci\u00f3 de terminis i tindre a disposici\u00f3 els recursos en tot moment permet no sols planificar, sin\u00f3 fer front a qualsevol conting\u00e8ncia que puga apar\u00e9ixer en el cam\u00ed, com hem vist en la pand\u00e8mia, incendis i danes\u201d.<\/p>\n\n\n\n<p class=\"wp-block-paragraph\">Per part seua, la vicepresidenta Enguix ha posat l&#8217;accent que el Pla Obert \u201c\u00e9s el programa inversor amb la major dotaci\u00f3 econ\u00f2mica en la hist\u00f2ria de la Diputaci\u00f3, la qual cosa permetr\u00e0 als ajuntaments disposar de m\u00e9s diners del que han tingut mai per a millorar les seues instal\u00b7lacions i serveis\u201d. La responsable de Cooperaci\u00f3 recorda que la primera convocat\u00f2ria de l&#8217;any eixir\u00e0 a l&#8217;abril i que des de l&#8217;\u00e0rea que dirigix es far\u00e0 \u201ctot el que estiga a les nostres mans per a millorar uns nivells d&#8217;execuci\u00f3 que, en el cas de l&#8217;\u00faltim pla de l&#8217;anterior govern, encara t\u00e9 100 milions d&#8217;euros pendents d&#8217;executar\u201d.<\/p>\n\n\n\n<p class=\"wp-block-paragraph\">En estes jornades, la Diputaci\u00f3 pret\u00e9n \u201cexplicar el funcionament i la tramitaci\u00f3 del pla i con\u00e9ixer tant els dubtes com les inquietuds del personal que ha de portar avant els projectes subvencionats per l&#8217;ens provincial, amb l&#8217;objectiu de resoldre totes eixes q\u00fcestions i quedar a la disposici\u00f3 dels municipis per a ajudar-los en el proc\u00e9s d&#8217;execuci\u00f3 de les obres\u201d, ha apuntat Enguix, qui ha valorat la implicaci\u00f3 dels responsables locals en les jornades, la qual cosa demostra que \u201cper damunt de partits i ideologies, el municipalisme parla un mateix llenguatge i compartix necessitats\u201d.<\/p>\n\n\n\n<figure class=\"wp-block-image size-full\"><img loading=\"lazy\" decoding=\"async\" width=\"886\" height=\"576\" src=\"http:\/\/www.tucomarca.com\/wordpress\/segunda\/wp-content\/uploads\/2024\/03\/PlaObertCarcaixent2.jpg\" alt=\"\" class=\"wp-image-213626\" srcset=\"https:\/\/tucomarca.whitekongsoftware.com\/wp-content\/uploads\/2024\/03\/PlaObertCarcaixent2.jpg 886w, https:\/\/tucomarca.whitekongsoftware.com\/wp-content\/uploads\/2024\/03\/PlaObertCarcaixent2-300x195.jpg 300w, https:\/\/tucomarca.whitekongsoftware.com\/wp-content\/uploads\/2024\/03\/PlaObertCarcaixent2-768x499.jpg 768w\" sizes=\"auto, (max-width: 886px) 100vw, 886px\" \/><\/figure>\n\n\n\n<p class=\"wp-block-paragraph\"><strong>La legislatura de l&#8217;aigua<\/strong><\/p>\n\n\n\n<p class=\"wp-block-paragraph\">Enguix i Momp\u00f3 coincidixen a batejar esta nova etapa com \u201cla legislatura de l&#8217;aigua\u201d, en refer\u00e8ncia no sols a les ajudes que arribaran als consistoris des de l&#8217;\u00e0rea del cicle integral que dirigix Paco Comes, sin\u00f3 a la inclusi\u00f3 de les actuacions h\u00eddriques com a part important del Pla Obert, ja que els municipis \u201chauran de destinar almenys un 10% dels diners que reben de la Diputaci\u00f3 a les obres de millora de la xarxa d&#8217;aigua potable, un b\u00e9 de primera necessitat que no podem oblidar per responsabilitat amb els ciutadans\u201d.<\/p>\n\n\n\n<p class=\"wp-block-paragraph\">A continuaci\u00f3, l&#8217;equip t\u00e8cnic encap\u00e7alat per Pedro Domingo i compost per Ll\u00facia Imbern\u00f3n, Jorge Gil, Mar\u00eda Arg\u00fcelles i Jorge Cu\u00f1at ha donat resposta a les q\u00fcestions plantejades pels responsables dels 76 ajuntaments convocats, algunes d&#8217;elles vinculades amb l&#8217;aigua i la resta d&#8217;incentius del Pla Obert, per\u00f2 tamb\u00e9 sobre els terminis de presentaci\u00f3 i convocat\u00f2ries anuals, els projectes subvencionables al cent per cent, les pr\u00f2rrogues d&#8217;obres incloses en anteriors plans que no van poder executar-se en el temps establit o el nou pla de nuclis que va anunciar la vicepresidenta Enguix i que veur\u00e0 la llum quan s&#8217;actualitze el padr\u00f3.<\/p>\n\n\n\n<p class=\"wp-block-paragraph\">Els t\u00e8cnics de l&#8217;\u00e0rea de Cooperaci\u00f3 han instat els alcaldes i alcaldesses, aix\u00ed com al personal dels ajuntaments que s&#8217;encarregue dels processos, a consultar telef\u00f2nicament qualsevol dubte que tinguen respecte al pla i als projectes que desitgen presentar, per a assegurar-se que no sorgixen obstacles durant les tramitacions i es perd temps de gesti\u00f3. Recorden que la major part de les actuacions \u201cpoden ser subvencionables al cent per cent, b\u00e9 per estar incloses en l&#8217;Agenda 2030 i els Objectius de Desenvolupament, o per estar relacionades amb el cicle de l&#8217;aigua, les zones verdes, l&#8217;urbanisme sostenible o les instal\u00b7lacions esportives\u201d.<\/p>\n\n\n\n<p class=\"wp-block-paragraph\">L&#8217;amfitriona de la trobada, Carolina Almi\u00f1ana, valora molt positivament la flexibilitat d&#8217;un programa inversor que \u201cno t&#8217;obliga a decidir des del principi a qu\u00e8 es destinaran els diners, la qual cosa oferix la possibilitat de fer front a circumst\u00e0ncies sobrevingudes\u201d. L&#8217;alcaldessa de Carcaixent considera que \u201cun pla obert permet aprofitar molt millor els recursos que ens arriben als municipis de la Diputaci\u00f3, perqu\u00e8 es poden planificar les inversions i sobre la marxa anar adaptant-les a les necessitats que poden sorgir en qualsevol moment\u201d.<\/p>\n\n\n\n<p class=\"wp-block-paragraph\"><strong>La Ribera, l&#8217;Horta Sud i el Valle de Ayora<\/strong><\/p>\n\n\n\n<p class=\"wp-block-paragraph\">Un total de 76 ajuntaments de la Ribera Alta, la Ribera Baixa, l&#8217;Horta Sud i el Valle de Ayora-Cofrentes han sigut convocats a la quarta i \u00faltima jornada t\u00e8cnica per a acostar el Pla Obert a les comarques. En xifres, els 36 municipis de la Ribera Alta es repartiran 47,5 milions d&#8217;euros en els pr\u00f2xims quatre anys, 8,6 milions m\u00e9s que en l&#8217;anterior legislatura; la Ribera Baixa t\u00e9 assignats 19,1 milions, 3,4 m\u00e9s; l&#8217;Horta Sud 39,4 milions, 7,2 m\u00e9s que amb els \u00faltims plans de l&#8217;anterior executiu; i el Valel de Ayora-Cofrentes 8,2 milions, 1,4 m\u00e9s que amb els plans bianuals de l&#8217;anterior legislatura.<\/p>\n\n\n\n<p class=\"wp-block-paragraph\">Tots els municipis disposaran de m\u00e9s diners amb el nou programa inversor de la Diputaci\u00f3, mentre que Torrent, com ve succeint en els \u00faltims plans, disposar\u00e0 d&#8217;altres l\u00ednies d&#8217;inversi\u00f3 per la seua condici\u00f3 de gran ciutat.<\/p>\n\n\n\n<p class=\"wp-block-paragraph\">Els alcaldes i alcaldesses coincidixen en la major flexibilitat d&#8217;un pla que els dona m\u00e9s facilitats a l&#8217;hora de planificar i executar els projectes, al mateix temps que agra\u00efxen l&#8217;acostament del nou govern provincial als municipis i comarques.<\/p>\n\n\n\n<p class=\"wp-block-paragraph\">La ruta comarcal del president i la vicepresidenta per a explicar el Pla Obert als 264 ajuntaments beneficiaris ha concl\u00f2s a Carcaixent, a la Ribera Alta, despr\u00e9s d&#8217;arrancar a B\u00e9tera, Camp de T\u00faria, i fer escala a Ontinyent, capital de la Vall d&#8217;Albaida, i Bu\u00f1ol, municipi que dona nom a la comarca de l\u2019Hoya.<\/p>\n\n\n\n<p class=\"wp-block-paragraph\"><strong>Pla Obert d\u2019Inversions<\/strong><\/p>\n\n\n\n<p class=\"wp-block-paragraph\">El nou Pla Obert d\u2019Inversions de la Diputaci\u00f3 de Val\u00e8ncia comptar\u00e0 amb tres convocat\u00f2ries anuals d&#8217;acceptaci\u00f3 dels projectes, que ja poden presentar els ajuntaments una vegada aprovat el pla al gener, sis mesos abans del que es va aprovar el Pla d&#8217;Inversions 2022-23. El programa mant\u00e9 l&#8217;autonomia d&#8217;alcaldes i alcaldesses per a decidir les actuacions que necessiten els seus municipis, al mateix temps que incentiva les millores en les xarxes d&#8217;aigua potable, les iniciatives d&#8217;urbanisme amb perspectiva de g\u00e8nere i, en general, els projectes innovadors i arriscats que transformen les comarques valencianes. Els millors projectes, des del punt de vista de les bones pr\u00e0ctiques, seran reconeguts anualment per la Diputaci\u00f3.<\/p>\n\n\n\n<p class=\"wp-block-paragraph\">Els problemes detectats en els anteriors plans d&#8217;inversi\u00f3 \u201cs&#8217;han tingut molt en compte a l&#8217;hora d&#8217;aprovar el nou Pla Obert, un programa quadriennal que no sols recull el major esfor\u00e7 inversor en la hist\u00f2ria de la Diputaci\u00f3, sin\u00f3 que oferix als ajuntaments tot tipus de facilitats per a planificar les seues necessitats i presentar-les en qualsevol moment, contribuint al fet que no es precipiten a l&#8217;hora de decidir les obres i sobretot a executar-les de la manera m\u00e9s \u00e0gil possible una vegada estiguen aprovades\u201d, conclou Enguix.<\/p>\n","protected":false},"excerpt":{"rendered":"<div class=\"mh-excerpt\">El president, Vicent Momp\u00f3, i la vicepresidenta Nat\u00e0lia Enguix participen en Carcaixent en l&#8217;\u00faltima jornada t\u00e8cnica per a acostar a les comarques el major programa inversor de la hist\u00f2ria de la corporaci\u00f3 provincialPersonal t\u00e8cnic de <a class=\"mh-excerpt-more\" href=\"https:\/\/tucomarca.whitekongsoftware.com\/ca\/la-diputacio-facilita-lexecucio-del-pla-obert-a-76-municipis-de-la-ribera-alta-la-ribera-baixa-lhorta-sud-i-el-valle-de-aiora-cofrents\/\" title=\"La Diputaci\u00f3 facilita l&#8217;execuci\u00f3 del Pla Obert a 76 municipis de la Ribera Alta, la Ribera Baixa, l&#8217;Horta Sud i el Valle de Aiora-Cofrents\">[+] <\/a><\/div>\n","protected":false},"author":12,"featured_media":213629,"comment_status":"open","ping_status":"open","sticky":false,"template":"","format":"image","meta":{"footnotes":""},"categories":[10951,10898,10948,10894,10902,10947,10896],"tags":[11246,19988,11356,11440],"class_list":["post-213634","post","type-post","status-publish","format-image","has-post-thumbnail","category-ayora-cofrentes-ca","category-ventana-ca","category-infraestructuras-ca","category-la-comarca-ca","category-la-ribera-ca","category-politica","category-seccion-ca","tag-diputacio-de-valencia-ca","tag-pla-obert-dinversions-ca","tag-ribera-alta-ca","tag-valle-de-ayora-cofrentes-ca","post_format-post-format-image"],"_links":{"self":[{"href":"https:\/\/tucomarca.whitekongsoftware.com\/ca\/wp-json\/wp\/v2\/posts\/213634","targetHints":{"allow":["GET"]}}],"collection":[{"href":"https:\/\/tucomarca.whitekongsoftware.com\/ca\/wp-json\/wp\/v2\/posts"}],"about":[{"href":"https:\/\/tucomarca.whitekongsoftware.com\/ca\/wp-json\/wp\/v2\/types\/post"}],"author":[{"embeddable":true,"href":"https:\/\/tucomarca.whitekongsoftware.com\/ca\/wp-json\/wp\/v2\/users\/12"}],"replies":[{"embeddable":true,"href":"https:\/\/tucomarca.whitekongsoftware.com\/ca\/wp-json\/wp\/v2\/comments?post=213634"}],"version-history":[{"count":0,"href":"https:\/\/tucomarca.whitekongsoftware.com\/ca\/wp-json\/wp\/v2\/posts\/213634\/revisions"}],"wp:featuredmedia":[{"embeddable":true,"href":"https:\/\/tucomarca.whitekongsoftware.com\/ca\/wp-json\/wp\/v2\/media\/213629"}],"wp:attachment":[{"href":"https:\/\/tucomarca.whitekongsoftware.com\/ca\/wp-json\/wp\/v2\/media?parent=213634"}],"wp:term":[{"taxonomy":"category","embeddable":true,"href":"https:\/\/tucomarca.whitekongsoftware.com\/ca\/wp-json\/wp\/v2\/categories?post=213634"},{"taxonomy":"post_tag","embeddable":true,"href":"https:\/\/tucomarca.whitekongsoftware.com\/ca\/wp-json\/wp\/v2\/tags?post=213634"}],"curies":[{"name":"wp","href":"https:\/\/api.w.org\/{rel}","templated":true}]}}