{"id":213528,"date":"2024-03-05T10:00:00","date_gmt":"2024-03-05T09:00:00","guid":{"rendered":"https:\/\/www.tucomarca.com\/wordpress\/segunda\/?p=213528"},"modified":"2024-03-05T19:51:04","modified_gmt":"2024-03-05T18:51:04","slug":"riba-roja-formara-als-seus-treballadors-i-empleats-publics-en-la-deteccio-i-lluita-contra-la-corrupcio-els-conflictes-dinteressos-i-les-accions-contra-el-frau","status":"publish","type":"post","link":"https:\/\/tucomarca.whitekongsoftware.com\/ca\/riba-roja-formara-als-seus-treballadors-i-empleats-publics-en-la-deteccio-i-lluita-contra-la-corrupcio-els-conflictes-dinteressos-i-les-accions-contra-el-frau\/","title":{"rendered":"Riba-roja formar\u00e0 als seus treballadors i empleats p\u00fablics en la detecci\u00f3 i lluita contra la corrupci\u00f3, els conflictes d&#8217;interessos i les accions contra el frau"},"content":{"rendered":"\n<h3 class=\"wp-block-heading\">El ple aprova per unanimitat de tots els seus integrants un pla local de comunicaci\u00f3 intern i mesures de prevenci\u00f3 contra situacions fraudulentes.<\/h3>\n\n\n\n<p class=\"wp-block-paragraph\">El ple municipal de Riba-roja de T\u00faria ha aprovat l&#8217;elaboraci\u00f3 d&#8217;un pla de comunicaci\u00f3 intern que permeta als empleats i treballadors p\u00fablics con\u00e9ixer la pol\u00edtica antifrau de l&#8217;administraci\u00f3 local. La proposta municipal ha comptat amb el suport un\u00e0nime de tots els partits amb representaci\u00f3 p\u00fablica, com el PSPV, el Partit Popular, Comprom\u00eds, Esquerra Unida-Podem i Vox.<\/p>\n\n\n\n<p class=\"wp-block-paragraph\">L&#8217;acord plenari considera important elaborar el citat pla de comunicaci\u00f3 que reculla el codi de conducta, el contingut del pla antifrau, pol\u00edtica de regals i totes aquelles q\u00fcestions d&#8217;inter\u00e9s, amb una especial atenci\u00f3 a la implantaci\u00f3 d&#8217;un portal intern o intranet o la posada en marxa d&#8217;un correu electr\u00f2nic o una reuni\u00f3 explicativa en funci\u00f3 de les necessitats de cada administraci\u00f3.<\/p>\n\n\n\n<p class=\"wp-block-paragraph\">Es dotar\u00e0 al personal p\u00fablic de les compet\u00e8ncies necess\u00e0ries per a poder comunicar i informar de manera reeixida de manera que es pose en marxa una major sensibilitzaci\u00f3 perqu\u00e8 entre tots prenguen consci\u00e8ncia de la necessitat de lluitar contra el frau, la corrupci\u00f3 i el conflicte d&#8217;interessos. A m\u00e9s, els empleats p\u00fablics hauran d&#8217;identificar i respondre als presumptes casos en els quals es materialitzen els possibles riscos.<\/p>\n\n\n\n<p class=\"wp-block-paragraph\">El pla de comunicaci\u00f3 2024-2025 suposar\u00e0 la posada en marxa d&#8217;altres iniciatives com a informaci\u00f3 peri\u00f2dica a trav\u00e9s del portal del portal de l&#8217;empleat p\u00fablic, publicaci\u00f3 principals accions realitzades en la web municipal, realitzaci\u00f3 d&#8217;una newsletter semestral amb les principals accions, publicaci\u00f3 de la formaci\u00f3 oferida a les empleades p\u00fabliques, realitzaci\u00f3 d&#8217;enquestes de clima \u00e8tic de l&#8217;organitzaci\u00f3, publicaci\u00f3 en la web municipal de l&#8217;informe anual del comit\u00e9 antifrau o publicaci\u00f3 de preguntes freq\u00fcentes, entre altres.<\/p>\n\n\n\n<p class=\"wp-block-paragraph\">El programa municipal aprovat pel ple municipal inclou, tamb\u00e9, un pla de formaci\u00f3 \u201cresponsive\u201d i adaptat a les necessitats, emp\u00e0tic amb el destinatari, en ocasions en l\u00ednia i en altres presencial, en funci\u00f3 dels destinataris. Quant a contingut de les accions, destaquen algunes com la definici\u00f3 de frau, corrupci\u00f3, conflicte d&#8217;interessos i doble finan\u00e7ament, impacte de les conductes negatives en l&#8217;\u00e0mbit econ\u00f2mic i operatiu, mecanismes per a comunicar situacions irregulars o exist\u00e8ncia d&#8217;un r\u00e8gim disciplinari aplicable als empleats p\u00fablics.<\/p>\n\n\n\n<p class=\"wp-block-paragraph\">En mat\u00e8ria d&#8217;accions formatives se centren en les p\u00edndoles formatives, un taller de prevenci\u00f3 i gesti\u00f3 dels conflictes d&#8217;interessos estructurat en un plantejament general i en una classe pr\u00e0ctica i, finalment, un sistema intern d&#8217;informaci\u00f3 i car\u00e0cter preceptiu en administracions locals i en empreses privades de m\u00e9s de 50 treballadors com a suport per al compliment de l&#8217;obligaci\u00f3 legal de denunciar les accions fraudulentes.<\/p>\n\n\n\n<p class=\"wp-block-paragraph\">Finalment, el pla de comunicaci\u00f3 interna incideix en la formaci\u00f3 del personal de l&#8217;administraci\u00f3 com la via per a augmentar la sensibilitzaci\u00f3 de tots els integrants de l&#8217;entitat en l&#8217;objectiu final de lluitar contra el frau, la corrupci\u00f3 i el conflicte d&#8217;interessos. D&#8217;aquesta manera, els empleats i treballadors p\u00fablics tindran la suficient capacitaci\u00f3 per a identificar i respondre als presumptes casos.<\/p>\n\n\n\n<p class=\"wp-block-paragraph\">L&#8217;alcalde de Riba-roja de T\u00faria, Robert Raga, ha assenyalat que aquest pla de comunicaci\u00f3 \u201csuposa un pas m\u00e9s en el cam\u00ed que vam emprendre fa uns anys per a dotar a l&#8217;administraci\u00f3 amb tots els mecanismes possibles per a garantir la transpar\u00e8ncia, la participaci\u00f3 i neteja en tots els processos de la gesti\u00f3 di\u00e0ria, fins al punt que som pioners a implantar totes les eines possibles per a aconseguir l&#8217;objectiu final d&#8217;aconseguir una administraci\u00f3 \u00edntegra i al servei del ciutad\u00e0\u201d.<\/p>\n\n\n\n<p class=\"wp-block-paragraph\"><\/p>\n","protected":false},"excerpt":{"rendered":"<div class=\"mh-excerpt\">El ple aprova per unanimitat de tots els seus integrants un pla local de comunicaci\u00f3 intern i mesures de prevenci\u00f3 contra situacions fraudulentes. El ple municipal de Riba-roja de T\u00faria ha aprovat l&#8217;elaboraci\u00f3 d&#8217;un pla <a class=\"mh-excerpt-more\" href=\"https:\/\/tucomarca.whitekongsoftware.com\/ca\/riba-roja-formara-als-seus-treballadors-i-empleats-publics-en-la-deteccio-i-lluita-contra-la-corrupcio-els-conflictes-dinteressos-i-les-accions-contra-el-frau\/\" title=\"Riba-roja formar\u00e0 als seus treballadors i empleats p\u00fablics en la detecci\u00f3 i lluita contra la corrupci\u00f3, els conflictes d&#8217;interessos i les accions contra el frau\">[+] <\/a><\/div>\n","protected":false},"author":12,"featured_media":166828,"comment_status":"open","ping_status":"open","sticky":false,"template":"","format":"standard","meta":{"footnotes":""},"categories":[10892,10948,10894,10947,10906,10896],"tags":[10899,15024],"class_list":["post-213528","post","type-post","status-publish","format-standard","has-post-thumbnail","category-camp-de-turia-ca","category-infraestructuras-ca","category-la-comarca-ca","category-politica","category-riba-roja-ca","category-seccion-ca","tag-camp-de-turia-ca","tag-riba-roja-de-turia-ca"],"_links":{"self":[{"href":"https:\/\/tucomarca.whitekongsoftware.com\/ca\/wp-json\/wp\/v2\/posts\/213528","targetHints":{"allow":["GET"]}}],"collection":[{"href":"https:\/\/tucomarca.whitekongsoftware.com\/ca\/wp-json\/wp\/v2\/posts"}],"about":[{"href":"https:\/\/tucomarca.whitekongsoftware.com\/ca\/wp-json\/wp\/v2\/types\/post"}],"author":[{"embeddable":true,"href":"https:\/\/tucomarca.whitekongsoftware.com\/ca\/wp-json\/wp\/v2\/users\/12"}],"replies":[{"embeddable":true,"href":"https:\/\/tucomarca.whitekongsoftware.com\/ca\/wp-json\/wp\/v2\/comments?post=213528"}],"version-history":[{"count":0,"href":"https:\/\/tucomarca.whitekongsoftware.com\/ca\/wp-json\/wp\/v2\/posts\/213528\/revisions"}],"wp:featuredmedia":[{"embeddable":true,"href":"https:\/\/tucomarca.whitekongsoftware.com\/ca\/wp-json\/wp\/v2\/media\/166828"}],"wp:attachment":[{"href":"https:\/\/tucomarca.whitekongsoftware.com\/ca\/wp-json\/wp\/v2\/media?parent=213528"}],"wp:term":[{"taxonomy":"category","embeddable":true,"href":"https:\/\/tucomarca.whitekongsoftware.com\/ca\/wp-json\/wp\/v2\/categories?post=213528"},{"taxonomy":"post_tag","embeddable":true,"href":"https:\/\/tucomarca.whitekongsoftware.com\/ca\/wp-json\/wp\/v2\/tags?post=213528"}],"curies":[{"name":"wp","href":"https:\/\/api.w.org\/{rel}","templated":true}]}}