{"id":213495,"date":"2024-03-05T11:00:00","date_gmt":"2024-03-05T10:00:00","guid":{"rendered":"https:\/\/www.tucomarca.com\/wordpress\/segunda\/?p=213495"},"modified":"2024-03-05T16:02:29","modified_gmt":"2024-03-05T15:02:29","slug":"la-guardia-civil-localitza-a-monserrat-una-dona-de-82-anys-amb-alzheimer-que-shavia-desorientat","status":"publish","type":"post","link":"https:\/\/tucomarca.whitekongsoftware.com\/ca\/la-guardia-civil-localitza-a-monserrat-una-dona-de-82-anys-amb-alzheimer-que-shavia-desorientat\/","title":{"rendered":"La Gu\u00e0rdia Civil localitza a Monserrat una dona de 82 anys amb alzheimer que s&#8217;havia desorientat"},"content":{"rendered":"\n<h3 class=\"wp-block-heading\">La fam\u00edlia de l&#8217;auxiliada va donar av\u00eds en adonar-se de la desaparici\u00f3 d&#8217;aquesta i de la seua delicada situaci\u00f3 de salut.<\/h3>\n\n\n\n<h3 class=\"wp-block-heading\">Va ser localitzada de matinada en una zona rural de dif\u00edcil acc\u00e9s amb temperatures de 3 graus portant tan sols bat\u00ed i esclops.<\/h3>\n\n\n\n<p class=\"wp-block-paragraph\">La Gu\u00e0rdia Civil de Val\u00e8ncia ha localitzat de matinada en una zona rural a una dona de 82 anys que pateix alzheimer.\u00a0<\/p>\n\n\n\n<p class=\"wp-block-paragraph\">A les 0,30 hores del passat dia 29 es rep av\u00eds per part dels fills de la desaparici\u00f3 de la seua mare de 82 anys d&#8217;edat. Un dels fills, convivent amb l&#8217;auxiliada, es va donar compte en despertar-se de matinada que les llums de la seua casa estaven enceses i la porta de la casa estava oberta, no estant la seua mare en l&#8217;habitatge. El fill informa els agents que pateix alzheimer, no porta roba d&#8217;abric i t\u00e9 problemes respiratoris. La zona en la qual resideixen \u00e9s una zona rural allunyada del nucli urb\u00e0. Tot aix\u00f2 fa saltar les alarmes dels agents.\u00a0<\/p>\n\n\n\n<p class=\"wp-block-paragraph\">Davant el temps transcorregut des de la seua desaparici\u00f3 i la gravetat de la situaci\u00f3 (la vestimenta que portava, la temperatura de 3 graus i la inexist\u00e8ncia de llum artificial en la zona) s&#8217;organitza un dispositiu de cerca al costat de Policia Local de Montserrat.&nbsp;<\/p>\n\n\n\n<p class=\"wp-block-paragraph\">A causa de la inaccessibilitat de la zona, la cerca va haver de realitzar-se a peu, fins que, a la fi, a les 03.30 hores, els agents de la Gu\u00e0rdia Civil van localitzar a la dona asseguda en un regruix de formig\u00f3 i afectada pel fred i la desorientaci\u00f3. L&#8217;auxiliada va manifestar no saber on estava ni quina hora era.&nbsp;<\/p>\n\n\n\n<p class=\"wp-block-paragraph\">Finalment, va ser traslladada al domicili familiar, no sent necess\u00e0ria assist\u00e8ncia m\u00e8dica en primera inst\u00e0ncia.&nbsp;<\/p>\n\n\n\n<p class=\"wp-block-paragraph\">Per a minimitzar aquest tipus de situacions, la Gu\u00e0rdia Civil recomana revisar la seguretat de l&#8217;habitatge (pestells alts, forrellats segurs, alarmes per a portes i finestres) i establir localitzadors, com la funci\u00f3 Guardi\u00e0 de l&#8217;aplicaci\u00f3 gratu\u00efta Alertcops.<\/p>\n","protected":false},"excerpt":{"rendered":"<div class=\"mh-excerpt\">La fam\u00edlia de l&#8217;auxiliada va donar av\u00eds en adonar-se de la desaparici\u00f3 d&#8217;aquesta i de la seua delicada situaci\u00f3 de salut. Va ser localitzada de matinada en una zona rural de dif\u00edcil acc\u00e9s amb temperatures <a class=\"mh-excerpt-more\" href=\"https:\/\/tucomarca.whitekongsoftware.com\/ca\/la-guardia-civil-localitza-a-monserrat-una-dona-de-82-anys-amb-alzheimer-que-shavia-desorientat\/\" title=\"La Gu\u00e0rdia Civil localitza a Monserrat una dona de 82 anys amb alzheimer que s&#8217;havia desorientat\">[+] <\/a><\/div>\n","protected":false},"author":1,"featured_media":213493,"comment_status":"open","ping_status":"open","sticky":false,"template":"","format":"standard","meta":{"footnotes":""},"categories":[10898,10894,10902,11000,10896,10897],"tags":[11118,11208,11356],"class_list":["post-213495","post","type-post","status-publish","format-standard","has-post-thumbnail","category-ventana-ca","category-la-comarca-ca","category-la-ribera-ca","category-monserrat-ca","category-seccion-ca","category-sucesos-la-comarca-ca","tag-guardia-civil-ca","tag-monserrat-ca","tag-ribera-alta-ca"],"_links":{"self":[{"href":"https:\/\/tucomarca.whitekongsoftware.com\/ca\/wp-json\/wp\/v2\/posts\/213495","targetHints":{"allow":["GET"]}}],"collection":[{"href":"https:\/\/tucomarca.whitekongsoftware.com\/ca\/wp-json\/wp\/v2\/posts"}],"about":[{"href":"https:\/\/tucomarca.whitekongsoftware.com\/ca\/wp-json\/wp\/v2\/types\/post"}],"author":[{"embeddable":true,"href":"https:\/\/tucomarca.whitekongsoftware.com\/ca\/wp-json\/wp\/v2\/users\/1"}],"replies":[{"embeddable":true,"href":"https:\/\/tucomarca.whitekongsoftware.com\/ca\/wp-json\/wp\/v2\/comments?post=213495"}],"version-history":[{"count":0,"href":"https:\/\/tucomarca.whitekongsoftware.com\/ca\/wp-json\/wp\/v2\/posts\/213495\/revisions"}],"wp:featuredmedia":[{"embeddable":true,"href":"https:\/\/tucomarca.whitekongsoftware.com\/ca\/wp-json\/wp\/v2\/media\/213493"}],"wp:attachment":[{"href":"https:\/\/tucomarca.whitekongsoftware.com\/ca\/wp-json\/wp\/v2\/media?parent=213495"}],"wp:term":[{"taxonomy":"category","embeddable":true,"href":"https:\/\/tucomarca.whitekongsoftware.com\/ca\/wp-json\/wp\/v2\/categories?post=213495"},{"taxonomy":"post_tag","embeddable":true,"href":"https:\/\/tucomarca.whitekongsoftware.com\/ca\/wp-json\/wp\/v2\/tags?post=213495"}],"curies":[{"name":"wp","href":"https:\/\/api.w.org\/{rel}","templated":true}]}}