{"id":213388,"date":"2024-03-04T09:10:00","date_gmt":"2024-03-04T08:10:00","guid":{"rendered":"https:\/\/www.tucomarca.com\/wordpress\/segunda\/?p=213388"},"modified":"2024-03-04T22:17:55","modified_gmt":"2024-03-04T21:17:55","slug":"video-la-diputacio-recorre-la-historia-de-lartesania-fallera-a-traves-duna-mostra-en-ninots-de-14-comarques-i-de-pobles-com-bunyol-enguera-utiel-tuejar-o-betera","status":"publish","type":"post","link":"https:\/\/tucomarca.whitekongsoftware.com\/ca\/video-la-diputacio-recorre-la-historia-de-lartesania-fallera-a-traves-duna-mostra-en-ninots-de-14-comarques-i-de-pobles-com-bunyol-enguera-utiel-tuejar-o-betera\/","title":{"rendered":"V\u00eddeo: la Diputaci\u00f3 recorre la hist\u00f2ria de l&#8217;artesania fallera a trav\u00e9s d&#8217;una mostra en ninots de 14 comarques i de pobles com Bunyol, Enguera, Utiel, Tu\u00e9jar o B\u00e9tera"},"content":{"rendered":"\n<h3 class=\"wp-block-heading\">El president, Vicent Momp\u00f3, agra\u00efx la col\u00b7laboraci\u00f3 del Gremi d&#8217;Artistes Fallers i de les juntes locals i comissions dels municipis amb tradici\u00f3 fallera que participen en l&#8217;exposici\u00f3, oberta des d&#8217;este dilluns.<\/h3>\n\n\n\n<h3 class=\"wp-block-heading\">Fins al 19 de mar\u00e7, de 10 a 14 i de 16 a 20 h, la corporaci\u00f3 torna a obrir les seues portes al m\u00f3n faller en una programaci\u00f3 que inclou la visita de les Falleres Majors i la recepci\u00f3 de totes les comissions de la prov\u00edncia.<\/h3>\n\n\n\n<figure class=\"wp-block-embed is-type-video is-provider-youtube wp-block-embed-youtube wp-embed-aspect-16-9 wp-has-aspect-ratio\"><div class=\"wp-block-embed__wrapper\">\n<iframe loading=\"lazy\" title=\"La Diputaci\u00f3 recorre la hist\u00f2ria de l&#039;artesania fallera en una mostra amb ninots de 14 comarques\" width=\"500\" height=\"281\" src=\"https:\/\/www.youtube.com\/embed\/2Ww6ooYXx7I?feature=oembed\" frameborder=\"0\" allow=\"accelerometer; autoplay; clipboard-write; encrypted-media; gyroscope; picture-in-picture; web-share\" referrerpolicy=\"strict-origin-when-cross-origin\" allowfullscreen><\/iframe>\n<\/div><\/figure>\n\n\n\n<p class=\"wp-block-paragraph\">La Diputaci\u00f3 de Val\u00e8ncia obri de nou les seues portes, en esta ocasi\u00f3 davant la imminent arribada de les Falles. El president, Vicent Momp\u00f3, ha inaugurat este dilluns l&#8217;exposici\u00f3 \u2018Ninots, l\u2019artesania de les Falles\u201d, una mirada a l&#8217;ofici de l&#8217;artista i al pes que les comarques valencianes tenen en la festa, m\u00e9s enll\u00e0 de l&#8217;epicentre del Cap i Casal. La mostra recorre l&#8217;evoluci\u00f3 dels materials emprats en la creaci\u00f3 dels monuments, des del fang i la fusta fins al poliestir\u00e9, passant pel cart\u00f3 pedra i la vareta.<\/p>\n\n\n\n<p class=\"wp-block-paragraph\">El president Momp\u00f3, acompanyat per les vicepresidentes Nat\u00e0lia Enguix i Reme Mazzolari i diputades i diputats de la corporaci\u00f3, ha agra\u00eft al Gremi d&#8217;Artistes Fallers i a les Juntes Locals i comissions de 14 comarques la seua participaci\u00f3 en el projecte, a trav\u00e9s del qual \u201chem volgut mostrar eixa evoluci\u00f3 de les primeres falles escenari, en el seu aspecte teatral, als monuments actuals, on les tecnologies digitals estan al servici dels artesans, eixes mans que donen forma als ninots i que hem de cuidar des de les institucions\u201d.<\/p>\n\n\n\n<p class=\"wp-block-paragraph\">Per\u00f2 sobretot, \u201cla idea \u00e9s posar en valor la figura dels artistes, la gran majoria nascuts als nostres pobles, i la implantaci\u00f3 de la festa a les nostres comarques, en desenes de municipis en tradici\u00f3 fallera on la festa es viu en tanta intensitat com a la ciutat\u201d, ha afegit Momp\u00f3, qui ha apuntat que \u201ccada ninot guarda una hist\u00f2ria, una hist\u00f2ria que volem con\u00e9ixer, protegir i difondre\u201d.<\/p>\n\n\n\n<p class=\"wp-block-paragraph\">L&#8217;exposici\u00f3 s&#8217;emmarca en la programaci\u00f3 fallera de la Diputaci\u00f3 de Val\u00e8ncia, que amb el lema \u2018Unes Falles de traca\u2019 celebrar\u00e0 la festa un any m\u00e9s al costat de les Falleres Majors de Val\u00e8ncia, Mar\u00eda Estela Arlandis i Marina Garc\u00eda, i les seues corts d&#8217;honor. La doble jornada de recepci\u00f3 a les comissions tindr\u00e0 lloc el dimecres 13 i el dijous 14 en pla\u00e7a Manises. Estan convocades tant les falles de la capital com les de la prov\u00edncia, aix\u00ed com les Juntes Locals de cadascun dels municipis amb tradici\u00f3 fallera. Els assistents tindran la possibilitat de visitar la mostra, que des d&#8217;este mateix dilluns i fins al 19 de mar\u00e7 estar\u00e0 oberta al p\u00fablic en la Sala de Reines, amb acc\u00e9s lliure i en horari de 10 a 14 i de 16 a 20 hores, excepte els dies 13 i 14, que en coincidir amb la recepci\u00f3 obrir\u00e0 nom\u00e9s en horari vespert\u00ed.<\/p>\n\n\n\n<p class=\"wp-block-paragraph\">Vicent Momp\u00f3 ha destacat \u201cl&#8217;humil homenatge que volem fer a la figura de l&#8217;artista faller, fent part\u00edcips als municipis, comissions i museus fallers de la prov\u00edncia\u201d, i ha assenyalat que esta exposici\u00f3 \u201c\u00e9s una nova demostraci\u00f3 que la valenciania i les tradicions i senyals d&#8217;identitat que la representen est\u00e0 molt present en el full de ruta d&#8217;este govern, en car\u00e0cter multidisciplinari i en \u00e0mbits com l&#8217;esport, la llengua, la gastronomia i els festejos populars, entre molts altres\u201d.<\/p>\n\n\n\n<figure class=\"wp-block-image size-large\"><img loading=\"lazy\" decoding=\"async\" width=\"1024\" height=\"665\" src=\"http:\/\/www.tucomarca.com\/wordpress\/segunda\/wp-content\/uploads\/2024\/03\/Exponinot2-1024x665.jpg\" alt=\"\" class=\"wp-image-213381\" srcset=\"https:\/\/tucomarca.whitekongsoftware.com\/wp-content\/uploads\/2024\/03\/Exponinot2-1024x665.jpg 1024w, https:\/\/tucomarca.whitekongsoftware.com\/wp-content\/uploads\/2024\/03\/Exponinot2-300x195.jpg 300w, https:\/\/tucomarca.whitekongsoftware.com\/wp-content\/uploads\/2024\/03\/Exponinot2-768x499.jpg 768w, https:\/\/tucomarca.whitekongsoftware.com\/wp-content\/uploads\/2024\/03\/Exponinot2-1536x998.jpg 1536w, https:\/\/tucomarca.whitekongsoftware.com\/wp-content\/uploads\/2024\/03\/Exponinot2-2048x1331.jpg 2048w\" sizes=\"auto, (max-width: 1024px) 100vw, 1024px\" \/><\/figure>\n\n\n\n<p class=\"wp-block-paragraph\"><strong>Del \u2018iaio\u2019 de X\u00e0tiva als \u2018Dalton de Marxalenes\u2019<\/strong><\/p>\n\n\n\n<p class=\"wp-block-paragraph\">L&#8217;exposici\u00f3 arranca el trajecte art\u00edstic amb el \u2018iaio\u2019 de X\u00e0tiva, el ninot de Jos\u00e9 Garc\u00eda Tortosa indultat a principi dels anys 40 i que custodia el Museu Faller de X\u00e0tiva. La tela de la brusa del iaio marca l&#8217;inici d&#8217;un recorregut que finalitza tamb\u00e9 amb el protagonisme de la roba, en este cas la que va dissenyar Francis Montesinos per als \u2018Dalton de Marxalenes\u2019, la popular composici\u00f3 que es va salvar del foc en 1986, obra de Manolo Mart\u00edn sobre la il\u00b7lustraci\u00f3 de Sento Llobell per a la falla Na Jordana.<\/p>\n\n\n\n<p class=\"wp-block-paragraph\">Una vintena de peces i panells explicatius de l&#8217;evoluci\u00f3 art\u00edstica de les Falles completen una mostra que inclou els \u00faltims ninots indultats infantils de comissions de Paterna, Torrent i Sagunt; el primer indult faller a Corbera, l&#8217;any 1992; el \u2018Tico\u2019 arribat del Museu de la Tomatina de Bu\u00f1ol; els \u2018j\u00faniors\u2019 de la Vall d&#8217;Albaida al Pa\u00eds de les Meravelles; i el \u2018Dol\u00e7 amor oriental\u2019 i la \u2018Fil\u00e0 mora\u2019 de la falla Gran Via del Sur de B\u00e9tera.<\/p>\n\n\n\n<p class=\"wp-block-paragraph\">Els visitants tamb\u00e9 podran descobrir creacions d&#8217;altres comarques, materials i \u00e8poques, com el pallasso de Manuel Blanco per a la falla El Trampat d&#8217;\u00c9nguera, de 1994; la fallera minion i el Patricio de poliestir\u00e9 per a la Falla de Tu\u00e9jar; el \u2018Baile de su Majestad\u2019 cedit per la comissi\u00f3 Puerta de las Eras d&#8217;Utiel; la \u2018Ambici\u00f3 per l&#8217;eterna joventut\u2019 proposada per la falla C\u00e1novas del Castillo de Carcaixent, obra de Javier \u00c1lvarez-Sala; i el ninot indultat de la Pla\u00e7a Prado de Gandia l&#8217;any 2017.<\/p>\n\n\n\n<p class=\"wp-block-paragraph\">La mostra se suma a la llista de projectes compartits entre la Diputaci\u00f3 i el Gremi d&#8217;Artistes Fallers de Val\u00e8ncia, que en els \u00faltims anys han col\u00b7laborat en la plant\u00e0 de monuments en desenes de municipis que no inclouen les Falles en el seu calendari festiu.<\/p>\n\n\n\n<figure class=\"wp-block-image size-large\"><img loading=\"lazy\" decoding=\"async\" width=\"1024\" height=\"665\" src=\"http:\/\/www.tucomarca.com\/wordpress\/segunda\/wp-content\/uploads\/2024\/03\/ExpoNinot1-1024x665.jpg\" alt=\"\" class=\"wp-image-213379\" srcset=\"https:\/\/tucomarca.whitekongsoftware.com\/wp-content\/uploads\/2024\/03\/ExpoNinot1-1024x665.jpg 1024w, https:\/\/tucomarca.whitekongsoftware.com\/wp-content\/uploads\/2024\/03\/ExpoNinot1-300x195.jpg 300w, https:\/\/tucomarca.whitekongsoftware.com\/wp-content\/uploads\/2024\/03\/ExpoNinot1-768x499.jpg 768w, https:\/\/tucomarca.whitekongsoftware.com\/wp-content\/uploads\/2024\/03\/ExpoNinot1-1536x998.jpg 1536w, https:\/\/tucomarca.whitekongsoftware.com\/wp-content\/uploads\/2024\/03\/ExpoNinot1-2048x1331.jpg 2048w\" sizes=\"auto, (max-width: 1024px) 100vw, 1024px\" \/><\/figure>\n","protected":false},"excerpt":{"rendered":"<div class=\"mh-excerpt\">El president, Vicent Momp\u00f3, agra\u00efx la col\u00b7laboraci\u00f3 del Gremi d&#8217;Artistes Fallers i de les juntes locals i comissions dels municipis amb tradici\u00f3 fallera que participen en l&#8217;exposici\u00f3, oberta des d&#8217;este dilluns. Fins al 19 de <a class=\"mh-excerpt-more\" href=\"https:\/\/tucomarca.whitekongsoftware.com\/ca\/video-la-diputacio-recorre-la-historia-de-lartesania-fallera-a-traves-duna-mostra-en-ninots-de-14-comarques-i-de-pobles-com-bunyol-enguera-utiel-tuejar-o-betera\/\" title=\"V\u00eddeo: la Diputaci\u00f3 recorre la hist\u00f2ria de l&#8217;artesania fallera a trav\u00e9s d&#8217;una mostra en ninots de 14 comarques i de pobles com Bunyol, Enguera, Utiel, Tu\u00e9jar o B\u00e9tera\">[+] <\/a><\/div>\n","protected":false},"author":1,"featured_media":213380,"comment_status":"open","ping_status":"open","sticky":false,"template":"","format":"video","meta":{"footnotes":""},"categories":[11019,10937,10911,10892,11046,10969,10898,10948,10963,10894,10904,10912,11007,10947,10909,10896,11028,11059,11062],"tags":[11246,11199,10914,13938],"class_list":["post-213388","post","type-post","status-publish","format-video","has-post-thumbnail","category-agenda-ca","category-betera-ca","category-bunol-ca","category-camp-de-turia-ca","category-los-serranos-ca","category-enguera-ca","category-ventana-ca","category-infraestructuras-ca","category-la-canal-de-navarres-ca","category-la-comarca-ca","category-sin-categorizar-ca","category-la-hoya-ca","category-ocio-y-cultura-ca","category-politica","category-requena-utiel-ca","category-seccion-ca","category-tuejar-ca","category-utiel-ca","category-videos","tag-diputacio-de-valencia-ca","tag-la-comunitat-ca","tag-la-hoya-de-bunol-chiva-ca","tag-video-3-ca","post_format-post-format-video"],"_links":{"self":[{"href":"https:\/\/tucomarca.whitekongsoftware.com\/ca\/wp-json\/wp\/v2\/posts\/213388","targetHints":{"allow":["GET"]}}],"collection":[{"href":"https:\/\/tucomarca.whitekongsoftware.com\/ca\/wp-json\/wp\/v2\/posts"}],"about":[{"href":"https:\/\/tucomarca.whitekongsoftware.com\/ca\/wp-json\/wp\/v2\/types\/post"}],"author":[{"embeddable":true,"href":"https:\/\/tucomarca.whitekongsoftware.com\/ca\/wp-json\/wp\/v2\/users\/1"}],"replies":[{"embeddable":true,"href":"https:\/\/tucomarca.whitekongsoftware.com\/ca\/wp-json\/wp\/v2\/comments?post=213388"}],"version-history":[{"count":0,"href":"https:\/\/tucomarca.whitekongsoftware.com\/ca\/wp-json\/wp\/v2\/posts\/213388\/revisions"}],"wp:featuredmedia":[{"embeddable":true,"href":"https:\/\/tucomarca.whitekongsoftware.com\/ca\/wp-json\/wp\/v2\/media\/213380"}],"wp:attachment":[{"href":"https:\/\/tucomarca.whitekongsoftware.com\/ca\/wp-json\/wp\/v2\/media?parent=213388"}],"wp:term":[{"taxonomy":"category","embeddable":true,"href":"https:\/\/tucomarca.whitekongsoftware.com\/ca\/wp-json\/wp\/v2\/categories?post=213388"},{"taxonomy":"post_tag","embeddable":true,"href":"https:\/\/tucomarca.whitekongsoftware.com\/ca\/wp-json\/wp\/v2\/tags?post=213388"}],"curies":[{"name":"wp","href":"https:\/\/api.w.org\/{rel}","templated":true}]}}