{"id":213277,"date":"2024-03-04T09:15:00","date_gmt":"2024-03-04T08:15:00","guid":{"rendered":"https:\/\/www.tucomarca.com\/wordpress\/segunda\/?p=213277"},"modified":"2024-03-04T20:37:38","modified_gmt":"2024-03-04T19:37:38","slug":"mompo-insta-el-pp-de-la-canal-de-navarres-a-deixar-se-la-pell-per-la-comarca","status":"publish","type":"post","link":"https:\/\/tucomarca.whitekongsoftware.com\/ca\/mompo-insta-el-pp-de-la-canal-de-navarres-a-deixar-se-la-pell-per-la-comarca\/","title":{"rendered":"Momp\u00f3 insta el PP de la Canal de Navarr\u00e9s a \u201cdeixar-se la pell per la comarca\u201d"},"content":{"rendered":"\n<h3 class=\"wp-block-heading\">El president del PP de la prov\u00edncia de Val\u00e8ncia, Vicent Momp\u00f3 es reuneix amb l&#8217;executiva comarcal.<\/h3>\n\n\n\n<p class=\"wp-block-paragraph\">El president del Partit Popular de la prov\u00edncia de Val\u00e8ncia, Vicent Momp\u00f3, ha instat el PP de la Canal de Navarr\u00e9s a \u201cdeixar-se la pell per la comarca\u201d. Ho ha fet en la reuni\u00f3 de l&#8217;executiva comarcal celebrada a \u00c9nguera.<\/p>\n\n\n\n<p class=\"wp-block-paragraph\">Momp\u00f3 s&#8217;est\u00e0 reunint amb totes les executives comarcals per a \u201cmarcar les directrius de coordinaci\u00f3 per als pr\u00f2xims tres anys\u201d. \u201cTenim la mirada posada en les eleccions municipals de 2027, ens juguem el progr\u00e9s i benestar d&#8217;aquesta comarca i de la resta de la prov\u00edncia\u201d, ha recalcat Momp\u00f3, qui ha recordat que \u201cel primer pas per a arribar amb garanties a la cita electoral es va donar en el Comit\u00e9 Executiu del 12 de gener amb la renovaci\u00f3 dels c\u00e0rrecs comarcals\u201d.<\/p>\n\n\n\n<p class=\"wp-block-paragraph\">En el cas de la Canal de Navarr\u00e9s, Momp\u00f3 va tornar a confiar en la senadora Estela Darocas com a coordinadora comarcal i va incorporar a l&#8217;alcalde d&#8217;Anna, Miguel Mar\u00edn Beneyto, com a secretari. \u201cTenim l&#8217;equip, els objectius i les ganes\u201d, ha assegurat, alhora que ha esgrimit que \u201ctreballar de manera coordinada \u00e9s imprescindible per a ser m\u00e9s eficients\u201d. \u201cS\u00e9 que esteu posant tota la vostra obstinaci\u00f3, us ho agra\u00efsc i us anime a seguir per eixa senda de treball constant\u201d, ha expressat el l\u00edder provincial del PP.<\/p>\n\n\n\n<figure class=\"wp-block-image size-full\"><img loading=\"lazy\" decoding=\"async\" width=\"886\" height=\"590\" src=\"http:\/\/www.tucomarca.com\/wordpress\/segunda\/wp-content\/uploads\/2024\/03\/MompoEnguera2.jpg\" alt=\"\" class=\"wp-image-213272\" srcset=\"https:\/\/tucomarca.whitekongsoftware.com\/wp-content\/uploads\/2024\/03\/MompoEnguera2.jpg 886w, https:\/\/tucomarca.whitekongsoftware.com\/wp-content\/uploads\/2024\/03\/MompoEnguera2-300x200.jpg 300w, https:\/\/tucomarca.whitekongsoftware.com\/wp-content\/uploads\/2024\/03\/MompoEnguera2-768x511.jpg 768w\" sizes=\"auto, (max-width: 886px) 100vw, 886px\" \/><\/figure>\n","protected":false},"excerpt":{"rendered":"<div class=\"mh-excerpt\">El president del PP de la prov\u00edncia de Val\u00e8ncia, Vicent Momp\u00f3 es reuneix amb l&#8217;executiva comarcal. El president del Partit Popular de la prov\u00edncia de Val\u00e8ncia, Vicent Momp\u00f3, ha instat el PP de la Canal <a class=\"mh-excerpt-more\" href=\"https:\/\/tucomarca.whitekongsoftware.com\/ca\/mompo-insta-el-pp-de-la-canal-de-navarres-a-deixar-se-la-pell-per-la-comarca\/\" title=\"Momp\u00f3 insta el PP de la Canal de Navarr\u00e9s a \u201cdeixar-se la pell per la comarca\u201d\">[+] <\/a><\/div>\n","protected":false},"author":12,"featured_media":213271,"comment_status":"open","ping_status":"open","sticky":false,"template":"","format":"image","meta":{"footnotes":""},"categories":[10969,10898,10963,10894,10947,10896],"tags":[11094,20365,18825],"class_list":["post-213277","post","type-post","status-publish","format-image","has-post-thumbnail","category-enguera-ca","category-ventana-ca","category-la-canal-de-navarres-ca","category-la-comarca-ca","category-politica","category-seccion-ca","tag-la-canal-de-navarres","tag-pp-canal-de-navarres-ca","tag-vicent-mompo-ca","post_format-post-format-image"],"_links":{"self":[{"href":"https:\/\/tucomarca.whitekongsoftware.com\/ca\/wp-json\/wp\/v2\/posts\/213277","targetHints":{"allow":["GET"]}}],"collection":[{"href":"https:\/\/tucomarca.whitekongsoftware.com\/ca\/wp-json\/wp\/v2\/posts"}],"about":[{"href":"https:\/\/tucomarca.whitekongsoftware.com\/ca\/wp-json\/wp\/v2\/types\/post"}],"author":[{"embeddable":true,"href":"https:\/\/tucomarca.whitekongsoftware.com\/ca\/wp-json\/wp\/v2\/users\/12"}],"replies":[{"embeddable":true,"href":"https:\/\/tucomarca.whitekongsoftware.com\/ca\/wp-json\/wp\/v2\/comments?post=213277"}],"version-history":[{"count":0,"href":"https:\/\/tucomarca.whitekongsoftware.com\/ca\/wp-json\/wp\/v2\/posts\/213277\/revisions"}],"wp:featuredmedia":[{"embeddable":true,"href":"https:\/\/tucomarca.whitekongsoftware.com\/ca\/wp-json\/wp\/v2\/media\/213271"}],"wp:attachment":[{"href":"https:\/\/tucomarca.whitekongsoftware.com\/ca\/wp-json\/wp\/v2\/media?parent=213277"}],"wp:term":[{"taxonomy":"category","embeddable":true,"href":"https:\/\/tucomarca.whitekongsoftware.com\/ca\/wp-json\/wp\/v2\/categories?post=213277"},{"taxonomy":"post_tag","embeddable":true,"href":"https:\/\/tucomarca.whitekongsoftware.com\/ca\/wp-json\/wp\/v2\/tags?post=213277"}],"curies":[{"name":"wp","href":"https:\/\/api.w.org\/{rel}","templated":true}]}}