{"id":213062,"date":"2024-03-01T09:55:00","date_gmt":"2024-03-01T08:55:00","guid":{"rendered":"https:\/\/www.tucomarca.com\/wordpress\/segunda\/?p=213062"},"modified":"2024-03-01T20:48:50","modified_gmt":"2024-03-01T19:48:50","slug":"la-diputacio-de-valencia-desdoblega-la-cv-370-per-a-millorar-la-seguretat-del-transit-entre-manises-i-riba-roja-de-turia","status":"publish","type":"post","link":"https:\/\/tucomarca.whitekongsoftware.com\/ca\/la-diputacio-de-valencia-desdoblega-la-cv-370-per-a-millorar-la-seguretat-del-transit-entre-manises-i-riba-roja-de-turia\/","title":{"rendered":"La Diputaci\u00f3 de Val\u00e8ncia desdoblega la CV-370 per a millorar la seguretat del tr\u00e0nsit entre Manises i Riba-roja de T\u00faria\u00a0"},"content":{"rendered":"\n<h3 class=\"wp-block-heading\"><strong>El president de la corporaci\u00f3 provincial, Vicent Momp\u00f3, i la vicepresidenta segona i diputada de Carreteres, Reme Mazzolari, visiten les obres de la<\/strong> <strong>quarta i \u00faltima fase de la Via Parc del T\u00faria.\u00a0<\/strong><\/h3>\n\n\n\n<h3 class=\"wp-block-heading\"><strong>Amb una inversi\u00f3 de 12,5 milions d&#8217;euros i un termini d&#8217;execuci\u00f3 de 18 mesos, este \u00faltim tram permetr\u00e0 tamb\u00e9 descongestionar el tr\u00e0nsit d&#8217;una via que suporta el pas diari de m\u00e9s de 20.000 vehicles<\/strong><\/h3>\n\n\n\n<p class=\"wp-block-paragraph\">El president de la Diputaci\u00f3 de Val\u00e8ncia, Vicent Momp\u00f3, ha visitat este mat\u00ed les obres de la quarta i \u00faltima fase del projecte denominat\u00a0<em>Via parc del T\u00faria . Manises \u2013 Riba-roja<\/em>, la qual consistix en el desdoblament del tram de la carretera CV-370 que transcorre entre els municipis de Manises i Riba Roja de T\u00faria.\u00a0<\/p>\n\n\n\n<p class=\"wp-block-paragraph\">Acompanyat per la vicepresidenta segona i diputada de Carreteres, Reme Mazzolari, el president Momp\u00f3 ha indicat que \u201cla culminaci\u00f3 d&#8217;este projecte suposa una de les intervencions de major import\u00e0ncia en la xarxa provincial de carreteres en els \u00faltims anys, per l&#8217;impacte que tindr\u00e0 en la ciutadania\u201d.<\/p>\n\n\n\n<p class=\"wp-block-paragraph\">En este sentit, Momp\u00f3 assenyala que \u201cesta quarta i \u00faltima fase de la intervenci\u00f3 permetr\u00e0 millorar la seguretat d&#8217;una carretera que presentava un alt \u00edndex d&#8217;accidentalitat, al mateix temps que&nbsp; descongestiona el tr\u00e0nsit d&#8217;una via que \u00e9s transitada di\u00e0riament per milers de persones procedents, no sols de Manises i Riba-roja, sin\u00f3 de l&#8217;entorn l&#8217;\u00e0rea metropolitana de la ciutat de Val\u00e8ncia, per l&#8217;acc\u00e9s que atorga a zones de molta activitat industrial i comercial\u201d.<\/p>\n\n\n\n<p class=\"wp-block-paragraph\">Per la seua banda, Reme Mazzolari, explica que \u201ca m\u00e9s de les millores en la seguretat, que \u00e9s l&#8217;element m\u00e9s rellevant, la nova via facilitar\u00e0 l&#8217;acc\u00e9s als ve\u00efns de les zones residencials, i promour\u00e0 tamb\u00e9 la mobilitat sostenible amb l&#8217;execuci\u00f3 d&#8217;una via ciclopeatonal, la qual enlla\u00e7ar\u00e0 amb els trams ja constru\u00efts en les anteriors fases de la intervenci\u00f3\u201d.&nbsp;<\/p>\n\n\n\n<p class=\"wp-block-paragraph\">A la visita tamb\u00e9 han assistit els alcaldes de Manises, Javier Mansilla, i Riba-roja de T\u00faria, Robert Raga, i membres de les respectives corporacions municipals, entre ells el regidor de Manises i diputat provincial, Sergio Pastor.<\/p>\n\n\n\n<figure class=\"wp-block-image size-large\"><img loading=\"lazy\" decoding=\"async\" width=\"1024\" height=\"683\" src=\"http:\/\/www.tucomarca.com\/wordpress\/segunda\/wp-content\/uploads\/2024\/03\/370DipuRiba3-1024x683.jpg\" alt=\"\" class=\"wp-image-213055\" srcset=\"https:\/\/tucomarca.whitekongsoftware.com\/wp-content\/uploads\/2024\/03\/370DipuRiba3-1024x683.jpg 1024w, https:\/\/tucomarca.whitekongsoftware.com\/wp-content\/uploads\/2024\/03\/370DipuRiba3-300x200.jpg 300w, https:\/\/tucomarca.whitekongsoftware.com\/wp-content\/uploads\/2024\/03\/370DipuRiba3-768x512.jpg 768w, https:\/\/tucomarca.whitekongsoftware.com\/wp-content\/uploads\/2024\/03\/370DipuRiba3-1536x1024.jpg 1536w, https:\/\/tucomarca.whitekongsoftware.com\/wp-content\/uploads\/2024\/03\/370DipuRiba3-2048x1365.jpg 2048w\" sizes=\"auto, (max-width: 1024px) 100vw, 1024px\" \/><\/figure>\n\n\n\n<p class=\"wp-block-paragraph\"><strong>M\u00e9s de 20.000 vehicles diaris<\/strong><\/p>\n\n\n\n<p class=\"wp-block-paragraph\">La intervenci\u00f3 de la Diputaci\u00f3 de Val\u00e8ncia en el tram de la CV-370 entre les poblacions de Manises i Riba-roja de T\u00faria, ve determinada sobretot per l&#8217;alta accidentalitat de la via en els \u00faltims anys. A m\u00e9s, el desdoblament de la cal\u00e7ada permetr\u00e0 descongestionar el tr\u00e0nsit d&#8217;una carretera que registra una mitjana de pas superior als 21.000 vehicles diaris.&nbsp;<\/p>\n\n\n\n<p class=\"wp-block-paragraph\">Despr\u00e9s de posar en servici les tres primeres fases del projecte, la corporaci\u00f3 provincial dona principi ara als treballs de la Fase 4, els quals permetran culminar el condicionament total de la&nbsp;<em>Via parc del T\u00faria <\/em>&nbsp;entre l&#8217;A-7 i Riba-roja de T\u00faria. El pressupost de l&#8217;\u00faltima fase, que t\u00e9 un termini d&#8217;execuci\u00f3 de 18 mesos, ascendix als 12,5 milions d&#8217;euros.<\/p>\n\n\n\n<p class=\"wp-block-paragraph\"><strong>Actuacions<\/strong><\/p>\n\n\n\n<p class=\"wp-block-paragraph\">Els treballs de la quarta fase consistiran, concretament, en la duplicaci\u00f3 de la cal\u00e7ada amb control total d&#8217;accessos, segregant el tr\u00e0nsit ve\u00efnal i el de pas mitjan\u00e7ant vies de servici. Aix\u00ed, per a l&#8217;acc\u00e9s a les urbanitzacions Montemayor, el Collado i la Presa, es preveu l&#8217;execuci\u00f3 de dos glorietes unides mitjan\u00e7ant una nova estructura baix la qual discorrer\u00e0 el tronc principal de la via.<\/p>\n\n\n\n<p class=\"wp-block-paragraph\">A m\u00e9s, la millora de la seguretat vi\u00e0ria es veur\u00e0 refor\u00e7ada amb la construcci\u00f3 d&#8217;una&nbsp; via ciclopeatonal, que suposar\u00e0 la continuaci\u00f3 del tram ja executat de les tres primeres fases. Tamb\u00e9 se preveuen actuacions de restauraci\u00f3 paisatg\u00edstiques amb plantaci\u00f3 d\u2019arbres i arbustos, aix\u00ed com la instal\u00b7laci\u00f3 de pantalles ac\u00fastiques i l&#8217;execuci\u00f3 de passos de fauna.<\/p>\n\n\n\n<p class=\"wp-block-paragraph\">Les obres es completen amb l&#8217;execuci\u00f3 d&#8217;obres de drenatge i urbanitzaci\u00f3, reubicaci\u00f3 de les parades del servici d&#8217;autobusos, xarxes d&#8217;enllumenat, senyalitzaci\u00f3, instal\u00b7laci\u00f3 de sistemes de contenci\u00f3 i reposici\u00f3 de servicis afectats, com \u00e9s el cas del desviament a la conducci\u00f3 d&#8217;aigua potable.<\/p>\n","protected":false},"excerpt":{"rendered":"<div class=\"mh-excerpt\">El president de la corporaci\u00f3 provincial, Vicent Momp\u00f3, i la vicepresidenta segona i diputada de Carreteres, Reme Mazzolari, visiten les obres de la quarta i \u00faltima fase de la Via Parc del T\u00faria.\u00a0 Amb una <a class=\"mh-excerpt-more\" href=\"https:\/\/tucomarca.whitekongsoftware.com\/ca\/la-diputacio-de-valencia-desdoblega-la-cv-370-per-a-millorar-la-seguretat-del-transit-entre-manises-i-riba-roja-de-turia\/\" title=\"La Diputaci\u00f3 de Val\u00e8ncia desdoblega la CV-370 per a millorar la seguretat del tr\u00e0nsit entre Manises i Riba-roja de T\u00faria\u00a0\">[+] <\/a><\/div>\n","protected":false},"author":1,"featured_media":213059,"comment_status":"open","ping_status":"open","sticky":false,"template":"","format":"standard","meta":{"footnotes":""},"categories":[10892,10898,10948,10894,10904,10947,10906,10896],"tags":[10899,11246,10907],"class_list":["post-213062","post","type-post","status-publish","format-standard","has-post-thumbnail","category-camp-de-turia-ca","category-ventana-ca","category-infraestructuras-ca","category-la-comarca-ca","category-sin-categorizar-ca","category-politica","category-riba-roja-ca","category-seccion-ca","tag-camp-de-turia-ca","tag-diputacio-de-valencia-ca","tag-riba-roja-del-turia-ca"],"_links":{"self":[{"href":"https:\/\/tucomarca.whitekongsoftware.com\/ca\/wp-json\/wp\/v2\/posts\/213062","targetHints":{"allow":["GET"]}}],"collection":[{"href":"https:\/\/tucomarca.whitekongsoftware.com\/ca\/wp-json\/wp\/v2\/posts"}],"about":[{"href":"https:\/\/tucomarca.whitekongsoftware.com\/ca\/wp-json\/wp\/v2\/types\/post"}],"author":[{"embeddable":true,"href":"https:\/\/tucomarca.whitekongsoftware.com\/ca\/wp-json\/wp\/v2\/users\/1"}],"replies":[{"embeddable":true,"href":"https:\/\/tucomarca.whitekongsoftware.com\/ca\/wp-json\/wp\/v2\/comments?post=213062"}],"version-history":[{"count":0,"href":"https:\/\/tucomarca.whitekongsoftware.com\/ca\/wp-json\/wp\/v2\/posts\/213062\/revisions"}],"wp:featuredmedia":[{"embeddable":true,"href":"https:\/\/tucomarca.whitekongsoftware.com\/ca\/wp-json\/wp\/v2\/media\/213059"}],"wp:attachment":[{"href":"https:\/\/tucomarca.whitekongsoftware.com\/ca\/wp-json\/wp\/v2\/media?parent=213062"}],"wp:term":[{"taxonomy":"category","embeddable":true,"href":"https:\/\/tucomarca.whitekongsoftware.com\/ca\/wp-json\/wp\/v2\/categories?post=213062"},{"taxonomy":"post_tag","embeddable":true,"href":"https:\/\/tucomarca.whitekongsoftware.com\/ca\/wp-json\/wp\/v2\/tags?post=213062"}],"curies":[{"name":"wp","href":"https:\/\/api.w.org\/{rel}","templated":true}]}}