{"id":212927,"date":"2024-03-01T10:00:00","date_gmt":"2024-03-01T09:00:00","guid":{"rendered":"https:\/\/www.tucomarca.com\/wordpress\/segunda\/?p=212927"},"modified":"2024-03-01T11:22:41","modified_gmt":"2024-03-01T10:22:41","slug":"lincendi-dun-camio-en-el-viaducte-de-lautovia-a-3-provoca-un-incendi-en-la-pineda-circumdant","status":"publish","type":"post","link":"https:\/\/tucomarca.whitekongsoftware.com\/ca\/lincendi-dun-camio-en-el-viaducte-de-lautovia-a-3-provoca-un-incendi-en-la-pineda-circumdant\/","title":{"rendered":"L&#8217;incendi d&#8217;un cami\u00f3 en el viaducte de l&#8217;Autovia A-3 a Bunyol provoca un incendi en la pineda circumdant"},"content":{"rendered":"\n<p class=\"wp-block-paragraph\">L&#8217;incendi d&#8217;un cami\u00f3 en el viaducte de l&#8217;Autovia A-3, en el terme municipal de Bunyol, ha provocat que les flames afectaren la pineda situada sota del viaducte. <\/p>\n\n\n\n<p class=\"wp-block-paragraph\">El Consorci Provincial de Bombers ha rebut l&#8217;av\u00eds del sinistre a les 9,06 hores, les flames de les quals han calcinat els vehicles que transportava el cami\u00f3 i han obligat al tall de la carretera en sentit a Madrid.<\/p>\n\n\n\n<figure class=\"wp-block-image size-large\"><img loading=\"lazy\" decoding=\"async\" width=\"1024\" height=\"576\" src=\"http:\/\/www.tucomarca.com\/wordpress\/segunda\/wp-content\/uploads\/2024\/03\/IncendioA32-1024x576.jpeg\" alt=\"\" class=\"wp-image-212917\" srcset=\"https:\/\/tucomarca.whitekongsoftware.com\/wp-content\/uploads\/2024\/03\/IncendioA32-1024x576.jpeg 1024w, https:\/\/tucomarca.whitekongsoftware.com\/wp-content\/uploads\/2024\/03\/IncendioA32-300x169.jpeg 300w, https:\/\/tucomarca.whitekongsoftware.com\/wp-content\/uploads\/2024\/03\/IncendioA32-768x432.jpeg 768w, https:\/\/tucomarca.whitekongsoftware.com\/wp-content\/uploads\/2024\/03\/IncendioA32-678x381.jpeg 678w, https:\/\/tucomarca.whitekongsoftware.com\/wp-content\/uploads\/2024\/03\/IncendioA32.jpeg 1199w\" sizes=\"auto, (max-width: 1024px) 100vw, 1024px\" \/><\/figure>\n\n\n\n<p class=\"wp-block-paragraph\">A les 9,53 el Centre de Coordinaci\u00f3 d&#8217;Emerg\u00e8ncies ha establit a m\u00e9s a les 9,53 la situaci\u00f3 1 del Pla Especial d&#8217;Incendis Forestals. <\/p>\n\n\n\n<figure class=\"wp-block-image size-large\"><img loading=\"lazy\" decoding=\"async\" width=\"1024\" height=\"576\" src=\"http:\/\/www.tucomarca.com\/wordpress\/segunda\/wp-content\/uploads\/2024\/03\/IncendioA33-1024x576.jpeg\" alt=\"\" class=\"wp-image-212921\" srcset=\"https:\/\/tucomarca.whitekongsoftware.com\/wp-content\/uploads\/2024\/03\/IncendioA33-1024x576.jpeg 1024w, https:\/\/tucomarca.whitekongsoftware.com\/wp-content\/uploads\/2024\/03\/IncendioA33-300x169.jpeg 300w, https:\/\/tucomarca.whitekongsoftware.com\/wp-content\/uploads\/2024\/03\/IncendioA33-768x432.jpeg 768w, https:\/\/tucomarca.whitekongsoftware.com\/wp-content\/uploads\/2024\/03\/IncendioA33-1536x864.jpeg 1536w, https:\/\/tucomarca.whitekongsoftware.com\/wp-content\/uploads\/2024\/03\/IncendioA33-678x381.jpeg 678w, https:\/\/tucomarca.whitekongsoftware.com\/wp-content\/uploads\/2024\/03\/IncendioA33.jpeg 1920w\" sizes=\"auto, (max-width: 1024px) 100vw, 1024px\" \/><\/figure>\n\n\n\n<p class=\"wp-block-paragraph\">En les tasques d&#8217;extinci\u00f3 han participat cinc dotacions de bombers: quatre del Consorci dels parcs de Requena, Xiva i Paterna al costat de dos comandaments del Consorci; una unitat de Bombers Forestals de la Generalitat Valenciana i agents mediambientals. Posteriorment s&#8217;han incorporat dues unitats de les brigades forestals BRIFO del Consorci.<\/p>\n\n\n\n<p class=\"wp-block-paragraph\">Segons fonts del Consorci Provincial de Bombers de Val\u00e8ncia, l&#8217;incendi en la massa forestal ha sigut controlat a les 10,38 hores.<\/p>\n\n\n\n<p class=\"wp-block-paragraph\">Informaci\u00f3 en fase d&#8217;elaboraci\u00f3.<\/p>\n\n\n\n<figure class=\"wp-block-image size-large\"><img loading=\"lazy\" decoding=\"async\" width=\"1024\" height=\"763\" src=\"http:\/\/www.tucomarca.com\/wordpress\/segunda\/wp-content\/uploads\/2024\/03\/IncendioA34-1024x763.jpeg\" alt=\"\" class=\"wp-image-212953\" srcset=\"https:\/\/tucomarca.whitekongsoftware.com\/wp-content\/uploads\/2024\/03\/IncendioA34-1024x763.jpeg 1024w, https:\/\/tucomarca.whitekongsoftware.com\/wp-content\/uploads\/2024\/03\/IncendioA34-300x224.jpeg 300w, https:\/\/tucomarca.whitekongsoftware.com\/wp-content\/uploads\/2024\/03\/IncendioA34-768x572.jpeg 768w, https:\/\/tucomarca.whitekongsoftware.com\/wp-content\/uploads\/2024\/03\/IncendioA34-80x60.jpeg 80w, https:\/\/tucomarca.whitekongsoftware.com\/wp-content\/uploads\/2024\/03\/IncendioA34.jpeg 1385w\" sizes=\"auto, (max-width: 1024px) 100vw, 1024px\" \/><\/figure>\n\n\n\n<figure class=\"wp-block-gallery has-nested-images columns-2 is-cropped wp-block-gallery-1 is-layout-flex wp-block-gallery-is-layout-flex\">\n<figure class=\"wp-block-image size-large\"><img loading=\"lazy\" decoding=\"async\" width=\"945\" height=\"630\" data-id=\"212935\" src=\"http:\/\/www.tucomarca.com\/wordpress\/segunda\/wp-content\/uploads\/2024\/03\/A3incendio_01.jpg\" alt=\"\" class=\"wp-image-212935\" srcset=\"https:\/\/tucomarca.whitekongsoftware.com\/wp-content\/uploads\/2024\/03\/A3incendio_01.jpg 945w, https:\/\/tucomarca.whitekongsoftware.com\/wp-content\/uploads\/2024\/03\/A3incendio_01-300x200.jpg 300w, https:\/\/tucomarca.whitekongsoftware.com\/wp-content\/uploads\/2024\/03\/A3incendio_01-768x512.jpg 768w\" sizes=\"auto, (max-width: 945px) 100vw, 945px\" \/><\/figure>\n\n\n\n<figure class=\"wp-block-image size-large\"><img loading=\"lazy\" decoding=\"async\" width=\"945\" height=\"628\" data-id=\"212937\" src=\"http:\/\/www.tucomarca.com\/wordpress\/segunda\/wp-content\/uploads\/2024\/03\/A3incendio_02.jpg\" alt=\"\" class=\"wp-image-212937\" srcset=\"https:\/\/tucomarca.whitekongsoftware.com\/wp-content\/uploads\/2024\/03\/A3incendio_02.jpg 945w, https:\/\/tucomarca.whitekongsoftware.com\/wp-content\/uploads\/2024\/03\/A3incendio_02-300x199.jpg 300w, https:\/\/tucomarca.whitekongsoftware.com\/wp-content\/uploads\/2024\/03\/A3incendio_02-768x510.jpg 768w\" sizes=\"auto, (max-width: 945px) 100vw, 945px\" \/><\/figure>\n\n\n\n<figure class=\"wp-block-image size-large\"><img loading=\"lazy\" decoding=\"async\" width=\"945\" height=\"628\" data-id=\"212939\" src=\"http:\/\/www.tucomarca.com\/wordpress\/segunda\/wp-content\/uploads\/2024\/03\/A3incendio_03.jpg\" alt=\"\" class=\"wp-image-212939\" srcset=\"https:\/\/tucomarca.whitekongsoftware.com\/wp-content\/uploads\/2024\/03\/A3incendio_03.jpg 945w, https:\/\/tucomarca.whitekongsoftware.com\/wp-content\/uploads\/2024\/03\/A3incendio_03-300x199.jpg 300w, https:\/\/tucomarca.whitekongsoftware.com\/wp-content\/uploads\/2024\/03\/A3incendio_03-768x510.jpg 768w\" sizes=\"auto, (max-width: 945px) 100vw, 945px\" \/><\/figure>\n<\/figure>\n","protected":false},"excerpt":{"rendered":"<div class=\"mh-excerpt\">L&#8217;incendi d&#8217;un cami\u00f3 en el viaducte de l&#8217;Autovia A-3, en el terme municipal de Bunyol, ha provocat que les flames afectaren la pineda situada sota del viaducte. El Consorci Provincial de Bombers ha rebut l&#8217;av\u00eds <a class=\"mh-excerpt-more\" href=\"https:\/\/tucomarca.whitekongsoftware.com\/ca\/lincendi-dun-camio-en-el-viaducte-de-lautovia-a-3-provoca-un-incendi-en-la-pineda-circumdant\/\" title=\"L&#8217;incendi d&#8217;un cami\u00f3 en el viaducte de l&#8217;Autovia A-3 a Bunyol provoca un incendi en la pineda circumdant\">[+] <\/a><\/div>\n","protected":false},"author":1,"featured_media":212920,"comment_status":"open","ping_status":"open","sticky":false,"template":"","format":"gallery","meta":{"footnotes":""},"categories":[10911,10898,10948,10894,10904,10912,10896,10897],"tags":[19414,10913,10914],"class_list":["post-212927","post","type-post","status-publish","format-gallery","has-post-thumbnail","category-bunol-ca","category-ventana-ca","category-infraestructuras-ca","category-la-comarca-ca","category-sin-categorizar-ca","category-la-hoya-ca","category-seccion-ca","category-sucesos-la-comarca-ca","tag-autovia-a3-ca","tag-bunol-ca","tag-la-hoya-de-bunol-chiva-ca","post_format-post-format-gallery"],"_links":{"self":[{"href":"https:\/\/tucomarca.whitekongsoftware.com\/ca\/wp-json\/wp\/v2\/posts\/212927","targetHints":{"allow":["GET"]}}],"collection":[{"href":"https:\/\/tucomarca.whitekongsoftware.com\/ca\/wp-json\/wp\/v2\/posts"}],"about":[{"href":"https:\/\/tucomarca.whitekongsoftware.com\/ca\/wp-json\/wp\/v2\/types\/post"}],"author":[{"embeddable":true,"href":"https:\/\/tucomarca.whitekongsoftware.com\/ca\/wp-json\/wp\/v2\/users\/1"}],"replies":[{"embeddable":true,"href":"https:\/\/tucomarca.whitekongsoftware.com\/ca\/wp-json\/wp\/v2\/comments?post=212927"}],"version-history":[{"count":0,"href":"https:\/\/tucomarca.whitekongsoftware.com\/ca\/wp-json\/wp\/v2\/posts\/212927\/revisions"}],"wp:featuredmedia":[{"embeddable":true,"href":"https:\/\/tucomarca.whitekongsoftware.com\/ca\/wp-json\/wp\/v2\/media\/212920"}],"wp:attachment":[{"href":"https:\/\/tucomarca.whitekongsoftware.com\/ca\/wp-json\/wp\/v2\/media?parent=212927"}],"wp:term":[{"taxonomy":"category","embeddable":true,"href":"https:\/\/tucomarca.whitekongsoftware.com\/ca\/wp-json\/wp\/v2\/categories?post=212927"},{"taxonomy":"post_tag","embeddable":true,"href":"https:\/\/tucomarca.whitekongsoftware.com\/ca\/wp-json\/wp\/v2\/tags?post=212927"}],"curies":[{"name":"wp","href":"https:\/\/api.w.org\/{rel}","templated":true}]}}