{"id":212752,"date":"2024-02-28T17:15:00","date_gmt":"2024-02-28T16:15:00","guid":{"rendered":"https:\/\/www.tucomarca.com\/wordpress\/segunda\/?p=212752"},"modified":"2024-02-28T19:17:41","modified_gmt":"2024-02-28T18:17:41","slug":"turis-presenta-la-programacio-de-la-setmana-de-les-dones-per-la-igualtat-que-organitza-la-regidoria-de-serveis-socials","status":"publish","type":"post","link":"https:\/\/tucomarca.whitekongsoftware.com\/ca\/turis-presenta-la-programacio-de-la-setmana-de-les-dones-per-la-igualtat-que-organitza-la-regidoria-de-serveis-socials\/","title":{"rendered":"Tur\u00eds presenta la programaci\u00f3 de la &#8220;Setmana de les dones per la Igualtat&#8221; que organitza la regidoria de Serveis Socials"},"content":{"rendered":"\n<p class=\"wp-block-paragraph\">Les activitats han sigut programades des del 27 de febrer al 12 de mar\u00e7 i en elles col\u00b7laboren: regidoria de Cultura i Educaci\u00f3, regidoria d&#8217;Esports i Joventut, Aula Respir Municipal; Associaci\u00f3 de Mestresses de casa; CEIP Joaqu\u00edn Mu\u00f1oz, IES Tur\u00eds, CFPA de Tur\u00eds; Centre de Joventut Municipal; Associaci\u00f3 Per Ells.<\/p>\n\n\n\n<figure class=\"wp-block-image size-full\"><img loading=\"lazy\" decoding=\"async\" width=\"402\" height=\"539\" src=\"https:\/\/www.tucomarca.com\/wordpress\/segunda\/wp-content\/uploads\/2024\/02\/8MTuris.jpeg\" alt=\"\" class=\"wp-image-212748\" srcset=\"https:\/\/tucomarca.whitekongsoftware.com\/wp-content\/uploads\/2024\/02\/8MTuris.jpeg 402w, https:\/\/tucomarca.whitekongsoftware.com\/wp-content\/uploads\/2024\/02\/8MTuris-224x300.jpeg 224w\" sizes=\"auto, (max-width: 402px) 100vw, 402px\" \/><\/figure>\n\n\n\n<p class=\"wp-block-paragraph\"><strong>Dijous, 29 de febrer<\/strong><\/p>\n\n\n\n<p class=\"wp-block-paragraph\">A les 18 hores, xocolate i coca i jocs de taula en el local de les Mestresses de casa.<\/p>\n\n\n\n<p class=\"wp-block-paragraph\"><strong>Divendres, 1 de mar\u00e7<\/strong><\/p>\n\n\n\n<p class=\"wp-block-paragraph\">A les 18 hores, Taller d&#8217;Origami a c\u00e0rrec de Silvia Azar en el local de les Mestresses de casa.<\/p>\n\n\n\n<p class=\"wp-block-paragraph\"><strong>Divendres, 1 i 15 de mar\u00e7<\/strong><\/p>\n\n\n\n<p class=\"wp-block-paragraph\">Contacontes infantil &#8220;Rosa Caramel&#8221; en el CEIP Joaqu\u00edn Mu\u00f1oz. A c\u00e0rrec de l&#8217;Educadora Social i l&#8217;Agent d&#8217;Igualtat de Serveis Socials d&#8217;Atenci\u00f3 Prim\u00e0ria B\u00e0sica.<\/p>\n\n\n\n<p class=\"wp-block-paragraph\"><strong>Dilluns, 4 de mar\u00e7<\/strong><\/p>\n\n\n\n<p class=\"wp-block-paragraph\">Penjada de pancarta al balc\u00f3 de l&#8217;Ajuntament i exposici\u00f3 dels cartells guanyadors i participants del Concurs de Dibuix del 8 de mar\u00e7, realitzats per l&#8217;alumnat de 4t de prim\u00e0ria del CEIP Joaqu\u00edn Mu\u00f1oz.<\/p>\n\n\n\n<p class=\"wp-block-paragraph\">A les 18.30 hores, obra de teatre &#8220;Els 60 s\u00f3n nostres: El musical&#8221; en el Teatre Ideal. A c\u00e0rrec de Dones Clown Xirivella. Ens donaran la benvinguda el grup de Corresponsals del Centre de Joventut Municipal.<\/p>\n\n\n\n<p class=\"wp-block-paragraph\">A les 21.00 hores, lliurament dels premis del Concurs de Parx\u00eds i sopar de &#8220;sobaquillo&#8221; en el local de les Mestresses de casa.<\/p>\n\n\n\n<p class=\"wp-block-paragraph\"><strong>Dimarts, 5 de mar\u00e7<\/strong><\/p>\n\n\n\n<p class=\"wp-block-paragraph\">De 10.30 a 12.30 hores, primera sessi\u00f3 de la formaci\u00f3 en eines digitals per a dones &#8220;DONA TIC&#8221; a la Biblioteca Municipal. A c\u00e0rrec de la Fundaci\u00f3 Cibervoluntarios i organitzat per l&#8217;\u00e0rea d&#8217;Igualtat de Serveis Socials d&#8217;Atenci\u00f3 Prim\u00e0ria B\u00e0sica. Fa falta inscripci\u00f3 pr\u00e8via en el tel\u00e8fon 627 15 79 33.<\/p>\n\n\n\n<p class=\"wp-block-paragraph\">A les 17.30 hores Concurs Gastron\u00f2mic al local de les Mestresses de casa. La crema pastissera ser\u00e0 l&#8217;ingredient principal, i l&#8217;Associaci\u00f3 de Mestresses de casa donar\u00e0 a les persones participants mig quilo de sucre i 6 ous per a elaborar les receptes.<\/p>\n\n\n\n<p class=\"wp-block-paragraph\"><strong>Dimecres, 6 de mar\u00e7<\/strong><\/p>\n\n\n\n<p class=\"wp-block-paragraph\">A les 18 hores, projecci\u00f3 de la pel\u00b7l\u00edcula &#8220;Cinc Lobitos&#8221;, de Alauda Ru\u00edz de Az\u00faa, amb la col\u00b7laboraci\u00f3 de la regidoria de Cultura. En acabar, la regidoria de Serveis Socials oferir\u00e0 un vi d&#8217;honor per les Dones i la Igualtat, per a totes les persones assistents.<\/p>\n\n\n\n<p class=\"wp-block-paragraph\"><strong>Dijous, 7 de mar\u00e7<\/strong><\/p>\n\n\n\n<p class=\"wp-block-paragraph\">A les 10 hores, Marxa per les Dones i la Igualtat per la Via Verda, solid\u00e0ria amb l&#8217;Associaci\u00f3 Alanna. Despr\u00e9s de la marxa s&#8217;obsequiar\u00e0 a les participants amb un detall d&#8217;artesania realitzat per les dones de l&#8217;associaci\u00f3 Alanna, que ens comptaran el treball que fan amb les dones des de la seua entitat , i s&#8217;oferir\u00e0 un esmorzar.<\/p>\n\n\n\n<p class=\"wp-block-paragraph\">De 10.30 a 12.30, segona sessi\u00f3 de la formaci\u00f3 en eines digitals per a dones &#8220;DONA TIC&#8221; a la Biblioteca Municipal. A c\u00e0rrec de la Fundaci\u00f3 Cibervoluntarios i organitzat per l&#8217;\u00e0rea d&#8217;Igualtat de Serveis Socials d&#8217;Atenci\u00f3 Prim\u00e0ria B\u00e0sica. Fa falta inscripci\u00f3 pr\u00e8via al tel\u00e8fon 627 15 79 33.<\/p>\n\n\n\n<p class=\"wp-block-paragraph\">A les 17 hores, Fuita Room Juvenil &#8220;Atrapades en la ci\u00e8ncia&#8221; en el Centre de Joventut Municipal, a c\u00e0rrec de Rebombori Cultural, organitzat per la regidoria de Serveis Socials amb la col\u00b7laboraci\u00f3 del Centre de Joventut.<\/p>\n\n\n\n<p class=\"wp-block-paragraph\">A les 18 hores, Caf\u00e9 tert\u00falia &#8220;Dones d&#8217;ac\u00ed i d&#8217;all\u00e0&#8221; amb pres\u00e8ncia de dones turisanas de diferents or\u00edgens en l&#8217;Edifici Multiusos. Compartirem al voltant de la taula, amb caf\u00e9 i berenar, les nostres hist\u00f2ries i trobarem punts en com\u00fa per a la igualtat.<\/p>\n\n\n\n<p class=\"wp-block-paragraph\"><strong>Divendres, 8 de mar\u00e7<\/strong><\/p>\n\n\n\n<p class=\"wp-block-paragraph\">Activitat infantil &#8220;El Poblat de la Igualtat&#8221; en l&#8217;amfiteatre La Mina.<\/p>\n\n\n\n<p class=\"wp-block-paragraph\">D&#8217;11 a 14 hores: Obert per a l&#8217;alumnat del CEIP Joaqu\u00edn Mu\u00f1oz.<\/p>\n\n\n\n<p class=\"wp-block-paragraph\">De 16 a 19 hores: Obert per a fam\u00edlies, xiquetes i xiquets.<\/p>\n\n\n\n<p class=\"wp-block-paragraph\">A les 12 hores Manifest pel Dia Internacional de les Dones i la Igualtat en la Pla\u00e7a Vicent Ribes organitzat per la regidoria de Serveis Socials. Amb la participaci\u00f3 i col\u00b7laboraci\u00f3 de la Corporaci\u00f3 Municipal i personal de l&#8217;Ajuntament de Tur\u00eds, Aula Respir Municipal, Associaci\u00f3 de Mestresses de casa, CEIP Joaqu\u00edn Mu\u00f1oz, Associaci\u00f3 Per Ells i CFPA de Tur\u00eds. Les persones de l&#8217;Aula Respir ens obsequiaran amb un detall.<\/p>\n\n\n\n<p class=\"wp-block-paragraph\"><strong>Dissabte, 9 de mar\u00e7<\/strong><\/p>\n\n\n\n<p class=\"wp-block-paragraph\">A les 12 hores, formaci\u00f3 a entitats esportives municipals a c\u00e0rrec de la coeducadora i gestora esportiva Luc\u00eda Carmona \u00c1lamos &#8220;Q\u00fcestions vitals en la salut de les esportistes: Perqu\u00e8 tindre en compte el cicle hormonal vital \u00e9s important&#8221;, i taula redona d&#8217;esportistes de refer\u00e8ncia locals i nacionals, en el Teatre Ideal. Organitza regidoria d&#8217;Esports i col\u00b7labora la regidoria de Serveis Socials.<\/p>\n\n\n\n<p class=\"wp-block-paragraph\">A les 19 hores, concert de flauta i arpa del Duo Eleganza Val\u00e8ncia, en el Teatre Ideal, amb un programa al voltant del g\u00e8nere oper\u00edstic. A c\u00e0rrec de Noelia Carrascosa Mart\u00ednez (Flauta) i Stefany Jurenka (Arpa), organitzat per la regidoria de Cultura.<\/p>\n\n\n\n<p class=\"wp-block-paragraph\"><strong>Dilluns, 11 de mar\u00e7<\/strong><\/p>\n\n\n\n<p class=\"wp-block-paragraph\">A les 17.30 hores, lliurament de premis del Concurs de Dibuix del 8 de mar\u00e7 a Nikita Cotorobai de 4t A, i a Marcos Segura Sede\u00f1o, de 4t C, a la Biblioteca Municipal, a c\u00e0rrec de la regidoria de Serveis Socials.<\/p>\n\n\n\n<p class=\"wp-block-paragraph\">A les 18 hores Xarrada-taller &#8220;Vulgues-te molt i vulgues-te b\u00e9&#8221; a la Biblioteca Municipal, a c\u00e0rrec de Mar\u00eda Jos\u00e9 Quiles.<\/p>\n\n\n\n<p class=\"wp-block-paragraph\"><strong>Dimarts, 12 de mar\u00e7<\/strong><\/p>\n\n\n\n<p class=\"wp-block-paragraph\">A les 18 hores, l&#8217;Associaci\u00f3 Cultural oferir\u00e0 coca i xocolate i ball en el seu local, en el Centre d&#8217;Associacions Municipal.<\/p>\n\n\n\n<p class=\"wp-block-paragraph\"><\/p>\n","protected":false},"excerpt":{"rendered":"<div class=\"mh-excerpt\">Les activitats han sigut programades des del 27 de febrer al 12 de mar\u00e7 i en elles col\u00b7laboren: regidoria de Cultura i Educaci\u00f3, regidoria d&#8217;Esports i Joventut, Aula Respir Municipal; Associaci\u00f3 de Mestresses de casa; <a class=\"mh-excerpt-more\" href=\"https:\/\/tucomarca.whitekongsoftware.com\/ca\/turis-presenta-la-programacio-de-la-setmana-de-les-dones-per-la-igualtat-que-organitza-la-regidoria-de-serveis-socials\/\" title=\"Tur\u00eds presenta la programaci\u00f3 de la &#8220;Setmana de les dones per la Igualtat&#8221; que organitza la regidoria de Serveis Socials\">[+] <\/a><\/div>\n","protected":false},"author":12,"featured_media":212749,"comment_status":"open","ping_status":"open","sticky":false,"template":"","format":"image","meta":{"footnotes":""},"categories":[11019,10894,10902,11007,10947,10896,11047],"tags":[11508,11356,11093],"class_list":["post-212752","post","type-post","status-publish","format-image","has-post-thumbnail","category-agenda-ca","category-la-comarca-ca","category-la-ribera-ca","category-ocio-y-cultura-ca","category-politica","category-seccion-ca","category-turis-ca","tag-8m-ca","tag-ribera-alta-ca","tag-turis-ca","post_format-post-format-image"],"_links":{"self":[{"href":"https:\/\/tucomarca.whitekongsoftware.com\/ca\/wp-json\/wp\/v2\/posts\/212752","targetHints":{"allow":["GET"]}}],"collection":[{"href":"https:\/\/tucomarca.whitekongsoftware.com\/ca\/wp-json\/wp\/v2\/posts"}],"about":[{"href":"https:\/\/tucomarca.whitekongsoftware.com\/ca\/wp-json\/wp\/v2\/types\/post"}],"author":[{"embeddable":true,"href":"https:\/\/tucomarca.whitekongsoftware.com\/ca\/wp-json\/wp\/v2\/users\/12"}],"replies":[{"embeddable":true,"href":"https:\/\/tucomarca.whitekongsoftware.com\/ca\/wp-json\/wp\/v2\/comments?post=212752"}],"version-history":[{"count":0,"href":"https:\/\/tucomarca.whitekongsoftware.com\/ca\/wp-json\/wp\/v2\/posts\/212752\/revisions"}],"wp:featuredmedia":[{"embeddable":true,"href":"https:\/\/tucomarca.whitekongsoftware.com\/ca\/wp-json\/wp\/v2\/media\/212749"}],"wp:attachment":[{"href":"https:\/\/tucomarca.whitekongsoftware.com\/ca\/wp-json\/wp\/v2\/media?parent=212752"}],"wp:term":[{"taxonomy":"category","embeddable":true,"href":"https:\/\/tucomarca.whitekongsoftware.com\/ca\/wp-json\/wp\/v2\/categories?post=212752"},{"taxonomy":"post_tag","embeddable":true,"href":"https:\/\/tucomarca.whitekongsoftware.com\/ca\/wp-json\/wp\/v2\/tags?post=212752"}],"curies":[{"name":"wp","href":"https:\/\/api.w.org\/{rel}","templated":true}]}}