{"id":212734,"date":"2024-02-28T12:00:00","date_gmt":"2024-02-28T11:00:00","guid":{"rendered":"https:\/\/www.tucomarca.com\/wordpress\/segunda\/?p=212734"},"modified":"2024-02-28T12:12:06","modified_gmt":"2024-02-28T11:12:06","slug":"la-formacio-porvenir-de-cortes-de-pallas-valora-molt-positivament-la-trobada-per-a-crear-una-confederacio-municipalista-estatal-realitzat-a-madrid","status":"publish","type":"post","link":"https:\/\/tucomarca.whitekongsoftware.com\/ca\/la-formacio-porvenir-de-cortes-de-pallas-valora-molt-positivament-la-trobada-per-a-crear-una-confederacio-municipalista-estatal-realitzat-a-madrid\/","title":{"rendered":"La formaci\u00f3 Porvenir, de Cortes de Pall\u00e1s, valora &#8220;molt positivament&#8221; la trobada per a crear una Confederaci\u00f3 Municipalista estatal realitzat a Madrid"},"content":{"rendered":"\n<p class=\"wp-block-paragraph\">La formaci\u00f3 Porvenir, encap\u00e7alada pel regidor i portaveu David Herrera Lamb\u00edez, ha participat aquest passat dissabte en la trobada sense precedents per al municipalisme espanyol. M\u00e9s de 500 alcaldes, regidors i diputats provincials, tots independents i representants de cada rac\u00f3 del pa\u00eds, s&#8217;han reunit en una convenci\u00f3 que transcendeix les divisions geogr\u00e0fiques i partidistes, abordant de front els desafiaments actuals que enfronta el municipalisme.<\/p>\n\n\n\n<p class=\"wp-block-paragraph\">Una reuni\u00f3 que ha sigut valorada &#8220;molt positivament&#8221; pel portaveu de Porvenir, formaci\u00f3 que governa al costat del Partit Popular a l&#8217;Ajuntament de Cortes de Pall\u00e1s. David Herrera ha subratllat &#8220;l&#8217;interessant que ha sigut el poder posar en com\u00fa entre totes les formacions municipalistes d&#8217;Espanya nostres inquietuds i interessos, per a junts poder-los afrontar&#8221;.<\/p>\n\n\n\n<p class=\"wp-block-paragraph\">El regidor d&#8217;Urbanisme de Cortes de Pall\u00e1s ha subratllat que aquesta &#8220;trobada hist\u00f2rica marca un punt d&#8217;inflexi\u00f3 per al municipalisme a Espanya, unint a l\u00edders locals de diverses proced\u00e8ncies en un objectiu com\u00fa d&#8217;enfortir els nostres municipis i ciutats, i representar millor als nostres ciutadans&#8221;, per la qual cosa no ha ocultat la seua &#8220;il\u00b7lusi\u00f3 pel futur d&#8217;aquesta Confederaci\u00f3 Municipalista, en la qual ens hem comprom\u00e9s a treballar junts per a fer que les nostres veus s&#8217;escolten encara m\u00e9s forta en tots els nivells de govern\u201d.<\/p>\n\n\n\n<figure class=\"wp-block-gallery has-nested-images columns-default is-cropped wp-block-gallery-1 is-layout-flex wp-block-gallery-is-layout-flex\">\n<figure class=\"wp-block-image size-large\"><img loading=\"lazy\" decoding=\"async\" width=\"886\" height=\"665\" data-id=\"212729\" src=\"http:\/\/www.tucomarca.com\/wordpress\/segunda\/wp-content\/uploads\/2024\/02\/Municipalistas8.jpg\" alt=\"\" class=\"wp-image-212729\" srcset=\"https:\/\/tucomarca.whitekongsoftware.com\/wp-content\/uploads\/2024\/02\/Municipalistas8.jpg 886w, https:\/\/tucomarca.whitekongsoftware.com\/wp-content\/uploads\/2024\/02\/Municipalistas8-300x225.jpg 300w, https:\/\/tucomarca.whitekongsoftware.com\/wp-content\/uploads\/2024\/02\/Municipalistas8-768x576.jpg 768w, https:\/\/tucomarca.whitekongsoftware.com\/wp-content\/uploads\/2024\/02\/Municipalistas8-678x509.jpg 678w, https:\/\/tucomarca.whitekongsoftware.com\/wp-content\/uploads\/2024\/02\/Municipalistas8-326x245.jpg 326w, https:\/\/tucomarca.whitekongsoftware.com\/wp-content\/uploads\/2024\/02\/Municipalistas8-80x60.jpg 80w\" sizes=\"auto, (max-width: 886px) 100vw, 886px\" \/><\/figure>\n\n\n\n<figure class=\"wp-block-image size-large\"><img loading=\"lazy\" decoding=\"async\" width=\"2048\" height=\"1536\" data-id=\"212731\" src=\"http:\/\/www.tucomarca.com\/wordpress\/segunda\/wp-content\/uploads\/2024\/02\/Municipalistas9.jpg\" alt=\"\" class=\"wp-image-212731\" srcset=\"https:\/\/tucomarca.whitekongsoftware.com\/wp-content\/uploads\/2024\/02\/Municipalistas9.jpg 2048w, https:\/\/tucomarca.whitekongsoftware.com\/wp-content\/uploads\/2024\/02\/Municipalistas9-300x225.jpg 300w, https:\/\/tucomarca.whitekongsoftware.com\/wp-content\/uploads\/2024\/02\/Municipalistas9-1024x768.jpg 1024w, https:\/\/tucomarca.whitekongsoftware.com\/wp-content\/uploads\/2024\/02\/Municipalistas9-768x576.jpg 768w, https:\/\/tucomarca.whitekongsoftware.com\/wp-content\/uploads\/2024\/02\/Municipalistas9-1536x1152.jpg 1536w, https:\/\/tucomarca.whitekongsoftware.com\/wp-content\/uploads\/2024\/02\/Municipalistas9-678x509.jpg 678w, https:\/\/tucomarca.whitekongsoftware.com\/wp-content\/uploads\/2024\/02\/Municipalistas9-326x245.jpg 326w, https:\/\/tucomarca.whitekongsoftware.com\/wp-content\/uploads\/2024\/02\/Municipalistas9-80x60.jpg 80w\" sizes=\"auto, (max-width: 2048px) 100vw, 2048px\" \/><\/figure>\n<\/figure>\n\n\n\n<p class=\"wp-block-paragraph\">La jornada, que s&#8217;ha iniciat amb un minut de silenci per les v\u00edctimes de l&#8217;incendi ocorregut a Val\u00e8ncia, s&#8217;ha dividit en dues parts significatives. David Garc\u00eda, alcalde de Nules, ha sigut l&#8217;encarregat d&#8217;inaugurar l&#8217;acte expressant la seua gratitud: \u201cFa escassos mesos aix\u00f2 era un somni, hui s&#8217;ha materialitzat en una realitat. Hui ens hem reunit els representants de la for\u00e7a municipalista, la tercera for\u00e7a del pa\u00eds en nombre de c\u00e0rrecs p\u00fablics en l&#8217;\u00e0mbit local\u201d.<\/p>\n\n\n\n<p class=\"wp-block-paragraph\">Despr\u00e9s de la benvinguda, han tingut lloc tres taules redones que han abordat els reptes, problem\u00e0tiques i desafiaments a curt i mitj\u00e0 termini del municipalisme, aix\u00ed com la necessitat de cooperaci\u00f3 i col\u00b7laboraci\u00f3 per a un municipalisme organitzat. En la primera han participat els alcaldes de la L\u00ednia de la Concepci\u00f3, Juan Franco; Jes\u00fas Gim\u00e9nez, regidor a Cartagena; Alfredo Garc\u00eda-Plata, ex alcalde i actual regidor en Torrelodones; Mar\u00eda Dolores Almarcha, alcaldessa de Montealegre del Castillo; Montse Cervera, alcaldessa de Loriguilla; i ha estat moderada per \u00c1ngel Montealegre, president de UCIN. En la segona han participat Ana Sala, alcaldessa de Calp; Jorge Rodr\u00edguez, alcalde d&#8217;Ontinyent; Gin\u00e9s Campillo, alcalde de Mazarr\u00f3n; Iv\u00e1n Fern\u00e1ndez, alcalde de Serranillos de la Vall; \u00d3scar Hern\u00e1ndez, alcalde de Ag\u00fcimes; i ha sigut moderada per Ana Calatayud, regidor a Carcaixent.<\/p>\n\n\n\n<p class=\"wp-block-paragraph\">En la mateixa l\u00ednia, tamb\u00e9 s&#8217;ha abordat la import\u00e0ncia de la pres\u00e8ncia del municipalisme en les Diputacions Provincials i Cap\u00edtols Insulars per a assegurar que les veus locals siguen escoltades. Sobre aquest tema, han participat en aquesta taula Natalia Enguix, vicepresidenta primera de la Diputaci\u00f3 de Val\u00e8ncia; Javier Vidal, vicepresident segon de la Diputaci\u00f3 de Cadis; Eloy Vaig prendre, diputat provincial a Zamora; Bel\u00e9n Esteban, diputada provincial de Burgos; Pere Garriga, diputat provincial de Girona; i ha sigut moderada per Antonio Linaje, alcalde d&#8217;Aranda de Duero.<\/p>\n\n\n\n<p class=\"wp-block-paragraph\">En la segona part de la convenci\u00f3 s&#8217;ha dut a terme l&#8217;assemblea constituent de la Confederaci\u00f3 Municipalista. S&#8217;han llegit els partits assistents promotors, i s&#8217;ha constitu\u00eft la mesa de l&#8217;assemblea constituent. Per unanimitat, s&#8217;han aprovat el manifest fundacional i els estatuts i el nom d&#8217;Uni\u00f3 Municipalista per a la nova confederaci\u00f3.<\/p>\n\n\n\n<p class=\"wp-block-paragraph\">Per a la seua clausura, s&#8217;ha triat l&#8217;Executiva i una Comissi\u00f3 de Garanties. L&#8217;alcalde de Nules, David Garc\u00eda, ha sigut nomenat primer president de la Uni\u00f3 Municipalista. Amb tot aix\u00f2, s&#8217;ha completat un dia hist\u00f2ric i transformador per al municipalisme espanyol.\u00a0<\/p>\n","protected":false},"excerpt":{"rendered":"<div class=\"mh-excerpt\">La formaci\u00f3 Porvenir, encap\u00e7alada pel regidor i portaveu David Herrera Lamb\u00edez, ha participat aquest passat dissabte en la trobada sense precedents per al municipalisme espanyol. M\u00e9s de 500 alcaldes, regidors i diputats provincials, tots independents <a class=\"mh-excerpt-more\" href=\"https:\/\/tucomarca.whitekongsoftware.com\/ca\/la-formacio-porvenir-de-cortes-de-pallas-valora-molt-positivament-la-trobada-per-a-crear-una-confederacio-municipalista-estatal-realitzat-a-madrid\/\" title=\"La formaci\u00f3 Porvenir, de Cortes de Pall\u00e1s, valora &#8220;molt positivament&#8221; la trobada per a crear una Confederaci\u00f3 Municipalista estatal realitzat a Madrid\">[+] <\/a><\/div>\n","protected":false},"author":12,"featured_media":212728,"comment_status":"open","ping_status":"open","sticky":false,"template":"","format":"standard","meta":{"footnotes":""},"categories":[10951,10953,10948,10894,10947,10896],"tags":[11216,11230,20356],"class_list":["post-212734","post","type-post","status-publish","format-standard","has-post-thumbnail","category-ayora-cofrentes-ca","category-cortes-de-pallas-ca","category-infraestructuras-ca","category-la-comarca-ca","category-politica","category-seccion-ca","tag-ayora-cofrentes-ca","tag-cortes-de-pallas-ca","tag-porvenir-ca"],"_links":{"self":[{"href":"https:\/\/tucomarca.whitekongsoftware.com\/ca\/wp-json\/wp\/v2\/posts\/212734","targetHints":{"allow":["GET"]}}],"collection":[{"href":"https:\/\/tucomarca.whitekongsoftware.com\/ca\/wp-json\/wp\/v2\/posts"}],"about":[{"href":"https:\/\/tucomarca.whitekongsoftware.com\/ca\/wp-json\/wp\/v2\/types\/post"}],"author":[{"embeddable":true,"href":"https:\/\/tucomarca.whitekongsoftware.com\/ca\/wp-json\/wp\/v2\/users\/12"}],"replies":[{"embeddable":true,"href":"https:\/\/tucomarca.whitekongsoftware.com\/ca\/wp-json\/wp\/v2\/comments?post=212734"}],"version-history":[{"count":0,"href":"https:\/\/tucomarca.whitekongsoftware.com\/ca\/wp-json\/wp\/v2\/posts\/212734\/revisions"}],"wp:featuredmedia":[{"embeddable":true,"href":"https:\/\/tucomarca.whitekongsoftware.com\/ca\/wp-json\/wp\/v2\/media\/212728"}],"wp:attachment":[{"href":"https:\/\/tucomarca.whitekongsoftware.com\/ca\/wp-json\/wp\/v2\/media?parent=212734"}],"wp:term":[{"taxonomy":"category","embeddable":true,"href":"https:\/\/tucomarca.whitekongsoftware.com\/ca\/wp-json\/wp\/v2\/categories?post=212734"},{"taxonomy":"post_tag","embeddable":true,"href":"https:\/\/tucomarca.whitekongsoftware.com\/ca\/wp-json\/wp\/v2\/tags?post=212734"}],"curies":[{"name":"wp","href":"https:\/\/api.w.org\/{rel}","templated":true}]}}