{"id":212607,"date":"2024-02-27T08:00:00","date_gmt":"2024-02-27T07:00:00","guid":{"rendered":"https:\/\/www.tucomarca.com\/wordpress\/segunda\/?p=212607"},"modified":"2024-02-27T13:50:02","modified_gmt":"2024-02-27T12:50:02","slug":"la-diputacio-de-valencia-promociona-la-provincia-en-fires-de-navarra-i-extremadura","status":"publish","type":"post","link":"https:\/\/tucomarca.whitekongsoftware.com\/ca\/la-diputacio-de-valencia-promociona-la-provincia-en-fires-de-navarra-i-extremadura\/","title":{"rendered":"La Diputaci\u00f3 de Val\u00e8ncia promociona la prov\u00edncia en fires de Navarra i Extremadura"},"content":{"rendered":"\n<h3 class=\"wp-block-heading\">A trav\u00e9s de la seua marca Val\u00e8ncia Turisme, la corporaci\u00f3 provincial ha participat en NAVARTUR i en la Feria Internacional de Turismo Ornitol\u00f3gico FIO2024.<\/h3>\n\n\n\n<p class=\"wp-block-paragraph\">La Diputaci\u00f3 de Val\u00e8ncia, a trav\u00e9s de la seua marca Val\u00e8ncia Turisme, ha promocionat l&#8217;oferta tur\u00edstica de la prov\u00edncia durant el passat cap de setmana en diversos cert\u00e0mens, celebrats a Navarra i Extremadura, aix\u00ed com en el municipi de Guadassuar, amb gran \u00e8xit entre el p\u00fablic assistent.<\/p>\n\n\n\n<p class=\"wp-block-paragraph\">D&#8217;esta manera, Val\u00e8ncia Turisme ha participat en la Fira Internacional de Turisme de Navarra NAVARTUR 2024, celebrada en el Palacio de Ferias y Congresos Baluarte de Pamplona, i dirigida tant a p\u00fablic professional com general.<\/p>\n\n\n\n<p class=\"wp-block-paragraph\">En el certamen, Val\u00e8ncia Turisme va donar a con\u00e9ixer l&#8217;oferta tur\u00edstica actual de la prov\u00edncia, amb m\u00faltiples experi\u00e8ncies i varietat de destins, juntament amb els municipis de Cullera i Gandia, que van acudir a l&#8217;esdeveniment com coexpositores dins de l&#8217;estand de Turisme Comunitat Valenciana.<\/p>\n\n\n\n<p class=\"wp-block-paragraph\">A m\u00e9s, la marca de la Diputaci\u00f3 va participar en el Workshop Navartur Meet, a trav\u00e9s de&nbsp; reunions presencials amb ag\u00e8ncies de viatges i turoperadors de set pa\u00efsos que van afavorir el contacte entre oferta i demanda.<\/p>\n\n\n\n<p class=\"wp-block-paragraph\">En la fira es van donar cita organismes oficials de promoci\u00f3 tur\u00edstica nacionals i internacionals, empreses d&#8217;allotjament, ag\u00e8ncies de viatge i turoperadors, companyies de transport, ecoturisme, turisme d&#8217;aventura, de platja i urb\u00e0, de congressos i de enoturismo, entre altres.<\/p>\n\n\n\n<p class=\"wp-block-paragraph\">Esta ha sigut la desena ocasi\u00f3 en qu\u00e8 Val\u00e8ncia Turisme ha participat en Navartur, un certamen que facilita l&#8217;acc\u00e9s a un mercat potencial d&#8217;alt poder adquisitiu, procedent de tota Navarra i el Pa\u00eds Basc.<\/p>\n\n\n\n<p class=\"wp-block-paragraph\"><strong>FIO 2024 a C\u00e0ceres<\/strong><\/p>\n\n\n\n<p class=\"wp-block-paragraph\">Val\u00e8ncia Turisme, al mateix temps, ha promocionat la prov\u00edncia com a dest\u00ed de turisme ornitol\u00f2gic i de naturalesa en la XIX Feria Internacional de Turismo Ornitol\u00f3gico FIO2024, que s&#8217;ha celebrat durant els mateixos dies en Villarreal de San Carlos (Parque Nacional de Monfrag\u00fce, C\u00e0ceres).<\/p>\n\n\n\n<p class=\"wp-block-paragraph\">La marca de la Diputaci\u00f3 de Val\u00e8ncia ha acudit al certamen, el de major traject\u00f2ria i reconeixement d&#8217;Espa\u00f1a en este \u00e0mbit, en col\u00b7laboraci\u00f3 amb Turisme Comunitat Valenciana i l&#8217;Associaci\u00f3 de Guies de Birding de la Comunitat Valenciana, dins de l&#8217;estand de la Comunitat Valenciana i en el marc de l&#8217;estrat\u00e8gia conjunta que mantenen les tres entitats per a posicionar la regi\u00f3 com a referent nacional i internacional del turisme ornitol\u00f2gic.<\/p>\n\n\n\n<p class=\"wp-block-paragraph\">Aix\u00ed, Val\u00e8ncia Turisme ha promocionat la prov\u00edncia com a dest\u00ed <em>birding<\/em> a nivell internacional amb la posada en valor de tots els recursos i experi\u00e8ncies associades a esta activitat, a m\u00e9s de donar a con\u00e9ixer tota l&#8217;oferta ecotur\u00edstica, estretament relacionades amb la dinamitzaci\u00f3 de zones rurals i d&#8217;interior, contribuint tamb\u00e9 a la desestacionalitzaci\u00f3 del turisme a la prov\u00edncia i a la seua alineaci\u00f3 amb les noves tend\u00e8ncies en mat\u00e8ria sostenible.<\/p>\n\n\n\n<p class=\"wp-block-paragraph\">L&#8217;Associaci\u00f3 de Guies de Birding ha sigut l&#8217;encarregada d&#8217;atendre, amb personal t\u00e8cnic especialitzat, als visitants professionals i el p\u00fablic general que ha visitat la fira.<\/p>\n\n\n\n<p class=\"wp-block-paragraph\">El <em>birdwatching<\/em> o turisme ornitol\u00f2gic \u00e9s un nucli de mercat en auge en el mercat nacional i internacional, per la qual cosa este tipus de fires atrau a un gran nombre de persones (m\u00e9s de 15.000 visitants en les \u00faltimes edicions).<\/p>\n\n\n\n<p class=\"wp-block-paragraph\"><strong>Agroguadassuar 2024<\/strong><\/p>\n\n\n\n<p class=\"wp-block-paragraph\">El tercer dels cert\u00e0mens en els quals ha sigut present Val\u00e8ncia Turisme este cap de setmana s&#8217;ha celebrat a la nostra prov\u00edncia. Agroguadassuar 2024, la XXVII Fira Agr\u00edcola, Industrial i Comercial de la Ribera del municipi de Guadassuar, ha comptat amb un variat programa d&#8217;activitats centrat en la import\u00e0ncia d&#8217;estes tres activitats econ\u00f2miques per al desenvolupament sostenible de la comarca.<\/p>\n","protected":false},"excerpt":{"rendered":"<div class=\"mh-excerpt\">A trav\u00e9s de la seua marca Val\u00e8ncia Turisme, la corporaci\u00f3 provincial ha participat en NAVARTUR i en la Feria Internacional de Turismo Ornitol\u00f3gico FIO2024. La Diputaci\u00f3 de Val\u00e8ncia, a trav\u00e9s de la seua marca Val\u00e8ncia <a class=\"mh-excerpt-more\" href=\"https:\/\/tucomarca.whitekongsoftware.com\/ca\/la-diputacio-de-valencia-promociona-la-provincia-en-fires-de-navarra-i-extremadura\/\" title=\"La Diputaci\u00f3 de Val\u00e8ncia promociona la prov\u00edncia en fires de Navarra i Extremadura\">[+] <\/a><\/div>\n","protected":false},"author":12,"featured_media":212605,"comment_status":"open","ping_status":"open","sticky":false,"template":"","format":"standard","meta":{"footnotes":""},"categories":[10894,10904,11007,10896],"tags":[11246,11404],"class_list":["post-212607","post","type-post","status-publish","format-standard","has-post-thumbnail","category-la-comarca-ca","category-sin-categorizar-ca","category-ocio-y-cultura-ca","category-seccion-ca","tag-diputacio-de-valencia-ca","tag-valencia-turisme-ca"],"_links":{"self":[{"href":"https:\/\/tucomarca.whitekongsoftware.com\/ca\/wp-json\/wp\/v2\/posts\/212607","targetHints":{"allow":["GET"]}}],"collection":[{"href":"https:\/\/tucomarca.whitekongsoftware.com\/ca\/wp-json\/wp\/v2\/posts"}],"about":[{"href":"https:\/\/tucomarca.whitekongsoftware.com\/ca\/wp-json\/wp\/v2\/types\/post"}],"author":[{"embeddable":true,"href":"https:\/\/tucomarca.whitekongsoftware.com\/ca\/wp-json\/wp\/v2\/users\/12"}],"replies":[{"embeddable":true,"href":"https:\/\/tucomarca.whitekongsoftware.com\/ca\/wp-json\/wp\/v2\/comments?post=212607"}],"version-history":[{"count":0,"href":"https:\/\/tucomarca.whitekongsoftware.com\/ca\/wp-json\/wp\/v2\/posts\/212607\/revisions"}],"wp:featuredmedia":[{"embeddable":true,"href":"https:\/\/tucomarca.whitekongsoftware.com\/ca\/wp-json\/wp\/v2\/media\/212605"}],"wp:attachment":[{"href":"https:\/\/tucomarca.whitekongsoftware.com\/ca\/wp-json\/wp\/v2\/media?parent=212607"}],"wp:term":[{"taxonomy":"category","embeddable":true,"href":"https:\/\/tucomarca.whitekongsoftware.com\/ca\/wp-json\/wp\/v2\/categories?post=212607"},{"taxonomy":"post_tag","embeddable":true,"href":"https:\/\/tucomarca.whitekongsoftware.com\/ca\/wp-json\/wp\/v2\/tags?post=212607"}],"curies":[{"name":"wp","href":"https:\/\/api.w.org\/{rel}","templated":true}]}}