{"id":212596,"date":"2024-02-28T09:08:00","date_gmt":"2024-02-28T08:08:00","guid":{"rendered":"https:\/\/www.tucomarca.com\/wordpress\/segunda\/?p=212596"},"modified":"2024-02-28T19:14:26","modified_gmt":"2024-02-28T18:14:26","slug":"la-unio-assenyala-que-brusselles-i-planas-riuen-amb-les-seues-propostes-del-camp-valencia-al-no-abordar-la-competencia-deslleial-de-les-importacions","status":"publish","type":"post","link":"https:\/\/tucomarca.whitekongsoftware.com\/ca\/la-unio-assenyala-que-brusselles-i-planas-riuen-amb-les-seues-propostes-del-camp-valencia-al-no-abordar-la-competencia-deslleial-de-les-importacions\/","title":{"rendered":"La Uni\u00f3 assenyala que Brussel\u00b7les i Planas &#8220;se riuen amb les seues propostes del camp valenci\u00e0 al no abordar la compet\u00e8ncia deslleial de les importacions&#8221;"},"content":{"rendered":"\n<h3 class=\"wp-block-heading\">S&#8217;estudia un nou calendari de mobilitzacions perqu\u00e8 no es \u201cprenen de deb\u00f2 la situaci\u00f3 i les decisions es fan per a quatre grans empreses, en lloc de fer costat al model agrari familiar, professional i majoritari\u201d.<\/h3>\n\n\n\n<p class=\"wp-block-paragraph\">La Uni\u00f3, despr\u00e9s de la celebraci\u00f3 del Consell de ministres d&#8217;Agricultura d&#8217;aquest dilluns a Brussel\u00b7les, critica la falta de serietat del comissari d&#8217;Agricultura, l&#8217;abs\u00e8ncia d&#8217;an\u00e0lisi de la compet\u00e8ncia deslleial de les importacions de tercers pa\u00efsos i la necessitat urgent d&#8217;incorporar cl\u00e0usules espill en els tractats de lliure comer\u00e7 i la hipocresia de Luis Planas.<\/p>\n\n\n\n<p class=\"wp-block-paragraph\">La Uni\u00f3, despr\u00e9s d&#8217;estudiar el debatut durant el Consell de Ministres, critica que la Uni\u00f3 Europea continue donant l&#8217;esquena al camp valenci\u00e0, afavorint les produccions i comercialitzaci\u00f3 de tercers pa\u00efsos sense incorporar les cl\u00e0usules espill en els acords que estan debatent-se i que t\u00e9 previst aprovar de manera quasi imminent, negant el problema.<\/p>\n\n\n\n<p class=\"wp-block-paragraph\">L&#8217;organitzaci\u00f3 recorda que aquestes cl\u00e0usules podrien servir per a frenar la compet\u00e8ncia deslleial que s&#8217;est\u00e0 generant amb altres pa\u00efsos des de fa temps, afavorint, per fi, la producci\u00f3 i comercialitzaci\u00f3 en igualtat de condicions. \u201cLa UE ens utilitza com a moneda de canvi en temes pol\u00edtics i despr\u00e9s tamb\u00e9 afavoreix a les grans empreses i fons d&#8217;inversi\u00f3 que s\u00f3n els \u00fanics beneficiaris dels acords amb tercers pa\u00efsos, amb inversions i normatives m\u00e9s laxes que les nostres. \u00c9s un ab\u00fas i un aband\u00f3 continu el que patim els professionals agraris europeus i es posa de manifest que la UE nom\u00e9s treballa per a quatre grans empreses\u201d, assenyala Carles Peris, secretari general de La Uni\u00f3.<\/p>\n\n\n\n<p class=\"wp-block-paragraph\">En aquest sentit, manifesta la seua desaprovaci\u00f3 per les declaracions del comissari d&#8217;Agricultura que tira pilotes fora sobre la responsabilitat europea dels acords comercials de Mercosur i el Marroc. \u201cSi aix\u00f2 no \u00e9s pol\u00edtica agr\u00e0ria, qu\u00e8 \u00e9s? \u00c9s l&#8217;\u00fas de l&#8217;agricultura i la ramaderia com a moneda de canvi d&#8217;una forma descarada. El Comissari d&#8217;Agricultura no ha ent\u00e9s res malgrat tindre els tractors a la seua porta\u201d, comenta l&#8217;organitzaci\u00f3. En aquest sentit, assenyala que el ministre d&#8217;Agricultura es torna igual que es va anar, sense aconseguir res en un Consell que s&#8217;antullava per a l&#8217;opini\u00f3 p\u00fablica un punt d&#8217;inflexi\u00f3 en les mobilitzacions.<\/p>\n\n\n\n<p class=\"wp-block-paragraph\">Uni\u00f3n de Uniones, organitzaci\u00f3 estatal en la qual s&#8217;integra La Uni\u00f3, est\u00e0 ja treballant en un nou calendari de mobilitzacions. De fet hui els nostres companys de Uni\u00f3 de Pagesos de Catalunya han convocat hui i dem\u00e0 concentracions en passos fronterers amb Fran\u00e7a com a senyal de protesta d&#8217;aquesta pol\u00edtica permissiva amb les importacions.<\/p>\n\n\n\n<p class=\"wp-block-paragraph\">D&#8217;altra banda, l&#8217;organitzaci\u00f3 valora positivament que es tinga en compte la petici\u00f3 de flexibilitzaci\u00f3 de la interpretaci\u00f3 de la cl\u00e0usula de for\u00e7a major del reglament de finan\u00e7ament de la PAC tenint en consideraci\u00f3 el context actual i les conseq\u00fc\u00e8ncies de desestabilitzaci\u00f3 per la guerra a Ucra\u00efna.<\/p>\n\n\n\n<p class=\"wp-block-paragraph\">A nivell estatal, l&#8217;organitzaci\u00f3 lamenta la des\u00eddia de Planas en sentir-se eximit de culpes per com est\u00e0 la situaci\u00f3 del sector agrari. \u201cHem llegit que el ministre diu que \u201ca un problema europeu, una resposta europea\u201d com si ell no tinguera res a veure o no formara part de la presa de decisions d&#8217;Europa que ens han portat fins on estem\u201d, critiquen des de La Uni\u00f3. \u201cHi ha moltes coses que ell s\u00ed que pot fer en un altre \u00e0mbit perqu\u00e8 el camp vaja millor, aix\u00ed que ens sembla que m\u00e9s aviat vol esc\u00f3rrer l&#8217;embalum i passar la cre\u00eflla calenta a uns altres\u201d, afig. L&#8217;organitzaci\u00f3 considera una hipocresia que el Ministre Planas apel\u00b7le a la necessitat de di\u00e0leg entre les institucions europees i els llauradors i ramaders quan ell, a Espanya, ho restringeix en bloquejar les eleccions al camp, deixant discrecionalment fora de la interlocuci\u00f3 institucional a la nostra organitzaci\u00f3 estatal Uni\u00f3n de Uniones, que ha acreditat de forma sobrada la seua representativitat i solv\u00e8ncia amb el seu treball reivindicatiu en aquests anys, en les urnes all\u00ed on s&#8217;han celebrat consultes i amb el suport massiu i hist\u00f2ric demostrat en la tractorada del 21 de febrer passat.<\/p>\n\n\n\n<p class=\"wp-block-paragraph\">Tampoc pot eludir la seua responsabilitat sobre els motius d&#8217;aquestes protestes el conseller d&#8217;Agricultura, Jos\u00e9 Luis Aguirre. \u201cEl nou equip de Conselleria, despr\u00e9s de set mesos en el c\u00e0rrec, no pot dedicar-se a llan\u00e7ar cont\u00ednuament pilotes fora, tirant les culpes a Madrid i Brussel\u00b7les, com si no fora amb ell la cosa quan es poden fer coses en clau de pol\u00edtica agr\u00e0ria auton\u00f2mica\u201d.<\/p>\n","protected":false},"excerpt":{"rendered":"<div class=\"mh-excerpt\">S&#8217;estudia un nou calendari de mobilitzacions perqu\u00e8 no es \u201cprenen de deb\u00f2 la situaci\u00f3 i les decisions es fan per a quatre grans empreses, en lloc de fer costat al model agrari familiar, professional i <a class=\"mh-excerpt-more\" href=\"https:\/\/tucomarca.whitekongsoftware.com\/ca\/la-unio-assenyala-que-brusselles-i-planas-riuen-amb-les-seues-propostes-del-camp-valencia-al-no-abordar-la-competencia-deslleial-de-les-importacions\/\" title=\"La Uni\u00f3 assenyala que Brussel\u00b7les i Planas &#8220;se riuen amb les seues propostes del camp valenci\u00e0 al no abordar la compet\u00e8ncia deslleial de les importacions&#8221;\">[+] <\/a><\/div>\n","protected":false},"author":12,"featured_media":212595,"comment_status":"open","ping_status":"open","sticky":false,"template":"","format":"standard","meta":{"footnotes":""},"categories":[10905,10898,10948,10894,10904,10902,10947,10909,10896],"tags":[20350,18804,18022],"class_list":["post-212596","post","type-post","status-publish","format-standard","has-post-thumbnail","category-agricultura-la-comarca-ca","category-ventana-ca","category-infraestructuras-ca","category-la-comarca-ca","category-sin-categorizar-ca","category-la-ribera-ca","category-politica","category-requena-utiel-ca","category-seccion-ca","tag-competencia-desleal-importaciones-ca","tag-europa-ca","tag-la-unio-llauradora-ca"],"_links":{"self":[{"href":"https:\/\/tucomarca.whitekongsoftware.com\/ca\/wp-json\/wp\/v2\/posts\/212596","targetHints":{"allow":["GET"]}}],"collection":[{"href":"https:\/\/tucomarca.whitekongsoftware.com\/ca\/wp-json\/wp\/v2\/posts"}],"about":[{"href":"https:\/\/tucomarca.whitekongsoftware.com\/ca\/wp-json\/wp\/v2\/types\/post"}],"author":[{"embeddable":true,"href":"https:\/\/tucomarca.whitekongsoftware.com\/ca\/wp-json\/wp\/v2\/users\/12"}],"replies":[{"embeddable":true,"href":"https:\/\/tucomarca.whitekongsoftware.com\/ca\/wp-json\/wp\/v2\/comments?post=212596"}],"version-history":[{"count":0,"href":"https:\/\/tucomarca.whitekongsoftware.com\/ca\/wp-json\/wp\/v2\/posts\/212596\/revisions"}],"wp:featuredmedia":[{"embeddable":true,"href":"https:\/\/tucomarca.whitekongsoftware.com\/ca\/wp-json\/wp\/v2\/media\/212595"}],"wp:attachment":[{"href":"https:\/\/tucomarca.whitekongsoftware.com\/ca\/wp-json\/wp\/v2\/media?parent=212596"}],"wp:term":[{"taxonomy":"category","embeddable":true,"href":"https:\/\/tucomarca.whitekongsoftware.com\/ca\/wp-json\/wp\/v2\/categories?post=212596"},{"taxonomy":"post_tag","embeddable":true,"href":"https:\/\/tucomarca.whitekongsoftware.com\/ca\/wp-json\/wp\/v2\/tags?post=212596"}],"curies":[{"name":"wp","href":"https:\/\/api.w.org\/{rel}","templated":true}]}}