{"id":212532,"date":"2024-02-26T20:00:00","date_gmt":"2024-02-26T19:00:00","guid":{"rendered":"https:\/\/www.tucomarca.com\/wordpress\/segunda\/?p=212532"},"modified":"2024-02-26T21:22:30","modified_gmt":"2024-02-26T20:22:30","slug":"el-bunolense-de-13-anos-javier-ballester-galarza-finalista-en-la-categoria-sub-14-del-prestigioso-y-mas-importante-torneo-nacional-de-tenis-de-rafa-nadal","status":"publish","type":"post","link":"https:\/\/tucomarca.whitekongsoftware.com\/ca\/el-bunolense-de-13-anos-javier-ballester-galarza-finalista-en-la-categoria-sub-14-del-prestigioso-y-mas-importante-torneo-nacional-de-tenis-de-rafa-nadal\/","title":{"rendered":"El bunyolense de 13 anys Javier Ballester Galarza, finalista en la categoria sub-14 del prestigi\u00f3s i m\u00e9s important torneig nacional de tenis de Rafa Nadal"},"content":{"rendered":"\n<h3 class=\"wp-block-heading\">El bunyolense de 13 anys Javier Ballester Galarza ha quedat finalista en la categoria sub-14 del prestigi\u00f3s i m\u00e9s important torneig nacional de tenis juvenil: el Rafa Nadal Tour by Santander, que s&#8217;ha celebrat en el Club Rio Grande de Sevilla en la seua segona edici\u00f3.<\/h3>\n\n\n\n<figure class=\"wp-block-image size-large\"><img loading=\"lazy\" decoding=\"async\" width=\"1024\" height=\"997\" src=\"http:\/\/www.tucomarca.com\/wordpress\/segunda\/wp-content\/uploads\/2024\/02\/JavierBallesterTenista-1024x997.jpg\" alt=\"\" class=\"wp-image-212528\" srcset=\"https:\/\/tucomarca.whitekongsoftware.com\/wp-content\/uploads\/2024\/02\/JavierBallesterTenista-1024x997.jpg 1024w, https:\/\/tucomarca.whitekongsoftware.com\/wp-content\/uploads\/2024\/02\/JavierBallesterTenista-300x292.jpg 300w, https:\/\/tucomarca.whitekongsoftware.com\/wp-content\/uploads\/2024\/02\/JavierBallesterTenista-768x748.jpg 768w, https:\/\/tucomarca.whitekongsoftware.com\/wp-content\/uploads\/2024\/02\/JavierBallesterTenista-1536x1496.jpg 1536w, https:\/\/tucomarca.whitekongsoftware.com\/wp-content\/uploads\/2024\/02\/JavierBallesterTenista.jpg 1771w\" sizes=\"auto, (max-width: 1024px) 100vw, 1024px\" \/><\/figure>\n\n\n\n<p class=\"wp-block-paragraph\">El Club Rio Grande ha acollit en la localitat sevillana de Mairena de Aljarafe el segon torneig del circuit nacional juvenil\u00a0Rafa Nadal Tour by Santander, amb les vict\u00f2ries d&#8217;Anna Orlando i Adolfo Abascal en cadets, Irene Basalo i Toni Escarda en infantils, i Caterina L\u00f3pez Roig i \u00c1lvaro Monts\u00f3 en alevins.<\/p>\n\n\n\n<p class=\"wp-block-paragraph\">Despr\u00e9s d&#8217;aquesta cita esportiva a Sevilla, el jove tennista bunyolense de 13 anys Javier Ballester Galarza, que ha quedat finalista en la categoria sub-14, competir\u00e0 en la tercera etapa que se celebra en Valldoreix el mes vinent buscant aconseguir la seua participaci\u00f3 en el m\u00e0ster de Mallorca que es dur\u00e0 a terme a final d&#8217;any.<\/p>\n\n\n\n<p class=\"wp-block-paragraph\">El Rafa Nadal Tour by Santander s&#8217;ha convertit en el principal circuit de tenis juvenil del pa\u00eds, acollint a destacats tennistes juvenils durant 9 dies de competici\u00f3, al qual \u00e9s molt dif\u00edcil accedir perqu\u00e8 nom\u00e9s un ampli grup de talentosos esportistes han competit en aquest esdeveniment i de 96 participants, nom\u00e9s dos arriben a disputar la final.<\/p>\n\n\n\n<p class=\"wp-block-paragraph\">Aquest torneig \u00e9s reconegut pel seu comprom\u00eds solidari en destinar el valor complet de les inscripcions als projectes recolzats per la Fundaci\u00f3 Rafa Nadal, tant a Espanya com a l&#8217;\u00cdndia.&nbsp;<\/p>\n\n\n\n<p class=\"wp-block-paragraph\">En aquest torneig a m\u00e9s de destacar la destresa en el tenis,\u00a0s&#8217;emfatitza la import\u00e0ncia de l&#8217;actitud i el comportament exemplar dels participants, fomentant activitats que promouen valors que s&#8217;entrellacen amb la competici\u00f3. El mateix\u00a0Rafael Nadal ha assegurat que &#8220;la intenci\u00f3 no era crear un torneig m\u00e9s, sin\u00f3 un torneig amb alguna cosa m\u00e9s&#8221;<\/p>\n","protected":false},"excerpt":{"rendered":"<div class=\"mh-excerpt\">El bunyolense de 13 anys Javier Ballester Galarza ha quedat finalista en la categoria sub-14 del prestigi\u00f3s i m\u00e9s important torneig nacional de tenis juvenil: el Rafa Nadal Tour by Santander, que s&#8217;ha celebrat en <a class=\"mh-excerpt-more\" href=\"https:\/\/tucomarca.whitekongsoftware.com\/ca\/el-bunolense-de-13-anos-javier-ballester-galarza-finalista-en-la-categoria-sub-14-del-prestigioso-y-mas-importante-torneo-nacional-de-tenis-de-rafa-nadal\/\" title=\"El bunyolense de 13 anys Javier Ballester Galarza, finalista en la categoria sub-14 del prestigi\u00f3s i m\u00e9s important torneig nacional de tenis de Rafa Nadal\">[+] <\/a><\/div>\n","protected":false},"author":1,"featured_media":212529,"comment_status":"open","ping_status":"open","sticky":false,"template":"","format":"standard","meta":{"footnotes":""},"categories":[10911,11003,10894,10912,11009,10896],"tags":[10913,11074,10914,12392],"class_list":["post-212532","post","type-post","status-publish","format-standard","has-post-thumbnail","category-bunol-ca","category-sports","category-la-comarca-ca","category-la-hoya-ca","category-polideportivo-ca","category-seccion-ca","tag-bunol-ca","tag-deportes-ca","tag-la-hoya-de-bunol-chiva-ca","tag-tenis-ca"],"_links":{"self":[{"href":"https:\/\/tucomarca.whitekongsoftware.com\/ca\/wp-json\/wp\/v2\/posts\/212532","targetHints":{"allow":["GET"]}}],"collection":[{"href":"https:\/\/tucomarca.whitekongsoftware.com\/ca\/wp-json\/wp\/v2\/posts"}],"about":[{"href":"https:\/\/tucomarca.whitekongsoftware.com\/ca\/wp-json\/wp\/v2\/types\/post"}],"author":[{"embeddable":true,"href":"https:\/\/tucomarca.whitekongsoftware.com\/ca\/wp-json\/wp\/v2\/users\/1"}],"replies":[{"embeddable":true,"href":"https:\/\/tucomarca.whitekongsoftware.com\/ca\/wp-json\/wp\/v2\/comments?post=212532"}],"version-history":[{"count":0,"href":"https:\/\/tucomarca.whitekongsoftware.com\/ca\/wp-json\/wp\/v2\/posts\/212532\/revisions"}],"wp:featuredmedia":[{"embeddable":true,"href":"https:\/\/tucomarca.whitekongsoftware.com\/ca\/wp-json\/wp\/v2\/media\/212529"}],"wp:attachment":[{"href":"https:\/\/tucomarca.whitekongsoftware.com\/ca\/wp-json\/wp\/v2\/media?parent=212532"}],"wp:term":[{"taxonomy":"category","embeddable":true,"href":"https:\/\/tucomarca.whitekongsoftware.com\/ca\/wp-json\/wp\/v2\/categories?post=212532"},{"taxonomy":"post_tag","embeddable":true,"href":"https:\/\/tucomarca.whitekongsoftware.com\/ca\/wp-json\/wp\/v2\/tags?post=212532"}],"curies":[{"name":"wp","href":"https:\/\/api.w.org\/{rel}","templated":true}]}}