{"id":212472,"date":"2024-02-26T18:05:00","date_gmt":"2024-02-26T17:05:00","guid":{"rendered":"https:\/\/www.tucomarca.com\/wordpress\/segunda\/?p=212472"},"modified":"2024-02-26T19:49:15","modified_gmt":"2024-02-26T18:49:15","slug":"la-mancomunitat-de-linterior-terra-del-vi-presenta-el-seu-nou-canal-de-whatsapp-mitv-informa","status":"publish","type":"post","link":"https:\/\/tucomarca.whitekongsoftware.com\/ca\/la-mancomunitat-de-linterior-terra-del-vi-presenta-el-seu-nou-canal-de-whatsapp-mitv-informa\/","title":{"rendered":"La Mancomunitat de l&#8217;Interior Terra del Vi presenta el seu nou canal de WhatsApp \u201cMITV Informa\u201d"},"content":{"rendered":"\n<p class=\"wp-block-paragraph\">L&#8217;entitat estrena aquesta nova eina de comunicaci\u00f3 per a informar de manera immediata i directa a la ciutadania de la comarca sobre els serveis i actualitat de l&#8217;entitat i, especialment, del Programa d&#8217;Ocupaci\u00f3, Emprenedoria i Economia Social Adapt@+t<\/p>\n\n\n\n<figure class=\"wp-block-image size-large\"><img loading=\"lazy\" decoding=\"async\" width=\"1024\" height=\"576\" src=\"http:\/\/www.tucomarca.com\/wordpress\/segunda\/wp-content\/uploads\/2024\/02\/MITV-Informa-2-1024x576.jpg\" alt=\"\" class=\"wp-image-212467\" srcset=\"https:\/\/tucomarca.whitekongsoftware.com\/wp-content\/uploads\/2024\/02\/MITV-Informa-2-1024x576.jpg 1024w, https:\/\/tucomarca.whitekongsoftware.com\/wp-content\/uploads\/2024\/02\/MITV-Informa-2-300x169.jpg 300w, https:\/\/tucomarca.whitekongsoftware.com\/wp-content\/uploads\/2024\/02\/MITV-Informa-2-768x432.jpg 768w, https:\/\/tucomarca.whitekongsoftware.com\/wp-content\/uploads\/2024\/02\/MITV-Informa-2-678x381.jpg 678w, https:\/\/tucomarca.whitekongsoftware.com\/wp-content\/uploads\/2024\/02\/MITV-Informa-2.jpg 1400w\" sizes=\"auto, (max-width: 1024px) 100vw, 1024px\" \/><\/figure>\n\n\n\n<p class=\"wp-block-paragraph\">La Mancomunitat de l&#8217;Interior Terra del Vi (MITV) suma als seus mitjans habituals d&#8217;informaci\u00f3 el seu nou canal de WhatsApp, \u201cMITV Informa\u201d, amb l&#8217;objectiu d&#8217;acostar a la ciutadania de la comarca, de forma m\u00e9s immediata i directa, l&#8217;actualitat i els serveis que ofereix l&#8217;entitat.&nbsp;<br>Aquest nou canal de WhatsApp permetr\u00e0 que tota la informaci\u00f3 generada des de la MITV arribe directament als m\u00f2bils de les persones que comencen a seguir el canal. D&#8217;aquesta manera, avisos d&#8217;\u00faltima hora, serveis gratu\u00efts disponibles i informacions de servei p\u00fablic entorn de les \u00e0rees de gesti\u00f3 mancomunada arribaran de manera instant\u00e0nia i directa, de forma totalment gratu\u00efta i salvant la privacitat de les dades personals.&nbsp;<br>Aix\u00ed mateix, el canal posar\u00e0 especial \u00e8mfasi a difondre els serveis oferits pel Programa d&#8217;Ocupaci\u00f3, Emprenedoria i Economia Social Adapt@+t, l&#8217;equip t\u00e8cnic de la qual treballa en l&#8217;orientaci\u00f3 i intermediaci\u00f3 per a l&#8217;ocupaci\u00f3 a mesura, el foment i acompanyament de l&#8217;emprenedoria, la formaci\u00f3, aix\u00ed com en accions destinades a l&#8217;enfortiment empresarial en els sectors comarcals de l&#8217;Agricultura, el Comer\u00e7 i el Turisme.&nbsp;<br>Per a donar-se d&#8217;alta en \u201cMITV Informa\u201d nom\u00e9s \u00e9s necessari punxar en <a href=\"https:\/\/whatsapp.com\/channel\/0029VaHIt49EQIahN8dgoe19\">este enlace<\/a> i clicar l&#8217;opci\u00f3 de \u201cSeguir\u201d. A m\u00e9s, la web de la MITV, www.tierradelvino.es ha habilitat una p\u00e0gina espec\u00edfica on obtindre informaci\u00f3 d&#8217;aquest nou servei.&nbsp;<br>El canal \u201cMITV Informa se suma als mitjans d&#8217;informaci\u00f3 de l&#8217;entitat supramunicipal, com s\u00f3n la web www.tierradelvino.es i els seus perfils oficials en les xarxes socials Facebook, X (l&#8217;antiga Twitter) i Instagram.<\/p>\n","protected":false},"excerpt":{"rendered":"<div class=\"mh-excerpt\">L&#8217;entitat estrena aquesta nova eina de comunicaci\u00f3 per a informar de manera immediata i directa a la ciutadania de la comarca sobre els serveis i actualitat de l&#8217;entitat i, especialment, del Programa d&#8217;Ocupaci\u00f3, Emprenedoria i <a class=\"mh-excerpt-more\" href=\"https:\/\/tucomarca.whitekongsoftware.com\/ca\/la-mancomunitat-de-linterior-terra-del-vi-presenta-el-seu-nou-canal-de-whatsapp-mitv-informa\/\" title=\"La Mancomunitat de l&#8217;Interior Terra del Vi presenta el seu nou canal de WhatsApp \u201cMITV Informa\u201d\">[+] <\/a><\/div>\n","protected":false},"author":12,"featured_media":212470,"comment_status":"open","ping_status":"open","sticky":false,"template":"","format":"standard","meta":{"footnotes":""},"categories":[10948,10894,10909,10896],"tags":[20345,12387,20346,10910],"class_list":["post-212472","post","type-post","status-publish","format-standard","has-post-thumbnail","category-infraestructuras-ca","category-la-comarca-ca","category-requena-utiel-ca","category-seccion-ca","tag-canal-de-whatsapp-ca","tag-mancomunidad-del-interior-tierra-del-vino-ca","tag-mitv-informa-ca","tag-requena-utiel-ca"],"_links":{"self":[{"href":"https:\/\/tucomarca.whitekongsoftware.com\/ca\/wp-json\/wp\/v2\/posts\/212472","targetHints":{"allow":["GET"]}}],"collection":[{"href":"https:\/\/tucomarca.whitekongsoftware.com\/ca\/wp-json\/wp\/v2\/posts"}],"about":[{"href":"https:\/\/tucomarca.whitekongsoftware.com\/ca\/wp-json\/wp\/v2\/types\/post"}],"author":[{"embeddable":true,"href":"https:\/\/tucomarca.whitekongsoftware.com\/ca\/wp-json\/wp\/v2\/users\/12"}],"replies":[{"embeddable":true,"href":"https:\/\/tucomarca.whitekongsoftware.com\/ca\/wp-json\/wp\/v2\/comments?post=212472"}],"version-history":[{"count":0,"href":"https:\/\/tucomarca.whitekongsoftware.com\/ca\/wp-json\/wp\/v2\/posts\/212472\/revisions"}],"wp:featuredmedia":[{"embeddable":true,"href":"https:\/\/tucomarca.whitekongsoftware.com\/ca\/wp-json\/wp\/v2\/media\/212470"}],"wp:attachment":[{"href":"https:\/\/tucomarca.whitekongsoftware.com\/ca\/wp-json\/wp\/v2\/media?parent=212472"}],"wp:term":[{"taxonomy":"category","embeddable":true,"href":"https:\/\/tucomarca.whitekongsoftware.com\/ca\/wp-json\/wp\/v2\/categories?post=212472"},{"taxonomy":"post_tag","embeddable":true,"href":"https:\/\/tucomarca.whitekongsoftware.com\/ca\/wp-json\/wp\/v2\/tags?post=212472"}],"curies":[{"name":"wp","href":"https:\/\/api.w.org\/{rel}","templated":true}]}}