{"id":212350,"date":"2024-02-26T11:30:00","date_gmt":"2024-02-26T10:30:00","guid":{"rendered":"https:\/\/www.tucomarca.com\/wordpress\/segunda\/?p=212350"},"modified":"2024-02-26T11:45:05","modified_gmt":"2024-02-26T10:45:05","slug":"benaguasil-obri-les-inscripcions-per-a-assistir-a-lescola-de-pasqua","status":"publish","type":"post","link":"https:\/\/tucomarca.whitekongsoftware.com\/ca\/benaguasil-obri-les-inscripcions-per-a-assistir-a-lescola-de-pasqua\/","title":{"rendered":"Benaguasil obri les inscripcions per a assistir a l&#8217;Escola de Pasqua"},"content":{"rendered":"\n<h3 class=\"wp-block-heading\">Tindr\u00e0 lloc els dies 2, 3, 4 i 5 d&#8217;abril de 9 a 14 hores en el centre BClub.<\/h3>\n\n\n\n<h3 class=\"wp-block-heading\">Fins al 8 de mar\u00e7, les fam\u00edlies podran inscriure als seus fills\/as d&#8217;entre 3 i 14 anys.<\/h3>\n\n\n\n<p class=\"wp-block-paragraph\">L&#8217;Ajuntament de Benaguasil torna a oferir a les fam\u00edlies el servei municipal d&#8217;Escola de Pasqua, un projecte d&#8217;oci i temps lliure per als xiquets i xiquetes i que cada any ofereix el Consistori amb l&#8217;objectiu d&#8217;afavorir la conciliaci\u00f3 entre la vida laboral i la familiar durant les vacances escolars.<\/p>\n\n\n\n<p class=\"wp-block-paragraph\">L&#8217;Escola de Pasqua tindr\u00e0 lloc del 2 al 5 d&#8217;abril en el centre multifuncional BClub i est\u00e0 dirigida a xiquetes i xiquets de 3 a 14 anys, nascuts entre el 2010 i el 2021. L&#8217;horari ser\u00e0 de 9 a 14 hores, amb possibilitat de sol\u00b7licitar l&#8217;escola matinera per a poder adaptar-se a les necessitats de les fam\u00edlies.<\/p>\n\n\n\n<p class=\"wp-block-paragraph\">La inscripci\u00f3, que \u00e9s gratu\u00efta, podr\u00e0 realitzar-se des de hui fins al 8 de mar\u00e7 de manera presencial a l&#8217;Ajuntament en horari de 8h a 15h, o a trav\u00e9s de la seu electr\u00f2nica https:\/\/benaguasil.sede.dival.es\/<\/p>\n\n\n\n<p class=\"wp-block-paragraph\">Es tracta d&#8217;una iniciativa municipal equivalent a les organitzades a l&#8217;estiu i per Nadal per a facilitar a les fam\u00edlies conciliar la vida laboral i familiar, i als menors gaudir d&#8217;uns dies replets de jocs, activitats, tallers i manualitats.<\/p>\n\n\n\n<figure class=\"wp-block-image size-large\"><img loading=\"lazy\" decoding=\"async\" width=\"724\" height=\"1024\" src=\"http:\/\/www.tucomarca.com\/wordpress\/segunda\/wp-content\/uploads\/2024\/02\/Benaguasilescola-724x1024.jpg\" alt=\"\" class=\"wp-image-212344\" srcset=\"https:\/\/tucomarca.whitekongsoftware.com\/wp-content\/uploads\/2024\/02\/Benaguasilescola-724x1024.jpg 724w, https:\/\/tucomarca.whitekongsoftware.com\/wp-content\/uploads\/2024\/02\/Benaguasilescola-212x300.jpg 212w, https:\/\/tucomarca.whitekongsoftware.com\/wp-content\/uploads\/2024\/02\/Benaguasilescola-768x1086.jpg 768w, https:\/\/tucomarca.whitekongsoftware.com\/wp-content\/uploads\/2024\/02\/Benaguasilescola.jpg 886w\" sizes=\"auto, (max-width: 724px) 100vw, 724px\" \/><\/figure>\n","protected":false},"excerpt":{"rendered":"<div class=\"mh-excerpt\">Tindr\u00e0 lloc els dies 2, 3, 4 i 5 d&#8217;abril de 9 a 14 hores en el centre BClub. Fins al 8 de mar\u00e7, les fam\u00edlies podran inscriure als seus fills\/as d&#8217;entre 3 i 14 <a class=\"mh-excerpt-more\" href=\"https:\/\/tucomarca.whitekongsoftware.com\/ca\/benaguasil-obri-les-inscripcions-per-a-assistir-a-lescola-de-pasqua\/\" title=\"Benaguasil obri les inscripcions per a assistir a l&#8217;Escola de Pasqua\">[+] <\/a><\/div>\n","protected":false},"author":12,"featured_media":212345,"comment_status":"open","ping_status":"open","sticky":false,"template":"","format":"standard","meta":{"footnotes":""},"categories":[11019,10952,10892,10894,11007,10896],"tags":[11136,10899,18950],"class_list":["post-212350","post","type-post","status-publish","format-standard","has-post-thumbnail","category-agenda-ca","category-benaguasil-ca","category-camp-de-turia-ca","category-la-comarca-ca","category-ocio-y-cultura-ca","category-seccion-ca","tag-benaguasil-ca","tag-camp-de-turia-ca","tag-escuela-de-pascua-ca"],"_links":{"self":[{"href":"https:\/\/tucomarca.whitekongsoftware.com\/ca\/wp-json\/wp\/v2\/posts\/212350","targetHints":{"allow":["GET"]}}],"collection":[{"href":"https:\/\/tucomarca.whitekongsoftware.com\/ca\/wp-json\/wp\/v2\/posts"}],"about":[{"href":"https:\/\/tucomarca.whitekongsoftware.com\/ca\/wp-json\/wp\/v2\/types\/post"}],"author":[{"embeddable":true,"href":"https:\/\/tucomarca.whitekongsoftware.com\/ca\/wp-json\/wp\/v2\/users\/12"}],"replies":[{"embeddable":true,"href":"https:\/\/tucomarca.whitekongsoftware.com\/ca\/wp-json\/wp\/v2\/comments?post=212350"}],"version-history":[{"count":0,"href":"https:\/\/tucomarca.whitekongsoftware.com\/ca\/wp-json\/wp\/v2\/posts\/212350\/revisions"}],"wp:featuredmedia":[{"embeddable":true,"href":"https:\/\/tucomarca.whitekongsoftware.com\/ca\/wp-json\/wp\/v2\/media\/212345"}],"wp:attachment":[{"href":"https:\/\/tucomarca.whitekongsoftware.com\/ca\/wp-json\/wp\/v2\/media?parent=212350"}],"wp:term":[{"taxonomy":"category","embeddable":true,"href":"https:\/\/tucomarca.whitekongsoftware.com\/ca\/wp-json\/wp\/v2\/categories?post=212350"},{"taxonomy":"post_tag","embeddable":true,"href":"https:\/\/tucomarca.whitekongsoftware.com\/ca\/wp-json\/wp\/v2\/tags?post=212350"}],"curies":[{"name":"wp","href":"https:\/\/api.w.org\/{rel}","templated":true}]}}